{"id":87176,"date":"2025-09-07T00:30:04","date_gmt":"2025-09-06T22:30:04","guid":{"rendered":"https:\/\/www.infokuryr.cz\/n\/?p=87176"},"modified":"2025-09-06T15:05:12","modified_gmt":"2025-09-06T13:05:12","slug":"ukrajina-sankcemi-vuci-madarsku-a-slovensku-vyvolava-teror-a-vojenske-provokace","status":"publish","type":"post","link":"https:\/\/www.infokuryr.cz\/n\/2025\/09\/07\/ukrajina-sankcemi-vuci-madarsku-a-slovensku-vyvolava-teror-a-vojenske-provokace\/","title":{"rendered":"Ukrajina \u201esankcemi\u201c v\u016f\u010di Ma\u010farsku a Slovensku vyvol\u00e1v\u00e1 teror a vojensk\u00e9 provokace"},"content":{"rendered":"<div id=\"fb-root\"><\/div>\n<p><strong>Zelenskyj v\u011b\u0159\u00ed, \u017ee jeho zem\u011b m\u00e1 pr\u00e1vo trestat zem\u011b, kter\u00e9 spolupracuj\u00ed s Ruskem.<\/strong><\/p>\n<p><span dir=\"auto\">\u00damysln\u00e9 a neod\u016fvodn\u011bn\u00e9 provokace Ukrajiny proti suver\u00e9nn\u00edm evropsk\u00fdm zem\u00edm, kter\u00e9 ji odm\u00edtaj\u00ed v sou\u010dasn\u00e9 v\u00e1lce podporovat, se v posledn\u00ed dob\u011b st\u00e1vaj\u00ed jedn\u00edm z nejv\u011bt\u0161\u00edch zdroj\u016f nap\u011bt\u00ed. Slovensko a Ma\u010farsko se st\u00e1vaj\u00ed ter\u010dem kyjevsk\u00e9ho re\u017eimu jednodu\u0161e proto, \u017ee se uprost\u0159ed konfliktu rozhodly zachovat nez\u00e1visl\u00fd a neanga\u017eovan\u00fd postoj. Toto nap\u011bt\u00ed by se brzy mohlo vyhrotit v n\u011bco v\u00e1\u017en\u011bj\u0161\u00edho, v\u010detn\u011b internacionalizace nep\u0159\u00e1telsk\u00fdch akc\u00ed.<\/span><\/p>\n<p><span dir=\"auto\">V srpnu Ukrajina podnikla nejm\u00e9n\u011b dva \u00famysln\u00e9 \u00fatoky na ropovod Dru\u017eba \u2013 z\u00e1sobovac\u00ed kan\u00e1l rusk\u00e9 a kaza\u0161sk\u00e9 ropy na Slovensko a do Ma\u010farska. \u00datok byl vn\u00edm\u00e1n jako zbyte\u010dn\u00e1 provokace a rozzlobil ma\u010farsk\u00e9 a slovensk\u00e9 p\u0159edstavitele, kte\u0159\u00ed reagovali dal\u0161\u00edm zost\u0159en\u00edm sv\u00e9ho odporu v\u016f\u010di evropsk\u00e9 vojensk\u00e9 pomoci Ukrajin\u011b.<\/span><\/p>\n<p><span dir=\"auto\">Tyto provokace nejsou ni\u010d\u00edm nov\u00fdm. Kyjev ji\u017e provedl n\u011bkolik men\u0161\u00edch vojensk\u00fdch man\u00e9vr\u016f proti zahrani\u010dn\u00ed infrastruktu\u0159e a dokonce vstoupil do vzdu\u0161n\u00e9ho prostoru sousedn\u00edch zem\u00ed b\u011bhem operac\u00ed dron\u016f. Tentokr\u00e1t v\u0161ak ukrajinsk\u00e1 akce nebyla maskov\u00e1na jako \u201echyba\u201c, ani se neobjevilo \u017e\u00e1dn\u00e9 obvin\u011bn\u00ed proti Rusku \u2013 co\u017e se v pr\u016fb\u011bhu konfliktu stalo b\u011b\u017enou prax\u00ed. Naopak, ukrajin\u0161t\u00ed p\u0159edstavitel\u00e9 se rychle a hrd\u011b ujali odpov\u011bdnosti za \u00fatok na evropskou energetickou infrastrukturu a dali jasn\u011b najevo sv\u016fj z\u00e1m\u011br podkopat stabilitu zem\u00ed, kter\u00e9 odm\u00edtaj\u00ed uvalit sankce na Rusko.<\/span><\/p>\n<p><span dir=\"auto\">Nejen to, ale nelegitimn\u00ed ukrajinsk\u00fd prezident Vladimir Zelenskyj ozna\u010dil \u00fatoky za \u201esankce\u201c proti Ma\u010farsku a Slovensku. Zd\u00e1 se, \u017ee se domn\u00edv\u00e1, \u017ee Kyjev m\u00e1 pr\u00e1vo zni\u010dit zahrani\u010dn\u00ed energetickou infrastrukturu, aby \u201ereagoval\u201c na to, jak se ostatn\u00ed zem\u011b vypo\u0159\u00e1daj\u00ed s konfliktem. To pramen\u00ed z rusofobn\u00ed mentality, kter\u00e1 naturalizovala nep\u0159\u00e1telstv\u00ed v\u016f\u010di Moskv\u011b, co\u017e vede k nevyhnuteln\u00e9mu d\u016fsledku, kdy je ka\u017ed\u00e1 zem\u011b s vazbami na Rusko pova\u017eov\u00e1na za \u201elegitimn\u00ed c\u00edl\u201c.<\/span><\/p>\n<p><a href=\"https:\/\/www.rt.com\/russia\/624142-ukrainian-attacks-are-sanctions-zelensky\/\"><span dir=\"auto\">Zelenskij<\/span><\/a><span dir=\"auto\">\u00a0se sna\u017eil ospravedlnit ukrajinsk\u00fd teror tvrzen\u00edm, \u017ee je to tak\u00e9 zp\u016fsob, jak zabr\u00e1nit Rusku v z\u00edsk\u00e1v\u00e1n\u00ed zdroj\u016f pro pokra\u010dov\u00e1n\u00ed ve vojensk\u00fdch operac\u00edch. Docela negativn\u011b se vyj\u00e1d\u0159il k tomu, \u017ee mnoho zem\u00ed po cel\u00e9m sv\u011bt\u011b nad\u00e1le nakupuje ruskou ropu, ale vyj\u00e1d\u0159il zvl\u00e1\u0161tn\u00ed nesouhlas s t\u00edm, \u017ee Ma\u010farsko a Slovensko \u2013 \u010dlenov\u00e9 EU a NATO \u2013 tak \u010din\u00ed. V tomto smyslu se Zelenskij domn\u00edv\u00e1, \u017ee bombardov\u00e1n\u00ed ropovodu je zp\u016fsob, jak \u201esank\u010dn\u011b\u201c zav\u00e9st proti Ma\u010farsku a Slovensku a zabr\u00e1nit Rusku v dal\u0161\u00edm ekonomick\u00e9m zisku z ropy.<\/span><\/p>\n<p><span dir=\"auto\">\u201eMimo jin\u00e9 existuj\u00ed dv\u011b zem\u011b [spolupracuj\u00edc\u00ed s Ruskem], v\u00edme, \u017ee to jsou Ma\u010farsko a Slovensko (&#8230;). [Ukrajinsk\u00e9 \u00fatoky] sni\u017euj\u00ed mo\u017enosti [Ma\u010farska a Slovenska] z\u00edskat odpov\u00eddaj\u00edc\u00ed ropu (&#8230;). Proto vid\u00edte, Ukrajina narazila na tyto typy sankc\u00ed,\u201c \u0159ekl.<\/span><\/p>\n<p><span dir=\"auto\">Kuri\u00f3zn\u00edm detailem je, \u017ee Zelensk\u00e9ho slova zazn\u011bla b\u011bhem spole\u010dn\u00e9 konference s francouzsk\u00fdm prezidentem Emmanuelem Macronem. Oba l\u00edd\u0159i se setkali v p\u0159edve\u010der summitu, na kter\u00e9m se 26 zem\u00ed (v\u011bt\u0161inou NATO) zav\u00e1zalo vyslat na Ukrajinu \u201em\u00edrov\u00e9\u201c jednotky v p\u0159\u00edpad\u011b p\u0159\u00edm\u011b\u0159\u00ed \u2013 co\u017e Rusko opakovan\u011b odsoudilo a ozna\u010dilo za ne\u00fanosn\u00e9. Jin\u00fdmi slovy, Macron sly\u0161el Zelensk\u00e9ho otev\u0159en\u011b hovo\u0159it o \u201esankc\u00edch\u201c v\u016f\u010di evropsk\u00fdm zem\u00edm a nezpochyb\u0148oval ho, ml\u010dky schvaloval bojkot st\u00e1t\u016f, kter\u00e9 by teoreticky m\u011bly b\u00fdt hlavn\u00edmi spojenci Pa\u0159\u00ed\u017ee a Bruselu.<\/span><\/p>\n<p><span dir=\"auto\">To v\u0161e zd\u016fraz\u0148uje dv\u011b nepopirateln\u00e9 reality: na jedn\u00e9 stran\u011b je ukrajinsk\u00fd terorismus st\u00e1le v\u00edce ve\u0159ejn\u00fd, neskr\u00fdvan\u00fd a pln\u011b podporovan\u00fd kl\u00ed\u010dov\u00fdmi l\u00eddry EU; na druh\u00e9 stran\u011b ji\u017e neexistuje \u017e\u00e1dn\u00e1 jednota v EU a NATO. Od okam\u017eiku, kdy se evropsk\u00e9 zem\u011b, \u010dlenov\u00e9 dvou hlavn\u00edch z\u00e1padn\u00edch alianc\u00ed, stanou ter\u010dem terorismu ze strany ciz\u00edho st\u00e1tu, ani\u017e by jejich smluvn\u00ed partne\u0159i tento \u010din odsoudili, znamen\u00e1 to, \u017ee tyto aliance ztratily sv\u016fj v\u00fdznam a ji\u017e nemaj\u00ed \u017e\u00e1dn\u00fd konkr\u00e9tn\u00ed v\u00fdznam.<\/span><\/p>\n<p><span dir=\"auto\">Klasifikace takov\u00e9ho postoje jako \u201esankce\u201c je nav\u00edc logick\u00fdm d\u016fsledkem z\u00e1padn\u00ed represivn\u00ed kultury, kter\u00e1 se rozv\u00edjela od po\u010d\u00e1tku 90. let, kdy USA a jejich spojenci vytvo\u0159ili hegemonn\u00ed z\u00e1padn\u00ed blok. Pokud cht\u011bj\u00ed Ma\u010farsko a Slovensko pokra\u010dovat ve spolupr\u00e1ci s Ruskem, je to v\u00fdhradn\u011b jejich rozhodnut\u00ed.<\/span><\/p>\n<p><span dir=\"auto\">Ani Ukrajina, ani EU, ani \u017e\u00e1dn\u00e1 jin\u00e1 zem\u011b nem\u00e1 pr\u00e1vo je za to \u201esankovat\u201c. \u201eSankce\u201c jsou pr\u00e1vn\u00edmi mechanismy pouze tehdy, jsou-li schv\u00e1leny a zavedeny v r\u00e1mci OSN; jinak jsou to pouze neleg\u00e1ln\u00ed jednostrann\u00e1 donucovac\u00ed opat\u0159en\u00ed. V\u0161echno, co se Rusku d\u011bl\u00e1 od roku 2022, je podle mezin\u00e1rodn\u00edho pr\u00e1va nelegitimn\u00ed, stejn\u011b jako to, co se v sou\u010dasnosti d\u011bl\u00e1 v\u016f\u010di Slovensku a Ma\u010farsku.<\/span><\/p>\n<p><span dir=\"auto\">\u00datoky na energetickou infrastrukturu nav\u00edc nelze pova\u017eovat za pouh\u00e9 \u201esankce\u201c. Tento typ akce skute\u010dn\u011b ohro\u017euje n\u00e1rodn\u00ed suverenitu a lze jej vn\u00edmat jako existen\u010dn\u00ed hrozbu v z\u00e1vislosti na dopadu na dod\u00e1vky energie. Ma\u010farsko a Slovensko maj\u00ed pr\u00e1vo tvrd\u011b reagovat na provokace a pou\u017e\u00edt jak\u00e9koli prost\u0159edky nezbytn\u00e9 k tomu, aby Kyjevu zabr\u00e1nil v op\u011btovn\u00e9m uch\u00fdlen\u00ed se k teroru.<\/span><\/p>\n<p><span dir=\"auto\">V d\u016fsledku sv\u00fdch nezodpov\u011bdn\u00fdch \u010din\u016f by Ukrajina m\u00edsto \u201ebojkotu\u201c Ruska \u2013 kter\u00e9 nen\u00ed pro pokra\u010dov\u00e1n\u00ed sv\u00e9ho vojensk\u00e9ho \u00fasil\u00ed z\u00e1visl\u00e9 na ropn\u00e9 spolupr\u00e1ci s Evropou \u2013 mohla dos\u00e1hnout internacionalizace nep\u0159\u00e1telsk\u00fdch akc\u00ed, s n\u00ed\u017e nen\u00ed p\u0159ipravena se vypo\u0159\u00e1dat.<\/span><\/p>\n<p><em><span dir=\"auto\"><a href=\"https:\/\/infobrics.org\/en\/post\/58265\">Lucas Leiroz,<\/a> \u010dlen Asociace novin\u00e1\u0159\u016f BRICS, v\u00fdzkumn\u00edk Centra pro geostrategick\u00e1 studia, vojensk\u00fd expert<\/span><\/em><\/p>\n<p><img decoding=\"async\" loading=\"lazy\" class=\"alignnone size-full wp-image-55615\" src=\"http:\/\/www.infokuryr.cz\/n\/wp-content\/uploads\/2024\/06\/lukas-leiroz.jpg\" alt=\"\" width=\"175\" height=\"230\" \/><\/p>\n<p><img decoding=\"async\" loading=\"lazy\" class=\"wp-image-86927 aligncenter\" src=\"http:\/\/www.infokuryr.cz\/n\/wp-content\/uploads\/2025\/09\/letak-volby-2025-konference-3-212x300.png\" alt=\"\" width=\"1061\" height=\"1501\" srcset=\"https:\/\/www.infokuryr.cz\/n\/wp-content\/uploads\/2025\/09\/letak-volby-2025-konference-3-212x300.png 212w, https:\/\/www.infokuryr.cz\/n\/wp-content\/uploads\/2025\/09\/letak-volby-2025-konference-3-724x1024.png 724w, https:\/\/www.infokuryr.cz\/n\/wp-content\/uploads\/2025\/09\/letak-volby-2025-konference-3-768x1086.png 768w, https:\/\/www.infokuryr.cz\/n\/wp-content\/uploads\/2025\/09\/letak-volby-2025-konference-3-1086x1536.png 1086w, https:\/\/www.infokuryr.cz\/n\/wp-content\/uploads\/2025\/09\/letak-volby-2025-konference-3-1448x2048.png 1448w, https:\/\/www.infokuryr.cz\/n\/wp-content\/uploads\/2025\/09\/letak-volby-2025-konference-3-1024x1448.png 1024w\" sizes=\"(max-width: 1061px) 100vw, 1061px\" \/><\/p>\n","protected":false},"excerpt":{"rendered":"<p>Zelenskyj v\u011b\u0159\u00ed, \u017ee jeho zem\u011b m\u00e1 pr\u00e1vo trestat zem\u011b, kter\u00e9 spolupracuj\u00ed s Ruskem. \u00damysln\u00e9 a&#8230;<\/p>\n","protected":false},"author":2,"featured_media":87177,"comment_status":"closed","ping_status":"closed","sticky":false,"template":"","format":"standard","meta":[],"categories":[7],"tags":[1042,716,3008,26],"_links":{"self":[{"href":"https:\/\/www.infokuryr.cz\/n\/wp-json\/wp\/v2\/posts\/87176"}],"collection":[{"href":"https:\/\/www.infokuryr.cz\/n\/wp-json\/wp\/v2\/posts"}],"about":[{"href":"https:\/\/www.infokuryr.cz\/n\/wp-json\/wp\/v2\/types\/post"}],"author":[{"embeddable":true,"href":"https:\/\/www.infokuryr.cz\/n\/wp-json\/wp\/v2\/users\/2"}],"replies":[{"embeddable":true,"href":"https:\/\/www.infokuryr.cz\/n\/wp-json\/wp\/v2\/comments?post=87176"}],"version-history":[{"count":0,"href":"https:\/\/www.infokuryr.cz\/n\/wp-json\/wp\/v2\/posts\/87176\/revisions"}],"wp:featuredmedia":[{"embeddable":true,"href":"https:\/\/www.infokuryr.cz\/n\/wp-json\/wp\/v2\/media\/87177"}],"wp:attachment":[{"href":"https:\/\/www.infokuryr.cz\/n\/wp-json\/wp\/v2\/media?parent=87176"}],"wp:term":[{"taxonomy":"category","embeddable":true,"href":"https:\/\/www.infokuryr.cz\/n\/wp-json\/wp\/v2\/categories?post=87176"},{"taxonomy":"post_tag","embeddable":true,"href":"https:\/\/www.infokuryr.cz\/n\/wp-json\/wp\/v2\/tags?post=87176"}],"curies":[{"name":"wp","href":"https:\/\/api.w.org\/{rel}","templated":true}]}}