{"id":8717,"date":"2022-03-01T03:09:22","date_gmt":"2022-03-01T02:09:22","guid":{"rendered":"http:\/\/www.infokuryr.cz\/n\/?p=8717"},"modified":"2022-03-01T03:09:22","modified_gmt":"2022-03-01T02:09:22","slug":"nato-je-pricinou-ukrajinske-krize","status":"publish","type":"post","link":"https:\/\/www.infokuryr.cz\/n\/2022\/03\/01\/nato-je-pricinou-ukrajinske-krize\/","title":{"rendered":"NATO je p\u0159\u00ed\u010dinou ukrajinsk\u00e9 krize"},"content":{"rendered":"<div id=\"fb-root\"><\/div>\n<p>B\u00fdval\u00fd n\u00e1m\u011bstek gener\u00e1ln\u00edho tajemn\u00edka OSN a italsk\u00fd sociolog Pino Arlacchi v sobotu p\u0159i rozhovoru s novin\u00e1\u0159em CMG (China Media Group) ohledn\u011b speci\u00e1ln\u00ed vojensk\u00e9 operace Ruska na Ukrajin\u011b pouk\u00e1zal na to, \u017ee NATO je p\u0159\u00ed\u010dinou sou\u010dasn\u00e9 situace na Ukrajin\u011b. Z\u00e1kladn\u00ed zp\u016fsob pro \u0159e\u0161en\u00ed t\u00e9to ot\u00e1zky vlastn\u00ed evropsk\u00e9 zem\u011b. N\u00e1sleduje konkr\u00e9tn\u00ed report\u00e1\u017e od novin\u00e1\u0159e na\u0161eho rozhlasu Yin Xina (Jin Sin) z It\u00e1lie.<\/p>\n<p>Pino Arlacchi \u0159ekl, \u017ee od obdob\u00ed Napoleona Rusko st\u00e1le pova\u017euje agresi ze z\u00e1padu za hlavn\u00ed hrozbu. Po rozpadu Sov\u011btsk\u00e9ho svazu dostalo Rusko z\u00e1ruku, \u017ee se NATO nebude roz\u0161i\u0159ovat na v\u00fdchod. Av\u0161ak NATO pokra\u010dovalo v expanzi a\u017e k hranic\u00edm Ruska, co\u017e je d\u016fvodem rusk\u00e9 vojensk\u00e9 operace na Ukrajin\u011b.<\/p>\n<p>Pino Arlacchi uvedl: \u201eP\u0159\u00ed\u010dina ukrajinsk\u00e9 krize je nep\u0159etr\u017eit\u00e1 expanze NATO a\u017e k rusk\u00e9 hranici, co\u017e vyvolalo obavy Ruska a vedlo k jeho vojensk\u00e9 operaci. \u0158ekl jsem, \u017ee je to probl\u00e9m trvaj\u00edc\u00ed v\u00edce ne\u017e 30 let. Po rozpadu Sov\u011btsk\u00e9ho svazu Rusko dostalo z\u00e1ruku, \u017ee NATO se nebude roz\u0161i\u0159ovat na v\u00fdchod. Av\u0161ak NATO pokra\u010dovalo v expanzi. N\u011bkter\u00e9 sousedn\u00ed zem\u011b Ruska se staly \u010dleny NATO a Rusko uvedlo, \u017ee to je nep\u0159ijateln\u00e9.\u201c<\/p>\n<p>V posledn\u00edch dnech z\u00e1padn\u00ed zem\u011b ozn\u00e1mily sankce proti Rusku, kter\u00e9 zhor\u0161ily velk\u00fd tlak inflace v hlavn\u00edch z\u00e1padn\u00edch zem\u00edch. Arlacchi se domn\u00edv\u00e1, \u017ee tyto sankce p\u0159inesou v\u00edce d\u016fsledk\u016f t\u011bmto zem\u00edm ne\u017e Rusku.<\/p>\n<p>Pino Arlacchi tak\u00e9 obzvl\u00e1\u0161t\u011b pouk\u00e1zal na to, \u017ee z\u00e1kladn\u00ed zp\u016fsob k \u0159e\u0161en\u00ed t\u00e9to ot\u00e1zky vlastn\u00ed evropsk\u00e9 zem\u011b.<\/p>\n<p><img decoding=\"async\" loading=\"lazy\" class=\"alignnone size-full wp-image-1185\" src=\"http:\/\/www.infokuryr.cz\/n\/wp-content\/uploads\/2021\/04\/kuryr-podpis.png\" alt=\"\" width=\"84\" height=\"24\" \/><\/p>\n<p>&nbsp;<\/p>\n","protected":false},"excerpt":{"rendered":"<p>B\u00fdval\u00fd n\u00e1m\u011bstek gener\u00e1ln\u00edho tajemn\u00edka OSN a italsk\u00fd sociolog Pino Arlacchi v sobotu p\u0159i rozhovoru s&#8230;<\/p>\n","protected":false},"author":2,"featured_media":8718,"comment_status":"closed","ping_status":"closed","sticky":false,"template":"","format":"standard","meta":[],"categories":[7],"tags":[371,39,26],"_links":{"self":[{"href":"https:\/\/www.infokuryr.cz\/n\/wp-json\/wp\/v2\/posts\/8717"}],"collection":[{"href":"https:\/\/www.infokuryr.cz\/n\/wp-json\/wp\/v2\/posts"}],"about":[{"href":"https:\/\/www.infokuryr.cz\/n\/wp-json\/wp\/v2\/types\/post"}],"author":[{"embeddable":true,"href":"https:\/\/www.infokuryr.cz\/n\/wp-json\/wp\/v2\/users\/2"}],"replies":[{"embeddable":true,"href":"https:\/\/www.infokuryr.cz\/n\/wp-json\/wp\/v2\/comments?post=8717"}],"version-history":[{"count":0,"href":"https:\/\/www.infokuryr.cz\/n\/wp-json\/wp\/v2\/posts\/8717\/revisions"}],"wp:featuredmedia":[{"embeddable":true,"href":"https:\/\/www.infokuryr.cz\/n\/wp-json\/wp\/v2\/media\/8718"}],"wp:attachment":[{"href":"https:\/\/www.infokuryr.cz\/n\/wp-json\/wp\/v2\/media?parent=8717"}],"wp:term":[{"taxonomy":"category","embeddable":true,"href":"https:\/\/www.infokuryr.cz\/n\/wp-json\/wp\/v2\/categories?post=8717"},{"taxonomy":"post_tag","embeddable":true,"href":"https:\/\/www.infokuryr.cz\/n\/wp-json\/wp\/v2\/tags?post=8717"}],"curies":[{"name":"wp","href":"https:\/\/api.w.org\/{rel}","templated":true}]}}