{"id":8715,"date":"2022-03-01T03:06:46","date_gmt":"2022-03-01T02:06:46","guid":{"rendered":"http:\/\/www.infokuryr.cz\/n\/?p=8715"},"modified":"2022-03-01T03:06:46","modified_gmt":"2022-03-01T02:06:46","slug":"ukrajinsti-uprchlici-dorazili-do-varsavy","status":"publish","type":"post","link":"https:\/\/www.infokuryr.cz\/n\/2022\/03\/01\/ukrajinsti-uprchlici-dorazili-do-varsavy\/","title":{"rendered":"Ukrajin\u0161t\u00ed uprchl\u00edci dorazili do Var\u0161avy"},"content":{"rendered":"<div id=\"fb-root\"><\/div>\n<p>27. \u00fanora m\u00edstn\u00edho \u010dasu dorazili autobusem do polsk\u00e9ho hlavn\u00edho m\u011bsta Var\u0161avy n\u011bkte\u0159\u00ed ukrajin\u0161t\u00ed uprchl\u00edci, z nich\u017e v\u011bt\u0161ina jsou \u017eeny, senio\u0159i a d\u011bti.<\/p>\n<p>Podle statistik polsk\u00e9ho pohrani\u010dn\u00edho \u00fa\u0159adu se od n\u00e1hl\u00e9 zm\u011bny situace na Ukrajin\u011b do Polska dostalo u\u017e v\u00edce ne\u017e 210 tis\u00edc lid\u00ed. Jen v ned\u011bli (27. \u00fanora) p\u0159ekro\u010dilo hranici do Polska t\u00e9m\u011b\u0159 60 tis\u00edc uprchl\u00edk\u016f.<\/p>\n<p class=\"pcenter\"><img decoding=\"async\" src=\"https:\/\/mim-img0.cctv.cn\/images\/zhycms_czech\/20220228\/0cc0f074-bf03-42c7-a395-cda059f181f6.jpg?x-oss-process=image\/quality,q_90\/resize,w_650\" width=\"650\" \/><\/p>\n<p class=\"pcenter\"><img decoding=\"async\" src=\"https:\/\/mim-img1.cctv.cn\/images\/zhycms_czech\/20220228\/1dab73c1-13e7-48a7-a5fc-227d6294297f.jpg?x-oss-process=image\/quality,q_90\/resize,w_650\" width=\"650\" \/><\/p>\n<p class=\"pcenter\"><img decoding=\"async\" src=\"https:\/\/mim-img1.cctv.cn\/images\/zhycms_czech\/20220228\/46767491-eb07-413b-8149-7f21fa0786ef.png?x-oss-process=image\/quality,q_90\/resize,w_650\" width=\"650\" \/><\/p>\n<p>Fotky poskytnul Krzysztof Farion.<\/p>\n<p><img decoding=\"async\" loading=\"lazy\" class=\"alignnone size-full wp-image-1185\" src=\"http:\/\/www.infokuryr.cz\/n\/wp-content\/uploads\/2021\/04\/kuryr-podpis.png\" alt=\"\" width=\"84\" height=\"24\" \/><\/p>\n<p>&nbsp;<\/p>\n","protected":false},"excerpt":{"rendered":"<p>27. \u00fanora m\u00edstn\u00edho \u010dasu dorazili autobusem do polsk\u00e9ho hlavn\u00edho m\u011bsta Var\u0161avy n\u011bkte\u0159\u00ed ukrajin\u0161t\u00ed uprchl\u00edci, z&#8230;<\/p>\n","protected":false},"author":2,"featured_media":8716,"comment_status":"closed","ping_status":"closed","sticky":false,"template":"","format":"standard","meta":[],"categories":[7],"tags":[31,26,148,733],"_links":{"self":[{"href":"https:\/\/www.infokuryr.cz\/n\/wp-json\/wp\/v2\/posts\/8715"}],"collection":[{"href":"https:\/\/www.infokuryr.cz\/n\/wp-json\/wp\/v2\/posts"}],"about":[{"href":"https:\/\/www.infokuryr.cz\/n\/wp-json\/wp\/v2\/types\/post"}],"author":[{"embeddable":true,"href":"https:\/\/www.infokuryr.cz\/n\/wp-json\/wp\/v2\/users\/2"}],"replies":[{"embeddable":true,"href":"https:\/\/www.infokuryr.cz\/n\/wp-json\/wp\/v2\/comments?post=8715"}],"version-history":[{"count":0,"href":"https:\/\/www.infokuryr.cz\/n\/wp-json\/wp\/v2\/posts\/8715\/revisions"}],"wp:featuredmedia":[{"embeddable":true,"href":"https:\/\/www.infokuryr.cz\/n\/wp-json\/wp\/v2\/media\/8716"}],"wp:attachment":[{"href":"https:\/\/www.infokuryr.cz\/n\/wp-json\/wp\/v2\/media?parent=8715"}],"wp:term":[{"taxonomy":"category","embeddable":true,"href":"https:\/\/www.infokuryr.cz\/n\/wp-json\/wp\/v2\/categories?post=8715"},{"taxonomy":"post_tag","embeddable":true,"href":"https:\/\/www.infokuryr.cz\/n\/wp-json\/wp\/v2\/tags?post=8715"}],"curies":[{"name":"wp","href":"https:\/\/api.w.org\/{rel}","templated":true}]}}