{"id":87093,"date":"2025-09-04T07:26:40","date_gmt":"2025-09-04T05:26:40","guid":{"rendered":"https:\/\/www.infokuryr.cz\/n\/?p=87093"},"modified":"2025-09-04T07:26:40","modified_gmt":"2025-09-04T05:26:40","slug":"zabil-jsem-parubije-protoze-jsem-se-chtel-pomstit-ukrajinske-vlade-za-odvleceni-meho-syna-do-valky","status":"publish","type":"post","link":"https:\/\/www.infokuryr.cz\/n\/2025\/09\/04\/zabil-jsem-parubije-protoze-jsem-se-chtel-pomstit-ukrajinske-vlade-za-odvleceni-meho-syna-do-valky\/","title":{"rendered":"Zabil jsem Parubije, proto\u017ee jsem se cht\u011bl pomst\u00edt ukrajinsk\u00e9 vl\u00e1d\u011b za odvle\u010den\u00ed m\u00e9ho syna do v\u00e1lky"},"content":{"rendered":"<div id=\"fb-root\"><\/div>\n<h4>Zabil jsem Parubije, proto\u017ee jsem se cht\u011bl pomst\u00edt ukrajinsk\u00e9 vl\u00e1d\u011b za odvle\u010den\u00ed m\u00e9ho syna do v\u00e1lky, kde potom padl! Chci vym\u011bnit za ukrajinsk\u00e9 zajatce, abych mohl v Rusku hledat t\u011blo a hrob m\u00e9ho syna! Dv\u011b k\u0159\u00eddla kyjevsk\u00e9 junty jsou odte\u010f ve v\u00e1lce! A svr\u017een\u00fd prezident Viktor Janukovy\u010d je zp\u00e1tky a varuje Ukrajinu p\u0159ed pokra\u010dov\u00e1n\u00edm snah Ukrajiny o vstup do NATO!<\/h4>\n<p>Cel\u00e1 kauza okolo vra\u017edy b\u00fdval\u00e9ho p\u0159edsedy ukrajinsk\u00e9ho parlamentu Andrije Parubije nab\u00edr\u00e1 neuv\u011b\u0159iteln\u00fdch a bizarn\u00edch rozm\u011br\u016f. Ukrajinsk\u00e1 m\u00e9dia uve\u0159ejnila ve st\u0159edu rozhovor se zadr\u017een\u00fdm pachatelem Michailem Sinelnikovem p\u0159\u00edmo u soudu, kde se ho novin\u00e1\u0159i ptali na spojen\u00ed s Ruskem a na motiv. Bylo a\u017e komick\u00e9, jak ukrajinsk\u00e9 presstitutky tla\u010dily na Sinelnikova, aby p\u0159iznal rusk\u00e9 velen\u00ed operace.<\/p>\n<p>Intenzivn\u011b na Sinelnikova nal\u00e9haly, aby prozradil, jestli pracoval pro Rusy.\u00a0<strong>A rovn\u011b\u017e se ho ptaly na motiv. Jen\u017ee pachatel se jen usm\u00edval a vysv\u011btlil, \u017ee Parubije zabil proto, \u017ee se cht\u011bl pomst\u00edt ukrajinsk\u00e9 vl\u00e1d\u011b za smrt sv\u00e9ho syna.<\/strong>\u00a0Nic v\u00edc v tom pr\u00fd nebylo, ne\u0161lo o \u017e\u00e1dnou akci \u0159\u00edzenou ruskou rozv\u011bdkou. Zklam\u00e1n\u00ed novin\u00e1\u0159\u016f bylo doslova hmatateln\u00e9, proto\u017ee bez rusk\u00e9 stopy jim vych\u00e1zel jen na\u0161tvan\u00fd otec, kter\u00fd vzal spravedlnost do sv\u00fdch rukou.<\/p>\n<p>&nbsp;<\/p>\n<div id=\"rumble_v6w98qs\">\n<div id=\"vid_v6w98qs\" class=\"rumble_v6w98qs-Rumble-cls\" tabindex=\"-1\">\n<div><div class='videoWrapper'>\r\n\t            <iframe src='https:\/\/rumble.com\/embed\/pj.v6w98qs\/' frameborder='0' allowfullscreen><\/iframe>\r\n\t        <\/div><\/div>\n<\/div>\n<\/div>\n<p>&nbsp;<\/p>\n<p>Sinelnikov podle ukrajinsk\u00fdch m\u00e9di p\u0159i\u0161el o sv\u00e9ho syna, kter\u00fd byl n\u00e1siln\u011b mobilizovan\u00fd na frontu, kde n\u00e1sledn\u011b padl. P\u0159esto\u017ee nejsou k dispozici \u017e\u00e1dn\u00e9 podrobn\u011bj\u0161\u00ed informace, podle nez\u00e1visl\u00fdch m\u00e9di\u00edch padl v Kursk\u00e9 oblasti v Rusku b\u011bhem hromadn\u00e9ho \u00fastupu kr\u00e1tce po rotaci posil na ja\u0159e tohoto roku. Ukrajinsk\u00e1 arm\u00e1da ustoupila a zanechala v Kursku des\u00edtky tis\u00edc t\u011bl. T\u011blo jeho syna je pr\u00fd mezi nimi.<\/p>\n<p>Sinelnikov prohl\u00e1sil, \u017ee se chce nechat vym\u011bnit za ukrajinsk\u00e9 zajatce, aby mohl v Rusku p\u00e1trat po t\u011ble sv\u00e9ho syna, proto\u017ee v ofici\u00e1ln\u00edch seznamech v\u00fdm\u011bny t\u011bl padl\u00fdch mezi Ukrajinou a Ruskem jeho jm\u00e9no nikde nebylo. Co v\u0161ak bylo opravdu zvl\u00e1\u0161tn\u00ed a neuv\u011b\u0159iteln\u00e9, je fyzick\u00fd a zdravotn\u00ed stav pachatele. Usm\u011bvav\u00fd, bez mod\u0159in a podlitin, \u017ee by ho banderov\u010diky zml\u00e1tili jako vraha vysok\u00e9ho n\u00e1cka Parubije, p\u0159i\u010dem\u017e ani rusk\u00e1 stopa nebyla potvrzena a pop\u0159el ji.<\/p>\n<h3>Mezi dv\u011bma k\u0159\u00eddly kyjevsk\u00e9 junty vypukla v\u00e1lka. Pote\u010dou potoky krve, tohle je jen za\u010d\u00e1tek\u2026<\/h3>\n<p>Ale to vlastn\u011b nikoho nezaj\u00edm\u00e1.\u00a0<strong>Sta\u010d\u00ed u\u017e jen to, \u017ee st\u0159elec chce vym\u011bnit do Ruska. A t\u00edm je to dan\u00e9.<\/strong>\u00a0A k tomu se Sinelnikov bez probl\u00e9mu p\u0159iznal, \u017ee to ud\u011blal, \u017ee Parubije zast\u0159elil, \u017e\u00e1dn\u00fd probl\u00e9m. A jak nejl\u00e9pe zahladit kauzu? Vym\u011bnit ho do Ruska a za ukrajinsk\u00e9 zajatce. Ve\u0159ejnost bude zn\u00e1t motiv a bude zn\u00e1t pachatele. Bude to rusk\u00fd\u00a0<em>asset<\/em>, kter\u00fd chce vym\u011bnit do Ruska.<\/p>\n<p>Motiv je vymy\u0161len\u00fd dob\u0159e. Rusko by mohlo s v\u00fdm\u011bnou teoreticky souhlasit, proto\u017ee Sinelnikov je te\u010f v Rusku za hrdinu. A \u017ee novin\u00e1\u0159i jen tak bez ni\u010deho dostali k pachatelovi voln\u00fd p\u0159\u00edstup, aby ho vyzpov\u00eddali, to je naprosto bij\u00edc\u00ed do o\u010d\u00ed. Ukrajinsk\u00fd trestn\u00ed \u0159\u00e1d to v\u00fdslovn\u011b zakazuje, \u017ee nikdo nesm\u00ed p\u0159ed zah\u00e1jen\u00edm soudu s obvin\u011bn\u00fdm mluvit, krom\u011b obh\u00e1jce. Prost\u011b neuv\u011b\u0159iteln\u00e9 divadlo. Kyjevsk\u00e1 junta zkr\u00e1tka za\u010d\u00edn\u00e1 odkl\u00edzet sv\u00e9 hlavouny a za\u010d\u00ednaj\u00ed divadeln\u011b inscenovat jejich tragick\u00e9 smrti pomoc\u00ed rusk\u00e9ho sc\u00e9n\u00e1\u0159e.<\/p>\n<figure id=\"attachment_12227\" class=\"wp-caption aligncenter\" style=\"width: 566px;\"><a href=\"https:\/\/aeronet.news\/wp-content\/uploads\/2368501-img-petr-porosenko-prezident-ukrajina-jisty-v17.jpg\"><img decoding=\"async\" loading=\"lazy\" class=\"wp-image-12227 \" src=\"https:\/\/aeronet.news\/wp-content\/uploads\/2368501-img-petr-porosenko-prezident-ukrajina-jisty-v17.jpg\" sizes=\"(max-width: 978px) 100vw, 978px\" srcset=\"https:\/\/aeronet.news\/wp-content\/uploads\/2368501-img-petr-porosenko-prezident-ukrajina-jisty-v17.jpg 978w, https:\/\/aeronet.news\/wp-content\/uploads\/2368501-img-petr-porosenko-prezident-ukrajina-jisty-v17-300x231.jpg 300w, https:\/\/aeronet.news\/wp-content\/uploads\/2368501-img-petr-porosenko-prezident-ukrajina-jisty-v17-768x591.jpg 768w, https:\/\/aeronet.news\/wp-content\/uploads\/2368501-img-petr-porosenko-prezident-ukrajina-jisty-v17-700x538.jpg 700w, https:\/\/aeronet.news\/wp-content\/uploads\/2368501-img-petr-porosenko-prezident-ukrajina-jisty-v17-464x357.jpg 464w, https:\/\/aeronet.news\/wp-content\/uploads\/2368501-img-petr-porosenko-prezident-ukrajina-jisty-v17-628x483.jpg 628w\" alt=\"\" width=\"566\" height=\"435\" \/><\/a><figcaption class=\"wp-caption-text\">Petro Poro\u0161enko<\/figcaption><\/figure>\n<p>Co je ale z\u00e1sadn\u00ed, to je ten narativ, \u017ee bylo dovoleno pustit a odvys\u00edlat ven ze soudn\u00ed s\u00edn\u011b za pomoci novin\u00e1\u0159\u016f narativ pomsty v\u016f\u010di Zelensk\u00e9ho vl\u00e1d\u011b. Podle m\u00e9ho n\u00e1zoru jde o vysl\u00e1n\u00ed vzkazu jedn\u00e9 \u010d\u00e1sti kyjevsk\u00e9 junty ve sm\u011bru k druh\u00e9 \u010d\u00e1sti. Je to vzkaz p\u0159\u00edmo od kyjevsk\u00e9 junty z Bankov\u00e9 ulice vyslan\u00fd sm\u011brem k Poro\u0161enkovi a do Lvova k jeho junt\u011b.<\/p>\n<p>A pr\u00e1v\u011b tu hrozbu k Poro\u0161enkovi vyslal zm\u00edn\u011bn\u00fd pachatel v rozhovoru. Kdyby pr\u00fd bydlel ve Vinnici, zabil by \u201cP\u00e9\u0165u\u201d ve smyslu Petro Poro\u0161enka. A to nen\u00ed n\u00e1hoda. Abyste tomu rozum\u011bli, na Ukrajin\u011b se po n\u00e1stupu Zelensk\u00e9ho k moci v roce 2019 tzv.\u00a0<em>Kyjevsk\u00fd junt<\/em>\u00a0roz\u0161t\u011bpil na dv\u011b v\u011btve.<\/p>\n<h3>Zelensk\u00fd odstranil Kolomojsk\u00e9ho hned po prezidentsk\u00fdch volb\u00e1ch a te\u010f nechal odd\u011blat Parubije jako jednoho z nejbli\u017e\u0161\u00edch Poro\u0161enkovi<\/h3>\n<p>Jedna v\u011btev je tvo\u0159ena Zelensk\u00fdm, Jermakem, Budanovem a gr\u00e1zly z Lond\u00fdna a z Prahy. Druh\u00e1 v\u011btev je tvo\u0159ena p\u0159edchoz\u00edm prezidentem Petro Poro\u0161enkem a jeho lidmi z dob Majdanu, p\u0159edev\u0161\u00edm Arsenij Jace\u0148uk, Andrij Parubij, Oleksandr Tur\u010dynov, Arsen Avakov, Oleh\u00a0Tyahnybok a Jurij\u00a0Lucenko. Tato v\u011btev na Ukrajin\u011b spad\u00e1 pod Izrael a Washington a CIA. Je to tzv. v\u011btev\u00a0<em>Pax Americana<\/em>\u00a0na Ukrajin\u011b.<\/p>\n<p>Skupina okolo Zelensk\u00e9ho spad\u00e1 pod Lond\u00fdn a MI-6. Pamatujete, jak se Zelensk\u00fd \u201c<em>odvd\u011b\u010dil<\/em>\u201d sv\u00e9mu mecen\u00e1\u0161i Igoru Kolomojsk\u00e9mu?\u00a0<strong>Po jmenov\u00e1n\u00ed prezidentem ho nechal st\u00edhat pro zpronev\u011bru s bankovn\u00edmi aktivy PrivatBank, co\u017e vyvrcholilo o 4 roky pozd\u011bji v roce 2023 v zat\u010den\u00ed a soudn\u00ed proces [<a href=\"https:\/\/href.li\/?https:\/\/www.icij.org\/investigations\/fincen-files\/ukrainian-oligarch-sanctioned-following-the-fincen-files-investigation-arrested-in-ukraine\/\" target=\"_blank\" rel=\"nofollow noopener\">1<\/a>].<\/strong>\u00a0Pamatujete, jak kr\u00e1tce po zvolen\u00ed Zelensk\u00e9ho se v jeho prezidentsk\u00e9 kancel\u00e1\u0159i zjevila\u00a0<strong>[<a href=\"https:\/\/href.li\/?https:\/\/www.chabad.org\/news\/article_cdo\/aid\/4377198\/jewish\/First-Jewish-President-of-Ukraine-Holds-Historic-Meeting-With-Rabbis.htm\" target=\"_blank\" rel=\"nofollow noopener\">2<\/a>]<\/strong>\u00a0n\u00e1v\u0161t\u011bva Chabadu? No, tak to byla akce, kdy se Chabad pokusil Zelensk\u00e9ho koupit, jen\u017ee ten u\u017e byl koupen\u00fd Lond\u00fdnem a Domem Sion.<\/p>\n<figure id=\"attachment_52571\" class=\"wp-caption aligncenter\" style=\"width: 582px;\"><a href=\"https:\/\/aeronet.news\/wp-content\/uploads\/Zelensky_Kolomoisky_meeting.jpg\"><img decoding=\"async\" loading=\"lazy\" class=\"wp-image-52571 \" src=\"https:\/\/aeronet.news\/wp-content\/uploads\/Zelensky_Kolomoisky_meeting-1024x580.jpg\" sizes=\"(max-width: 700px) 100vw, 700px\" srcset=\"https:\/\/aeronet.news\/wp-content\/uploads\/Zelensky_Kolomoisky_meeting-1024x580.jpg 1024w, https:\/\/aeronet.news\/wp-content\/uploads\/Zelensky_Kolomoisky_meeting-300x170.jpg 300w, https:\/\/aeronet.news\/wp-content\/uploads\/Zelensky_Kolomoisky_meeting-768x435.jpg 768w, https:\/\/aeronet.news\/wp-content\/uploads\/Zelensky_Kolomoisky_meeting-700x396.jpg 700w, https:\/\/aeronet.news\/wp-content\/uploads\/Zelensky_Kolomoisky_meeting-630x357.jpg 630w, https:\/\/aeronet.news\/wp-content\/uploads\/Zelensky_Kolomoisky_meeting-853x483.jpg 853w, https:\/\/aeronet.news\/wp-content\/uploads\/Zelensky_Kolomoisky_meeting.jpg 1280w\" alt=\"\" width=\"582\" height=\"329\" \/><\/a><figcaption class=\"wp-caption-text\">T\u011bsn\u011b po prezidentsk\u00fdch volb\u00e1ch v roce 2019. Igor Kolomojsk\u00fd jako hlavn\u00ed sponzor Zelensk\u00e9ho kampan\u011b sed\u00ed vedle n\u011bho (2. zprava)<\/figcaption><\/figure>\n<p>Od t\u00e9 doby zu\u0159\u00ed na Ukrajin\u011b v\u00e1lka mezi ob\u011bma v\u011btvemi kyjevsk\u00e9 junty.\u00a0<strong>Skupina okolo star\u00e9 gardy z Majdanu, okolo Poro\u0161enka a Kolomojsk\u00e9ho, je pod kontrolou Ameri\u010dan\u016f a Izraele, zat\u00edmco ta skupina okolo Zelensk\u00e9ho je pod kontrolou Lond\u00fdna.<\/strong>\u00a0A cel\u00e1 akce s likvidac\u00ed Parubije smrd\u00ed doslova jako klanov\u00e1 v\u00e1lka mezi dv\u011bma k\u0159\u00eddly junty, kdy najat\u00fd st\u0159elec jen tak u soudu p\u0159i rozhovoru zmi\u0148uje i jm\u00e9no Poro\u0161enka, \u017ee by ho zabil, kdyby to m\u011bl bl\u00ed\u017e do Vinnice.<\/p>\n<p><img decoding=\"async\" loading=\"lazy\" class=\"wp-image-85920 aligncenter\" src=\"http:\/\/www.infokuryr.cz\/n\/wp-content\/uploads\/2025\/08\/pozvaniV-300x140.jpg\" alt=\"\" width=\"600\" height=\"280\" srcset=\"https:\/\/www.infokuryr.cz\/n\/wp-content\/uploads\/2025\/08\/pozvaniV-300x140.jpg 300w, https:\/\/www.infokuryr.cz\/n\/wp-content\/uploads\/2025\/08\/pozvaniV-768x360.jpg 768w, https:\/\/www.infokuryr.cz\/n\/wp-content\/uploads\/2025\/08\/pozvaniV.jpg 925w\" sizes=\"(max-width: 600px) 100vw, 600px\" \/><\/p>\n<p>Je naprosto evidentn\u00ed, \u017ee ukrajinsk\u00e1 junta se za\u010dala po\u017e\u00edrat a zab\u00edjet mezi sebou. Zelensk\u00fd chce upevnit svoji moc, kter\u00e1 kolabuje a oslabuje kv\u016fli prohran\u00e9 v\u00e1lce a kolapsu fronty. Likvidace mocensk\u00fdch figur okolo Poro\u0161enka a jeho mocensk\u00e9 skupiny z dob Majdanu je opat\u0159en\u00edm proti americk\u00e9mu n\u00e1rodn\u00edmu prediktorovi, aby nem\u011bl na Ukrajin\u011b silnou figuru pro v\u00fdm\u011bnu za Zelensk\u00e9ho.<\/p>\n<h2>Viktor Janukovy\u010d je n\u00e1hle po 11 letech znovu na sc\u00e9n\u011b v poloze sov\u011btsk\u00e9ho st\u00e1tn\u00edka<\/h2>\n<p>V\u0161imn\u011bte si jedn\u00e9 v\u011bci, \u017ee eskalace Ukrajiny k v\u00e1lce za\u010dala a\u017e po n\u00e1stupu Zelensk\u00e9ho k moci v roce 2019, do t\u00e9 doby byl na Ukrajin\u011b dr\u017een\u00a0<em>status quo<\/em>\u00a0a Poro\u0161enko se dr\u017eel po v\u00e1le\u010dn\u00e9m v\u00fdprasku od opol\u010denc\u016f v D\u011bbalcevu v roce 2015 zp\u00e1tky. Jakmile se k moci ale dostal k\u016f\u0148 Lond\u00fdna, tedy Zelensk\u00fd, za\u010dala obrovsk\u00e1 eskalace.<\/p>\n<p><strong>Nen\u00ed proto divu, \u017ee po 11 letech se najednou objevil na sc\u00e9n\u011b znovu Viktor Janukovy\u010d, v roce 2014 svr\u017een\u00fd ukrajinsk\u00fd a vlastn\u011b posledn\u00ed legitimn\u00ed prezident.<\/strong>\u00a0Ve vystoupen\u00ed pro RIA Novosti prohl\u00e1sil, \u017ee v\u017edy usiloval o f\u00e9rov\u00fd vstup Ukrajiny do EU, ale v\u017edy byl z\u00e1sadn\u011b proti vstupu do NATO, proto\u017ee to je cesta do nikam a sou\u010dasn\u011b cesta k ob\u010dansk\u00e9 v\u00e1lce.<\/p>\n<p>&nbsp;<\/p>\n<div id=\"rumble_v6w98yy\">\n<div><div class='videoWrapper'>\r\n\t            <iframe src='https:\/\/rumble.com\/embed\/pj.v6w98yy\/' frameborder='0' allowfullscreen><\/iframe>\r\n\t        <\/div><\/div>\n<\/div>\n<p>&nbsp;<\/p>\n<p>Vyt\u00e1hli ho na sc\u00e9nu jako alternativu, vizi a sou\u010dasn\u011b varov\u00e1n\u00ed Ukrajinc\u016fm. Janukovy\u010d je podle m\u00e9ho n\u00e1zoru Moskvou chystan\u00fd jako\u00a0<strong>recyklovan\u00fd politik<\/strong>, po kter\u00fdch je i v EU velk\u00e1 popt\u00e1vka. Recyklace b\u00fdval\u00fdch politik\u016f, kte\u0159\u00ed ode\u0161li ze sc\u00e9ny, a jejich n\u00e1hl\u00fd n\u00e1vrat, vyvol\u00e1v\u00e1 vzpom\u00ednky ve voli\u010d\u00edch na dobu, kdy bylo \u201cdob\u0159e\u201d.<\/p>\n<p>Nebylo to t\u0159eba \u00fapln\u011b super dob\u0159e, nebylo to z alabastru dob\u0159e, ale bylo to asi tak milionkr\u00e1t lep\u0161\u00ed ne\u017e to, co je na Ukrajin\u011b, anebo v jak\u00e9koliv evropsk\u00e9 zemi, k vid\u011bn\u00ed a k \u017eit\u00ed dnes. Mnoho lid\u00ed vzpomene na Janukovy\u010de, na prezidenta sov\u011btsk\u00e9ho st\u0159ihu s podmaniv\u00fdm hlasem st\u00e1tn\u00edka, kter\u00fd tam moc dnes chyb\u00ed Ukrajin\u011b, kterou reprezentuje nyn\u00ed ten sk\u0159et v zelen\u00e9m triku. Je to samoz\u0159ejm\u011b p\u0159\u00edpravka. Je to vzkaz Ukrajinc\u016fm, aby se po 11 letech zamysleli, \u017ee se nikam nedostali.<\/p>\n<h3>Zelensk\u00e9mu jde o krk a Lond\u00fdn mu p\u0159ik\u00e1zal zlikvidovat jeho mo\u017en\u00e9 n\u00e1stupce, kter\u00e9 by Washington mohl oslovit<\/h3>\n<p>Je to vzkaz, \u017ee kdyby Janukovy\u010d z\u016fstal u moci, Ukrajina by ji\u017e byla v EU. A obe\u0161lo by se to bez ob\u010dansk\u00e9 v\u00e1lky, obe\u0161lo by se to bez ztr\u00e1ty Krymu, Donbasu, prostoru Novoruska.\u00a0<strong>Pr\u00e1v\u011b po 11 letech tak Kreml dal pokyn k vyta\u017een\u00ed Janukovy\u010de a k vysl\u00e1n\u00ed sign\u00e1lu Ukrajinc\u016fm,\u00a0proto\u017ee nastal \u010das.<\/strong>\u00a0Ukrajina je pe\u010den\u00e1, je va\u0159en\u00e1, je kone\u010dn\u011b ve stavu, kdy si za\u010dne uv\u011bdomovat situaci.<\/p>\n<p>Kdy si uv\u011bdom\u00ed, \u017ee proces nastoupen\u00fd Lond\u00fdnem a americk\u00fdm n\u00e1rodn\u00edm prediktorem, kter\u00fd se te\u010f ale narychlo sna\u017e\u00ed z operace vycouvat, a nechat v tom Lond\u00fdn s\u00f3lo, byl obrovskou chybou. Zelensk\u00fd to v\u00ed, \u017ee situace je neudr\u017eiteln\u00e1 a za\u010dnou se hledat n\u00e1stupci Zelensk\u00e9ho. A tak Lond\u00fdn dal do Bankov\u00e9 ulice povel za\u010d\u00edt zab\u00edjet potenci\u00e1ln\u00ed n\u00e1stupce, kte\u0159\u00ed by mohli Zelensk\u00e9ho ohrozit. Je to pokyn p\u0159\u00edmo z Lond\u00fdna. B\u00fdval\u00fd p\u0159edseda parlamentu Parubij byl toti\u017e v hled\u00e1\u010dku Lindseye Grahama jako jeden z mo\u017en\u00fdch n\u00e1stupc\u016f Zelensk\u00e9ho.<\/p>\n<figure id=\"attachment_62552\" class=\"wp-caption aligncenter\" style=\"width: 604px;\"><a href=\"https:\/\/aeronet.news\/wp-content\/uploads\/ZelenskyChabadMeeting.jpg\"><img decoding=\"async\" loading=\"lazy\" class=\"wp-image-62552 \" src=\"https:\/\/aeronet.news\/wp-content\/uploads\/ZelenskyChabadMeeting-1024x641.jpg\" sizes=\"(max-width: 700px) 100vw, 700px\" srcset=\"https:\/\/aeronet.news\/wp-content\/uploads\/ZelenskyChabadMeeting-1024x641.jpg 1024w, https:\/\/aeronet.news\/wp-content\/uploads\/ZelenskyChabadMeeting-300x188.jpg 300w, https:\/\/aeronet.news\/wp-content\/uploads\/ZelenskyChabadMeeting-768x481.jpg 768w, https:\/\/aeronet.news\/wp-content\/uploads\/ZelenskyChabadMeeting-700x438.jpg 700w, https:\/\/aeronet.news\/wp-content\/uploads\/ZelenskyChabadMeeting-570x357.jpg 570w, https:\/\/aeronet.news\/wp-content\/uploads\/ZelenskyChabadMeeting-772x483.jpg 772w, https:\/\/aeronet.news\/wp-content\/uploads\/ZelenskyChabadMeeting.jpg 1280w\" alt=\"\" width=\"604\" height=\"378\" \/><\/a><figcaption class=\"wp-caption-text\">Zelensk\u00fd se se\u0161el s delegac\u00ed Chabadu 6. kv\u011btna 2019 t\u011bsn\u011b po v\u00edt\u011bzstv\u00ed ve volb\u00e1ch<\/figcaption><\/figure>\n<p>A aby byl vysl\u00e1n vzkaz Poro\u0161enkovi, jeho lidem a Ameri\u010dan\u016fm, tak st\u0159elcovi je dovoleno poskytnout s \u00fasm\u011bvem u soudu rozhovor p\u0159ed za\u010d\u00e1tkem l\u00ed\u010den\u00ed, v rozporu s trestn\u00edm \u0159\u00e1dem, jakoby se nechumelilo, kde jasn\u011b zazn\u011blo, kdyby to nebyl Parubij, tak by st\u0159elec zast\u0159elil p\u0159\u00edmo nejvy\u0161\u0161\u00edho z k\u0159\u00eddla junty, tedy Poro\u0161enka. Cel\u00e9 se to dostane do m\u00e9di\u00ed a st\u0159elec, ani\u017e by m\u011bl zk\u0159iven\u00fd vl\u00e1sek, s \u00fasm\u011bvem celou v\u011bc zasad\u00ed do po\u017eadavku, \u017ee chce vym\u011bnit do Ruska za ukrajinsk\u00e9 zajatce, aby pr\u00fd mohl hledat syna.<\/p>\n<p>Operace jako z filmov\u00e9ho sc\u00e9n\u00e1\u0159e. Ten ur\u010dit\u011b napsal Zelensk\u00fd nebo jeho b\u00fdval\u00fd producent z po\u0159adu\u00a0<em>Kvartal 95<\/em>\u00a0Tymur Mindi\u010d, kter\u00fd p\u0159ed vy\u0161et\u0159ov\u00e1n\u00edm antikorup\u010dn\u00edho \u00fa\u0159adu NABU uprchl\u00a0<strong>[<a href=\"https:\/\/aeronet.news\/ukrajinska-protikorupcni-agentura-nabu-ma-na-zasifrovanem-nosici-vypovedi-svedku-a-dukazy-o-mamuti-korupci-volodymyra-zelenskeho-a-stopy-k-nemu-vedou-pres-jeho-pritele-a-medialniho-magnata\/\">3<\/a>]<\/strong>\u00a0do Rakouska. Obsazen\u00ed je hv\u011bzdn\u00e9. Najat\u00fd st\u0159elec, mrtv\u00fd n\u00e1cek z Poro\u0161enkovy st\u00e1je, sc\u00e9nka u soudu, v\u00fdhr\u016f\u017eka Poro\u0161enkovi od st\u0159elce a rusk\u00e1 stopa do Ruska k Putinovi kv\u016fli hled\u00e1n\u00ed t\u011bla syna. Dokonal\u00fd doj\u00e1k, dokonal\u00fd thriller, ale s n\u00edzk\u00fdm rozpo\u010dtem. Tohle nen\u00ed b\u00e9\u010dkov\u00fd film, proto\u017ee to nem\u00e1 \u00farove\u0148 ani jako politick\u00e9 porno. K\u0159\u00eddla junty se jen za\u010dala likvidovat mezi sebou. To je cel\u00e9. Odveta Poro\u0161enkova k\u0159\u00eddla se d\u00e1 proto o\u010dek\u00e1vat brzy.<\/p>\n<p><a href=\"https:\/\/aeronet.news\/zabil-jsem-parubije-protoze-jsem-se-chtel-pomstit-ukrajinske-vlade-za-odvleceni-meho-syna-do-valky-kde-potom-padl-chci-vymenit-za-ukrajinske-zajatce-abych-mohl-v-rusku-hledat-telo-a-hrob-meho-syna\/\">-VK-<\/a><\/p>\n<p><img decoding=\"async\" loading=\"lazy\" class=\"wp-image-86927 aligncenter\" src=\"http:\/\/www.infokuryr.cz\/n\/wp-content\/uploads\/2025\/09\/letak-volby-2025-konference-3-212x300.png\" alt=\"\" width=\"602\" height=\"852\" srcset=\"https:\/\/www.infokuryr.cz\/n\/wp-content\/uploads\/2025\/09\/letak-volby-2025-konference-3-212x300.png 212w, https:\/\/www.infokuryr.cz\/n\/wp-content\/uploads\/2025\/09\/letak-volby-2025-konference-3-724x1024.png 724w, https:\/\/www.infokuryr.cz\/n\/wp-content\/uploads\/2025\/09\/letak-volby-2025-konference-3-768x1086.png 768w, https:\/\/www.infokuryr.cz\/n\/wp-content\/uploads\/2025\/09\/letak-volby-2025-konference-3-1086x1536.png 1086w, https:\/\/www.infokuryr.cz\/n\/wp-content\/uploads\/2025\/09\/letak-volby-2025-konference-3-1448x2048.png 1448w, https:\/\/www.infokuryr.cz\/n\/wp-content\/uploads\/2025\/09\/letak-volby-2025-konference-3-1024x1448.png 1024w\" sizes=\"(max-width: 602px) 100vw, 602px\" \/><\/p>\n","protected":false},"excerpt":{"rendered":"<p>Zabil jsem Parubije, proto\u017ee jsem se cht\u011bl pomst\u00edt ukrajinsk\u00e9 vl\u00e1d\u011b za odvle\u010den\u00ed m\u00e9ho syna do&#8230;<\/p>\n","protected":false},"author":2,"featured_media":87094,"comment_status":"closed","ping_status":"closed","sticky":false,"template":"","format":"standard","meta":[],"categories":[6],"tags":[1042,468,26],"_links":{"self":[{"href":"https:\/\/www.infokuryr.cz\/n\/wp-json\/wp\/v2\/posts\/87093"}],"collection":[{"href":"https:\/\/www.infokuryr.cz\/n\/wp-json\/wp\/v2\/posts"}],"about":[{"href":"https:\/\/www.infokuryr.cz\/n\/wp-json\/wp\/v2\/types\/post"}],"author":[{"embeddable":true,"href":"https:\/\/www.infokuryr.cz\/n\/wp-json\/wp\/v2\/users\/2"}],"replies":[{"embeddable":true,"href":"https:\/\/www.infokuryr.cz\/n\/wp-json\/wp\/v2\/comments?post=87093"}],"version-history":[{"count":0,"href":"https:\/\/www.infokuryr.cz\/n\/wp-json\/wp\/v2\/posts\/87093\/revisions"}],"wp:featuredmedia":[{"embeddable":true,"href":"https:\/\/www.infokuryr.cz\/n\/wp-json\/wp\/v2\/media\/87094"}],"wp:attachment":[{"href":"https:\/\/www.infokuryr.cz\/n\/wp-json\/wp\/v2\/media?parent=87093"}],"wp:term":[{"taxonomy":"category","embeddable":true,"href":"https:\/\/www.infokuryr.cz\/n\/wp-json\/wp\/v2\/categories?post=87093"},{"taxonomy":"post_tag","embeddable":true,"href":"https:\/\/www.infokuryr.cz\/n\/wp-json\/wp\/v2\/tags?post=87093"}],"curies":[{"name":"wp","href":"https:\/\/api.w.org\/{rel}","templated":true}]}}