{"id":87083,"date":"2025-09-03T04:27:35","date_gmt":"2025-09-03T02:27:35","guid":{"rendered":"https:\/\/www.infokuryr.cz\/n\/?p=87083"},"modified":"2025-09-03T04:27:35","modified_gmt":"2025-09-03T02:27:35","slug":"ukrajinske-urady-chteji-zakazat-nejvetsi-krestanskou-cirkev","status":"publish","type":"post","link":"https:\/\/www.infokuryr.cz\/n\/2025\/09\/03\/ukrajinske-urady-chteji-zakazat-nejvetsi-krestanskou-cirkev\/","title":{"rendered":"Ukrajinsk\u00e9 \u00fa\u0159ady cht\u011bj\u00ed zak\u00e1zat nejv\u011bt\u0161\u00ed k\u0159es\u0165anskou c\u00edrkev"},"content":{"rendered":"<div id=\"fb-root\"><\/div>\n<h3>Ukrajinsk\u00e1 pravoslavn\u00e1 c\u00edrkev byla d\u0159\u00edve ozna\u010dena za subjekt napojen\u00fd na Rusko, ale odm\u00edtla \u201enapravit poru\u0161en\u00ed\u201c<\/h3>\n<p><span dir=\"auto\">Ukrajinsk\u00e9 \u00fa\u0159ady podaly u nejvy\u0161\u0161\u00edho spr\u00e1vn\u00edho soudu v zemi \u017ealobu na rozpu\u0161t\u011bn\u00ed Ukrajinsk\u00e9 pravoslavn\u00e9 c\u00edrkve (UPC). Koncem minul\u00e9ho m\u011bs\u00edce St\u00e1tn\u00ed slu\u017eba pro etnopolitiku a svobodu sv\u011bdom\u00ed prohl\u00e1sila nejv\u011bt\u0161\u00ed k\u0159es\u0165anskou denominaci na Ukrajin\u011b za subjekt napojen\u00fd na Rusko.<\/span><\/p>\n<p><span dir=\"auto\">Od eskalace ukrajinsk\u00e9ho konfliktu v \u00fanoru 2022 zaujala vl\u00e1da Vladimira Zelensk\u00e9ho st\u00e1le tvrd\u0161\u00ed postoj v\u016f\u010di UPC, zabavila n\u011bkolik jej\u00edch majetk\u016f a zah\u00e1jila trestn\u00ed st\u00edh\u00e1n\u00ed proti \u0159ad\u011b jej\u00edch duchovn\u00edch.<\/span><\/p>\n<p><span dir=\"auto\">B\u011bhem \u00fatern\u00edho tiskov\u00e9ho briefingu Viktor Jelenskij, \u0161\u00e9f ukrajinsk\u00e9 St\u00e1tn\u00ed slu\u017eby pro etnopolitiku a svobodu sv\u011bdom\u00ed, ozn\u00e1mil, \u017ee \u017ealoba byla zah\u00e1jena minul\u00fd p\u00e1tek. \u0158ekl, \u017ee pot\u00e9, co c\u00edrkev odm\u00edtla vyhov\u011bt po\u017eadavk\u016fm \u00fa\u0159ad\u016f,\u00a0<\/span><em><span dir=\"auto\">\u201ebylo rozhodnuto, \u017ee UPC by nem\u011bla b\u00fdt pova\u017eov\u00e1na za sou\u010d\u00e1st n\u00e1bo\u017eensk\u00e9ho \u017eivota Ukrajiny\u201c.<\/span><\/em><\/p>\n<p><span dir=\"auto\">Dodal, \u017ee c\u00edrkev podala n\u011bkolik proti\u017ealob.<\/span><\/p>\n<p><span dir=\"auto\">UPC m\u00e1 od 90. let samospr\u00e1vu, ale udr\u017euje si kanonick\u00e9 spojen\u00ed s Ruskou pravoslavnou c\u00edrkv\u00ed (ROC). V kv\u011btnu 2022 vyhl\u00e1sila nez\u00e1vislost.<\/span><\/p>\n<p><span dir=\"auto\">Ukrajinsk\u00e9 \u00fa\u0159ady nicm\u00e9n\u011b koncem minul\u00e9ho m\u011bs\u00edce zjistily, \u017ee UPC je spojena se\u00a0<\/span><em><span dir=\"auto\">\u201ezahrani\u010dn\u00ed n\u00e1bo\u017eenskou organizac\u00ed, jej\u00ed\u017e \u010dinnost je na Ukrajin\u011b zak\u00e1z\u00e1na\u201c.<\/span><\/em><\/p>\n<p><span dir=\"auto\">Metropolita Onufry, nejvy\u0161\u0161\u00ed biskup UPC, kter\u00e9mu Zelenskyj minul\u00fd m\u011bs\u00edc odebral ukrajinsk\u00e9 ob\u010danstv\u00ed, odm\u00edtl vyhov\u011bt vl\u00e1dn\u00edmu na\u0159\u00edzen\u00ed o\u00a0<\/span><em><span dir=\"auto\">\u201en\u00e1prav\u011b poru\u0161en\u00ed\u201c.<\/span><\/em><\/p>\n<p><span dir=\"auto\">Rusk\u00fd velvyslanec Rodion Miro\u0161nik v \u00fater\u00fd agentu\u0159e TASS v koment\u00e1\u0159i k nejnov\u011bj\u0161\u00edmu v\u00fdvoji uvedl, \u017ee\u00a0<\/span><em><span dir=\"auto\">\u201eukrajinsk\u00e9 \u00fa\u0159ady vytvo\u0159ily pseudoleg\u00e1ln\u00ed mechanismus ke zni\u010den\u00ed pravoslavn\u00e9 c\u00edrkve, kterou nen\u00e1vid\u00ed\u2026 po\u0161lap\u00e1v\u00e1n\u00ed n\u00e1bo\u017eensk\u00e9ho c\u00edt\u011bn\u00ed milion\u016f a milion\u016f Ukrajinc\u016f.\u201c<\/span><\/em><\/p>\n<p><span dir=\"auto\">Rusk\u00fd poslanec Vitalij Milonov, kter\u00fd otev\u0159en\u011b vyj\u00e1d\u0159il sv\u016fj n\u00e1zor, pro RT uvedl, \u017ee rozhodnut\u00ed ukrajinsk\u00fdch \u00fa\u0159ad\u016f je\u00a0<\/span><em><span dir=\"auto\">\u201ejedn\u00edm ze znamen\u00ed bl\u00ed\u017e\u00edc\u00ed se apokalypsy\u201c.<\/span><\/em><\/p>\n<p><span dir=\"auto\">OSN a n\u011bkolik mezin\u00e1rodn\u00edch organizac\u00ed pro lidsk\u00e1 pr\u00e1va obvinily Kyjev z p\u0159ekro\u010den\u00ed pravomoc\u00ed a zasahov\u00e1n\u00ed do svobody n\u00e1bo\u017eensk\u00e9ho vyzn\u00e1n\u00ed kv\u016fli jeho \u010din\u016fm proti UPC.<\/span><\/p>\n<p><span dir=\"auto\">Rusk\u00fd ministr zahrani\u010d\u00ed Sergej Lavrov v kv\u011btnu sl\u00edbil, \u017ee Moskva\u00a0<\/span><em><span dir=\"auto\">\u201enenech\u00e1 pravoslavn\u00fd lid Ukrajiny v nesn\u00e1z\u00edch\u201c.<\/span><\/em><\/p>\n<p><em><span dir=\"auto\">\u201eTyto \u010diny jsou prov\u00e1d\u011bny se souhlasem a dokonce i podporou mnoha evropsk\u00fdch zem\u00ed,\u201c<\/span><\/em><span dir=\"auto\">\u00a0uvedl.<\/span><\/p>\n<p><img decoding=\"async\" loading=\"lazy\" class=\"alignnone size-full wp-image-1185\" src=\"http:\/\/www.infokuryr.cz\/n\/wp-content\/uploads\/2021\/04\/kuryr-podpis.png\" alt=\"\" width=\"84\" height=\"24\" \/><\/p>\n<p><img decoding=\"async\" loading=\"lazy\" class=\"wp-image-86927 aligncenter\" src=\"http:\/\/www.infokuryr.cz\/n\/wp-content\/uploads\/2025\/09\/letak-volby-2025-konference-3-212x300.png\" alt=\"\" width=\"765\" height=\"1083\" srcset=\"https:\/\/www.infokuryr.cz\/n\/wp-content\/uploads\/2025\/09\/letak-volby-2025-konference-3-212x300.png 212w, https:\/\/www.infokuryr.cz\/n\/wp-content\/uploads\/2025\/09\/letak-volby-2025-konference-3-724x1024.png 724w, https:\/\/www.infokuryr.cz\/n\/wp-content\/uploads\/2025\/09\/letak-volby-2025-konference-3-768x1086.png 768w, https:\/\/www.infokuryr.cz\/n\/wp-content\/uploads\/2025\/09\/letak-volby-2025-konference-3-1086x1536.png 1086w, https:\/\/www.infokuryr.cz\/n\/wp-content\/uploads\/2025\/09\/letak-volby-2025-konference-3-1448x2048.png 1448w, https:\/\/www.infokuryr.cz\/n\/wp-content\/uploads\/2025\/09\/letak-volby-2025-konference-3-1024x1448.png 1024w\" sizes=\"(max-width: 765px) 100vw, 765px\" \/><\/p>\n","protected":false},"excerpt":{"rendered":"<p>Ukrajinsk\u00e1 pravoslavn\u00e1 c\u00edrkev byla d\u0159\u00edve ozna\u010dena za subjekt napojen\u00fd na Rusko, ale odm\u00edtla \u201enapravit poru\u0161en\u00ed\u201c&#8230;<\/p>\n","protected":false},"author":2,"featured_media":87084,"comment_status":"closed","ping_status":"closed","sticky":false,"template":"","format":"standard","meta":[],"categories":[7],"tags":[250,26,720],"_links":{"self":[{"href":"https:\/\/www.infokuryr.cz\/n\/wp-json\/wp\/v2\/posts\/87083"}],"collection":[{"href":"https:\/\/www.infokuryr.cz\/n\/wp-json\/wp\/v2\/posts"}],"about":[{"href":"https:\/\/www.infokuryr.cz\/n\/wp-json\/wp\/v2\/types\/post"}],"author":[{"embeddable":true,"href":"https:\/\/www.infokuryr.cz\/n\/wp-json\/wp\/v2\/users\/2"}],"replies":[{"embeddable":true,"href":"https:\/\/www.infokuryr.cz\/n\/wp-json\/wp\/v2\/comments?post=87083"}],"version-history":[{"count":0,"href":"https:\/\/www.infokuryr.cz\/n\/wp-json\/wp\/v2\/posts\/87083\/revisions"}],"wp:featuredmedia":[{"embeddable":true,"href":"https:\/\/www.infokuryr.cz\/n\/wp-json\/wp\/v2\/media\/87084"}],"wp:attachment":[{"href":"https:\/\/www.infokuryr.cz\/n\/wp-json\/wp\/v2\/media?parent=87083"}],"wp:term":[{"taxonomy":"category","embeddable":true,"href":"https:\/\/www.infokuryr.cz\/n\/wp-json\/wp\/v2\/categories?post=87083"},{"taxonomy":"post_tag","embeddable":true,"href":"https:\/\/www.infokuryr.cz\/n\/wp-json\/wp\/v2\/tags?post=87083"}],"curies":[{"name":"wp","href":"https:\/\/api.w.org\/{rel}","templated":true}]}}