{"id":87082,"date":"2025-09-03T04:24:46","date_gmt":"2025-09-03T02:24:46","guid":{"rendered":"https:\/\/www.infokuryr.cz\/n\/?p=87082"},"modified":"2025-09-03T04:24:46","modified_gmt":"2025-09-03T02:24:46","slug":"trump-rusko-cina-a-severni-korea-se-spikli-proti-usa","status":"publish","type":"post","link":"https:\/\/www.infokuryr.cz\/n\/2025\/09\/03\/trump-rusko-cina-a-severni-korea-se-spikli-proti-usa\/","title":{"rendered":"Trump: Rusko, \u010c\u00edna a Severn\u00ed Korea se spikli proti USA"},"content":{"rendered":"<div id=\"fb-root\"><\/div>\n<h3>Americk\u00fd prezident pronesl sv\u00e9 prohl\u00e1\u0161en\u00ed po oslav\u00e1ch v\u00edt\u011bzstv\u00ed ve druh\u00e9 sv\u011btov\u00e9 v\u00e1lce v Pekingu.<\/h3>\n<p data-start=\"131\" data-end=\"405\"><span dir=\"auto\">Prezident Donald Trump obvinil \u010c\u00ednu, Rusko a Severn\u00ed Koreu ze spiknut\u00ed proti Spojen\u00fdm st\u00e1t\u016fm. Prohl\u00e1sil to na sv\u00e9 platform\u011b Truth Social b\u011bhem st\u0159ede\u010dn\u00ed vojensk\u00e9 p\u0159ehl\u00eddky v Pekingu, kter\u00e1 p\u0159ipom\u00ednala v\u00edt\u011bzstv\u00ed nad Japonskem ve druh\u00e9 sv\u011btov\u00e9 v\u00e1lce.<\/span><\/p>\n<p data-start=\"674\" data-end=\"833\"><em><span dir=\"auto\">\u201eMnoho Ameri\u010dan\u016f zem\u0159elo v \u010d\u00ednsk\u00e9m \u00fasil\u00ed o v\u00edt\u011bzstv\u00ed a sl\u00e1vu. Douf\u00e1m, \u017ee budou pr\u00e1vem uct\u00edv\u00e1ni a p\u0159ipom\u00edn\u00e1ni pro svou state\u010dnost a ob\u011b\u0165!\u201c<\/span><\/em><span dir=\"auto\">\u00a0napsal Trump.<\/span><\/p>\n<p data-start=\"835\" data-end=\"922\"><span dir=\"auto\">Tak\u00e9 pop\u0159\u00e1l \u010d\u00ednsk\u00e9mu prezidentovi Si \u0164in-pchingovi\u00a0<\/span><em><span dir=\"auto\">\u201evelk\u00fd a trval\u00fd den oslav\u201c.<\/span><\/em><\/p>\n<p data-start=\"924\" data-end=\"1057\"><em><span dir=\"auto\">\u201ePros\u00edm, vy\u0159i\u010fte m\u00e9 nejsrde\u010dn\u011bj\u0161\u00ed pozdravy Vladimiru Putinovi a Kim \u010cong-unovi, kte\u0159\u00ed kuj\u00ed pikle proti Spojen\u00fdm st\u00e1t\u016fm americk\u00fdm,\u201c<\/span><\/em><span dir=\"auto\">\u00a0dodal.<\/span><\/p>\n<div class=\"rtcode\">\n<div class=\"twitter-tweet twitter-tweet-rendered\"><iframe id=\"twitter-widget-0\" class=\"\" title=\"X P\u0159\u00edsp\u011bvek\" src=\"https:\/\/platform.twitter.com\/embed\/Tweet.html?creatorScreenName=RT_com&amp;dnt=false&amp;embedId=twitter-widget-0&amp;features=eyJ0ZndfdGltZWxpbmVfbGlzdCI6eyJidWNrZXQiOltdLCJ2ZXJzaW9uIjpudWxsfSwidGZ3X2ZvbGxvd2VyX2NvdW50X3N1bnNldCI6eyJidWNrZXQiOnRydWUsInZlcnNpb24iOm51bGx9LCJ0ZndfdHdlZXRfZWRpdF9iYWNrZW5kIjp7ImJ1Y2tldCI6Im9uIiwidmVyc2lvbiI6bnVsbH0sInRmd19yZWZzcmNfc2Vzc2lvbiI6eyJidWNrZXQiOiJvbiIsInZlcnNpb24iOm51bGx9LCJ0ZndfZm9zbnJfc29mdF9pbnRlcnZlbnRpb25zX2VuYWJsZWQiOnsiYnVja2V0Ijoib24iLCJ2ZXJzaW9uIjpudWxsfSwidGZ3X21peGVkX21lZGlhXzE1ODk3Ijp7ImJ1Y2tldCI6InRyZWF0bWVudCIsInZlcnNpb24iOm51bGx9LCJ0ZndfZXhwZXJpbWVudHNfY29va2llX2V4cGlyYXRpb24iOnsiYnVja2V0IjoxMjA5NjAwLCJ2ZXJzaW9uIjpudWxsfSwidGZ3X3Nob3dfYmlyZHdhdGNoX3Bpdm90c19lbmFibGVkIjp7ImJ1Y2tldCI6Im9uIiwidmVyc2lvbiI6bnVsbH0sInRmd19kdXBsaWNhdGVfc2NyaWJlc190b19zZXR0aW5ncyI6eyJidWNrZXQiOiJvbiIsInZlcnNpb24iOm51bGx9LCJ0ZndfdXNlX3Byb2ZpbGVfaW1hZ2Vfc2hhcGVfZW5hYmxlZCI6eyJidWNrZXQiOiJvbiIsInZlcnNpb24iOm51bGx9LCJ0ZndfdmlkZW9faGxzX2R5bmFtaWNfbWFuaWZlc3RzXzE1MDgyIjp7ImJ1Y2tldCI6InRydWVfYml0cmF0ZSIsInZlcnNpb24iOm51bGx9LCJ0ZndfbGVnYWN5X3RpbWVsaW5lX3N1bnNldCI6eyJidWNrZXQiOnRydWUsInZlcnNpb24iOm51bGx9LCJ0ZndfdHdlZXRfZWRpdF9mcm9udGVuZCI6eyJidWNrZXQiOiJvbiIsInZlcnNpb24iOm51bGx9fQ%3D%3D&amp;frame=false&amp;hideCard=false&amp;hideThread=false&amp;id=1963048623815499830&amp;lang=cs&amp;origin=https%3A%2F%2Fwww.rt.com%2Fnews%2F623989-trump-china-russia-nk%2F&amp;sessionId=0421faf511c0ab1048abaa32bda73fbf9810c1be&amp;siteScreenName=RT_com&amp;theme=light&amp;widgetsVersion=2615f7e52b7e0%3A1702314776716&amp;width=550px\" frameborder=\"0\" scrolling=\"no\" allowfullscreen=\"allowfullscreen\" data-tweet-id=\"1963048623815499830\" data-mce-fragment=\"1\"><\/iframe><\/div>\n<\/div>\n<p><span dir=\"auto\">Trump se nez\u00fa\u010dastnil oslav v Pekingu, o nich\u017e se \u0159\u00edk\u00e1, \u017ee jsou nejv\u011bt\u0161\u00ed za posledn\u00ed desetilet\u00ed. Vztahy USA s \u010c\u00ednou i Ruskem z\u016fst\u00e1vaj\u00ed napjat\u00e9 kv\u016fli jeho obchodn\u00ed v\u00e1lce, sankc\u00edm a konfliktu na Ukrajin\u011b.<\/span><\/p>\n<p><span dir=\"auto\">Trump se minul\u00fd m\u011bs\u00edc setkal s Putinem na Alja\u0161ce v r\u00e1mci sv\u00e9ho \u00fasil\u00ed o zprost\u0159edkov\u00e1n\u00ed p\u0159\u00edm\u011b\u0159\u00ed na Ukrajin\u011b. A\u010dkoli nedo\u0161lo k \u017e\u00e1dn\u00e9mu pr\u016flomu, ob\u011b strany summit ozna\u010dily za pozitivn\u00ed krok.<\/span><\/p>\n<p><img decoding=\"async\" loading=\"lazy\" class=\"alignnone size-full wp-image-1185\" src=\"http:\/\/www.infokuryr.cz\/n\/wp-content\/uploads\/2021\/04\/kuryr-podpis.png\" alt=\"\" width=\"84\" height=\"24\" \/><\/p>\n<p><img decoding=\"async\" loading=\"lazy\" class=\"wp-image-86927 aligncenter\" src=\"http:\/\/www.infokuryr.cz\/n\/wp-content\/uploads\/2025\/09\/letak-volby-2025-konference-3-212x300.png\" alt=\"\" width=\"724\" height=\"1024\" srcset=\"https:\/\/www.infokuryr.cz\/n\/wp-content\/uploads\/2025\/09\/letak-volby-2025-konference-3-212x300.png 212w, https:\/\/www.infokuryr.cz\/n\/wp-content\/uploads\/2025\/09\/letak-volby-2025-konference-3-724x1024.png 724w, https:\/\/www.infokuryr.cz\/n\/wp-content\/uploads\/2025\/09\/letak-volby-2025-konference-3-768x1086.png 768w, https:\/\/www.infokuryr.cz\/n\/wp-content\/uploads\/2025\/09\/letak-volby-2025-konference-3-1086x1536.png 1086w, https:\/\/www.infokuryr.cz\/n\/wp-content\/uploads\/2025\/09\/letak-volby-2025-konference-3-1448x2048.png 1448w, https:\/\/www.infokuryr.cz\/n\/wp-content\/uploads\/2025\/09\/letak-volby-2025-konference-3-1024x1448.png 1024w\" sizes=\"(max-width: 724px) 100vw, 724px\" \/><\/p>\n","protected":false},"excerpt":{"rendered":"<p>Americk\u00fd prezident pronesl sv\u00e9 prohl\u00e1\u0161en\u00ed po oslav\u00e1ch v\u00edt\u011bzstv\u00ed ve druh\u00e9 sv\u011btov\u00e9 v\u00e1lce v Pekingu. Prezident&#8230;<\/p>\n","protected":false},"author":2,"featured_media":85475,"comment_status":"closed","ping_status":"closed","sticky":false,"template":"","format":"standard","meta":[],"categories":[7],"tags":[30,502,22,988,452],"_links":{"self":[{"href":"https:\/\/www.infokuryr.cz\/n\/wp-json\/wp\/v2\/posts\/87082"}],"collection":[{"href":"https:\/\/www.infokuryr.cz\/n\/wp-json\/wp\/v2\/posts"}],"about":[{"href":"https:\/\/www.infokuryr.cz\/n\/wp-json\/wp\/v2\/types\/post"}],"author":[{"embeddable":true,"href":"https:\/\/www.infokuryr.cz\/n\/wp-json\/wp\/v2\/users\/2"}],"replies":[{"embeddable":true,"href":"https:\/\/www.infokuryr.cz\/n\/wp-json\/wp\/v2\/comments?post=87082"}],"version-history":[{"count":0,"href":"https:\/\/www.infokuryr.cz\/n\/wp-json\/wp\/v2\/posts\/87082\/revisions"}],"wp:featuredmedia":[{"embeddable":true,"href":"https:\/\/www.infokuryr.cz\/n\/wp-json\/wp\/v2\/media\/85475"}],"wp:attachment":[{"href":"https:\/\/www.infokuryr.cz\/n\/wp-json\/wp\/v2\/media?parent=87082"}],"wp:term":[{"taxonomy":"category","embeddable":true,"href":"https:\/\/www.infokuryr.cz\/n\/wp-json\/wp\/v2\/categories?post=87082"},{"taxonomy":"post_tag","embeddable":true,"href":"https:\/\/www.infokuryr.cz\/n\/wp-json\/wp\/v2\/tags?post=87082"}],"curies":[{"name":"wp","href":"https:\/\/api.w.org\/{rel}","templated":true}]}}