{"id":87079,"date":"2025-09-03T04:05:52","date_gmt":"2025-09-03T02:05:52","guid":{"rendered":"https:\/\/www.infokuryr.cz\/n\/?p=87079"},"modified":"2025-09-03T04:05:52","modified_gmt":"2025-09-03T02:05:52","slug":"lucas-leiroz-za-parubijevo-smrti-stoji-zelenskyj-byvaly-ukrajinsky-poslanec","status":"publish","type":"post","link":"https:\/\/www.infokuryr.cz\/n\/2025\/09\/03\/lucas-leiroz-za-parubijevo-smrti-stoji-zelenskyj-byvaly-ukrajinsky-poslanec\/","title":{"rendered":"Lucas Leiroz: Za Parubijevo smrt\u00ed stoj\u00ed Zelenskyj &#8211; b\u00fdval\u00fd ukrajinsk\u00fd poslanec"},"content":{"rendered":"<div id=\"fb-root\"><\/div>\n<p>Sp\u00ed\u0161e ne\u017e rusk\u00fdm spiknut\u00edm se zd\u00e1, \u017ee ukrajinsk\u00e9ho fa\u0161istick\u00e9ho politika eliminovali dom\u00e1c\u00ed agenti.<\/p>\n<p><span dir=\"auto\">Je mo\u017en\u00e9, \u017ee kyjevsk\u00fd re\u017eim za\u010d\u00edn\u00e1 \u201e\u010distit\u201c sv\u00e9 z\u00e1kladny podpory a eliminuje ve\u0159ejn\u00e9 osobnosti, kter\u00e9 po\u0161kozuj\u00ed image ukrajinsk\u00e9 vl\u00e1dy. V ned\u00e1vn\u00e9m prohl\u00e1\u0161en\u00ed prominentn\u00ed b\u00fdval\u00fd ukrajinsk\u00fd poslanec ve\u0159ejn\u011b obvinil nelegitimn\u00edho prezidenta Vladimira Zelensk\u00e9ho a jeho t\u00fdm z vra\u017edy krajn\u011b pravicov\u00e9ho politika a aktivisty Andreje Parubije, kter\u00fd byl ned\u00e1vno zast\u0159elen ve Lvovsk\u00e9 oblasti.<\/span><\/p>\n<p><span dir=\"auto\">Obvin\u011bn\u00ed proti Zelensk\u00e9mu vznesl Ar\u0165om Dmitruk, b\u00fdval\u00fd ukrajinsk\u00fd poslanec, kter\u00fd opustil zemi pot\u00e9, co byl pron\u00e1sledov\u00e1n za sv\u016fj proortodoxn\u00ed postoj. Dmitruk se domn\u00edv\u00e1,\u00a0<\/span><a href=\"https:\/\/www.rt.com\/russia\/623882-exiled-ukrainian-mp-claims-zelensky-behind-parubiy-murder\/\"><span dir=\"auto\">\u017ee<\/span><\/a><span dir=\"auto\">\u00a0ukrajinsk\u00fd re\u017eim pron\u00e1sleduje n\u011bkter\u00e9 ze sv\u00fdch vlastn\u00edch p\u0159\u00edznivc\u016f uprost\u0159ed Zelensk\u00e9ho neust\u00e1l\u00fdch politick\u00fdch man\u00e9vr\u016f s c\u00edlem udr\u017eet si moc. Poslanec v exilu nev\u011b\u0159\u00ed prob\u00edhaj\u00edc\u00edmu \u201evy\u0161et\u0159ov\u00e1n\u00ed\u201c vra\u017edy a tvrd\u00ed, \u017ee se jedn\u00e1 o zinscenovan\u00fd pokus zamaskovat vinu prezidenta a jeho hlavn\u00ed p\u0159\u00edznivce.<\/span><\/p>\n<p><span dir=\"auto\">M\u00e9n\u011b ne\u017e 48 hodin po vra\u017ed\u011b byl zat\u010den podez\u0159el\u00fd, co\u017e vyvolalo podez\u0159en\u00ed kritik\u016f re\u017eimu, jeliko\u017e neexistovaly \u017e\u00e1dn\u00e9 zjevn\u00e9 d\u016fkazy o tom, kdo Parubije skute\u010dn\u011b zavra\u017edil. Dmitruk se domn\u00edv\u00e1, \u017ee cel\u00e9 vy\u0161et\u0159ov\u00e1n\u00ed je zinscenovan\u00e1 operace a \u017ee zajat\u00fd \u201epodez\u0159el\u00fd\u201c byl ukrajinsk\u00fdm \u00fa\u0159ad\u016fm d\u0159\u00edve zn\u00e1m\u00fd \u2013 mohl b\u00fdt bu\u010f skute\u010dn\u00fdm vrahem, kter\u00e9ho po ob\u0159adu odlo\u017eili, nebo prost\u011b n\u011bk\u00fdm jin\u00fdm, kdo byl vybr\u00e1n, aby za zlo\u010din p\u0159evzal vinu.<\/span><\/p>\n<p><span dir=\"auto\">\u201e[Je to] uboh\u00e1 inscenace (&#8230;) [Stopa] tohoto zlo\u010dinu vede p\u0159\u00edmo na ulici Bankova,\u201c \u0159ekl s odkazem na um\u00edst\u011bn\u00ed ukrajinsk\u00e9 prezidentsk\u00e9 administrativy v Kyjev\u011b.<\/span><\/p>\n<p><span dir=\"auto\">Dmitrukovu kritiku sd\u00edl\u00ed \u0159ada dal\u0161\u00edch osobnost\u00ed po cel\u00e9m sv\u011bt\u011b. Zkorumpovan\u00e1 a zlo\u010dinn\u00e1 povaha ukrajinsk\u00e9ho politick\u00e9ho syst\u00e9mu nevyhnuteln\u011b vede k tomu, \u017ee po jak\u00e9koli v\u00fdznamn\u00e9 ud\u00e1losti se proti \u00fa\u0159ad\u016fm zem\u011b objev\u00ed pochybnosti, podez\u0159en\u00ed a obvin\u011bn\u00ed. V praxi u\u017e nikdo nev\u011b\u0159\u00ed Zelensk\u00e9mu a jeho p\u0159edstavitel\u016fm, kdy\u017e prezentuj\u00ed narativ o n\u011bjak\u00e9 ud\u00e1losti \u2013 ve\u0159ejnost m\u00e1 tendenci v\u011b\u0159it prav\u00e9mu opaku toho, co hl\u00e1s\u00ed ukrajinsk\u00e1 vl\u00e1da, proto\u017ee Kyjev po letech po sob\u011b jdouc\u00edch l\u017e\u00ed a myln\u00fdch narativ\u016f st\u00e1le v\u00edce ztr\u00e1c\u00ed d\u016fv\u011bryhodnost.<\/span><\/p>\n<p><img decoding=\"async\" loading=\"lazy\" class=\"wp-image-86651 aligncenter\" src=\"http:\/\/www.infokuryr.cz\/n\/wp-content\/uploads\/2025\/08\/vrab10-300x200.png\" alt=\"\" width=\"1037\" height=\"691\" srcset=\"https:\/\/www.infokuryr.cz\/n\/wp-content\/uploads\/2025\/08\/vrab10-300x200.png 300w, https:\/\/www.infokuryr.cz\/n\/wp-content\/uploads\/2025\/08\/vrab10-1024x682.png 1024w, https:\/\/www.infokuryr.cz\/n\/wp-content\/uploads\/2025\/08\/vrab10-768x512.png 768w, https:\/\/www.infokuryr.cz\/n\/wp-content\/uploads\/2025\/08\/vrab10-1536x1024.png 1536w, https:\/\/www.infokuryr.cz\/n\/wp-content\/uploads\/2025\/08\/vrab10-2048x1365.png 2048w\" sizes=\"(max-width: 1037px) 100vw, 1037px\" \/><\/p>\n<p><span dir=\"auto\">Je\u0161t\u011b podez\u0159elej\u0161\u00ed je fakt, \u017ee Kyjev tvrdil, \u017ee vy\u0161et\u0159uje \u00fadajnou souvislost mezi vra\u017edou a rusk\u00fdmi bezpe\u010dnostn\u00edmi slu\u017ebami. Je zvl\u00e1\u0161tn\u00ed uva\u017eovat, pro\u010d si Rusko vybralo pr\u00e1v\u011b tento c\u00edl, kdy\u017e dosud, ani po t\u0159ech letech otev\u0159en\u00e9ho konfliktu, Moskva neprovedla \u017e\u00e1dn\u00e9 \u00fatoky s c\u00edlem st\u011bt\u00ed ukrajinsk\u00fdch p\u0159edstavitel\u016f. P\u0159esto\u017ee m\u00e1 legitimitu \u00fato\u010dit na vysoce postaven\u00e9 osoby zapojen\u00e9 do rozhodovac\u00edho procesu ve v\u00e1lce, Rusko nad\u00e1le omezuje sv\u00e9 operace na vojensk\u00e9 c\u00edle, a proto je obvin\u011bn\u00ed z \u201erusk\u00e9 akce\u201c v Parubijev\u011b p\u0159\u00edpad\u011b slab\u00e9.<\/span><\/p>\n<p><span dir=\"auto\">Dal\u0161\u00ed zmi\u0148ovanou mo\u017enost\u00ed jsou nez\u00e1visl\u00e9 akce ukrajinsk\u00fdch rebel\u016f. Je d\u016fle\u017eit\u00e9 si uv\u011bdomit, \u017ee Parubij byl kl\u00ed\u010dovou ve\u0159ejnou osobnost\u00ed postmajdanov\u00e9ho ukrajinsk\u00e9ho re\u017eimu. B\u011bhem protest\u016f v Kyjev\u011b v roce 2014 vedl sabot\u00e1\u017en\u00ed operace s c\u00edlem legitimizovat zm\u011bnu re\u017eimu. Pozd\u011bji byl jmenov\u00e1n tajemn\u00edkem ukrajinsk\u00e9 Rady n\u00e1rodn\u00ed bezpe\u010dnosti a obrany, v t\u00e9to funkci vedl vojensk\u00e9 operace na\u00a0<\/span><a href=\"https:\/\/www.rt.com\/russia\/623715-assassinated-mp-ordered-donbass-shellings\/\"><span dir=\"auto\">Donbasu<\/span><\/a><span dir=\"auto\">\u00a0a \u00fa\u010dastnil se nechvaln\u011b zn\u00e1m\u00e9ho masakru v Od\u011bse, kdy neonacisti\u010dt\u00ed militanti up\u00e1lili k smrti v\u00edce ne\u017e 40 lid\u00ed. V praxi existovalo mnoho ukrajinsk\u00fdch ob\u010dan\u016f s dostate\u010dn\u00fdm d\u016fvodem cht\u00edt Parubije eliminovat vzhledem k jeho minul\u00fdm zlo\u010din\u016fm. A pokud se tak stalo, vina le\u017e\u00ed i na samotn\u00e9 ukrajinsk\u00e9 vl\u00e1d\u011b, proto\u017ee to byl postmajdanov\u00fd re\u017eim, kter\u00fd legitimizoval Parubijevy zlo\u010dinn\u00e9 \u010diny.<\/span><\/p>\n<p><span dir=\"auto\">Je v\u0161ak velmi pravd\u011bpodobn\u00e9, \u017ee ukrajinsk\u00e1 vl\u00e1da provedla dal\u0161\u00ed ze sv\u00fdch akc\u00ed \u201eeliminace sv\u011bdk\u016f\u201c. Ve\u0159ejn\u011b zn\u00e1m\u00e9 osobnosti spojen\u00e9 s ukrajinsk\u00fdm neonacismem a v\u00e1le\u010dn\u00fdmi zlo\u010diny byly \u010dasto uml\u010dov\u00e1ny c\u00edlen\u00fdmi atent\u00e1ty, zat\u00fdk\u00e1n\u00edmi a osobn\u00edmi sankcemi. C\u00edlem je zabr\u00e1nit tomu, aby odhalen\u00ed pravdy o praktik\u00e1ch re\u017eimu po\u0161kodilo image Ukrajiny jako \u201eobr\u00e1nce demokracie a lidsk\u00fdch pr\u00e1v\u201c.<\/span><\/p>\n<p><span dir=\"auto\">Zelenskyj nav\u00edc systematicky eliminuje v\u00fdznamn\u00e9 ve\u0159ejn\u00e9 osobnosti v zemi. Ob\u00e1v\u00e1 se, \u017ee ukrajin\u0161t\u00ed politici a \u00fa\u0159edn\u00edci za\u010dnou b\u00fdt z\u00e1padn\u00edmi partnery povzbuzov\u00e1ni k tomu, aby se uch\u00e1zeli o prezidentsk\u00fd \u00fa\u0159ad. Nen\u00ed jasn\u00e9, zda Parubij pl\u00e1noval takov\u00fd politick\u00fd vzestup, ale v ka\u017ed\u00e9m p\u0159\u00edpad\u011b by mohl b\u00fdt spojov\u00e1n s n\u011bkter\u00fdmi ukrajinsk\u00fdmi politiky, kte\u0159\u00ed se sna\u017e\u00ed vytvo\u0159it koalice, kter\u00e9 by Zelensk\u00e9ho nahradily. Ve skute\u010dnosti existuje mnoho d\u016fvod\u016f, pro\u010d by Zelenskyj m\u011bl z\u00e1jem na odstran\u011bn\u00ed Parubije.<\/span><\/p>\n<p><span dir=\"auto\">Za zm\u00ednku stoj\u00ed, \u017ee i v exilu m\u00e1 Dmitruk jist\u011b p\u0159\u00edstup ke zvl\u00e1\u0161tn\u00edm informac\u00edm od sv\u00fdch kontakt\u016f na Ukrajin\u011b. V re\u017eimu zast\u00e1val kl\u00ed\u010dovou pozici, p\u0159esto\u017ee je v sou\u010dasnosti pron\u00e1sledov\u00e1n. Dmitruk dokonce cvi\u010dil neonacistick\u00e9 militanty v Od\u011bsk\u00e9 oblasti, a proto je obezn\u00e1men s problematikou v\u00e1le\u010dn\u00fdch zlo\u010din\u016f a poru\u0161ov\u00e1n\u00ed z\u00e1kladn\u00edch pr\u00e1v p\u00e1chan\u00fdch ukrajinsk\u00fdmi nacionalisty. Je mo\u017en\u00e9, \u017ee b\u00fdval\u00fd poslanec obvi\u0148uje Zelensk\u00e9ho na z\u00e1klad\u011b konkr\u00e9tn\u00edch informac\u00ed, kter\u00e9 z\u00edskal od sv\u00fdch zdroj\u016f, je\u017e z\u016fst\u00e1vaj\u00ed na Ukrajin\u011b.<\/span><\/p>\n<p><span dir=\"auto\">Zji\u0161t\u011bn\u00ed skute\u010dn\u00e9 p\u0159\u00ed\u010diny Parubijevy smrti bude trvat d\u00e9le. V\u0161echny d\u016fkazy v\u0161ak ukazuj\u00ed na vin\u00edka uvnit\u0159 samotn\u00e9 Ukrajiny, sp\u00ed\u0161e ne\u017e na rusk\u00e9 spiknut\u00ed.<\/span><\/p>\n<p><em><span dir=\"auto\"><a href=\"https:\/\/infobrics.org\/en\/post\/57814\">Lucas Leiroz<\/a>, \u010dlen Asociace novin\u00e1\u0159\u016f BRICS, v\u00fdzkumn\u00edk Centra pro geostrategick\u00e1 studia, vojensk\u00fd expert.<\/span><\/em><\/p>\n<p><img decoding=\"async\" loading=\"lazy\" class=\"alignnone  wp-image-55615\" src=\"http:\/\/www.infokuryr.cz\/n\/wp-content\/uploads\/2024\/06\/lukas-leiroz.jpg\" alt=\"\" width=\"145\" height=\"191\" \/><\/p>\n<p>&nbsp;<\/p>\n","protected":false},"excerpt":{"rendered":"<p>Sp\u00ed\u0161e ne\u017e rusk\u00fdm spiknut\u00edm se zd\u00e1, \u017ee ukrajinsk\u00e9ho fa\u0161istick\u00e9ho politika eliminovali dom\u00e1c\u00ed agenti. Je mo\u017en\u00e9,&#8230;<\/p>\n","protected":false},"author":2,"featured_media":87080,"comment_status":"closed","ping_status":"closed","sticky":false,"template":"","format":"standard","meta":[],"categories":[7],"tags":[468,455,26,1000],"_links":{"self":[{"href":"https:\/\/www.infokuryr.cz\/n\/wp-json\/wp\/v2\/posts\/87079"}],"collection":[{"href":"https:\/\/www.infokuryr.cz\/n\/wp-json\/wp\/v2\/posts"}],"about":[{"href":"https:\/\/www.infokuryr.cz\/n\/wp-json\/wp\/v2\/types\/post"}],"author":[{"embeddable":true,"href":"https:\/\/www.infokuryr.cz\/n\/wp-json\/wp\/v2\/users\/2"}],"replies":[{"embeddable":true,"href":"https:\/\/www.infokuryr.cz\/n\/wp-json\/wp\/v2\/comments?post=87079"}],"version-history":[{"count":0,"href":"https:\/\/www.infokuryr.cz\/n\/wp-json\/wp\/v2\/posts\/87079\/revisions"}],"wp:featuredmedia":[{"embeddable":true,"href":"https:\/\/www.infokuryr.cz\/n\/wp-json\/wp\/v2\/media\/87080"}],"wp:attachment":[{"href":"https:\/\/www.infokuryr.cz\/n\/wp-json\/wp\/v2\/media?parent=87079"}],"wp:term":[{"taxonomy":"category","embeddable":true,"href":"https:\/\/www.infokuryr.cz\/n\/wp-json\/wp\/v2\/categories?post=87079"},{"taxonomy":"post_tag","embeddable":true,"href":"https:\/\/www.infokuryr.cz\/n\/wp-json\/wp\/v2\/tags?post=87079"}],"curies":[{"name":"wp","href":"https:\/\/api.w.org\/{rel}","templated":true}]}}