{"id":8706,"date":"2022-03-01T02:01:30","date_gmt":"2022-03-01T01:01:30","guid":{"rendered":"http:\/\/www.infokuryr.cz\/n\/?p=8706"},"modified":"2022-02-28T19:49:43","modified_gmt":"2022-02-28T18:49:43","slug":"novy-starosta-new-yorku-je-cernoch-a-chce-ze-vsech-mistnich-udelat-vegetariany-je-vegetarianska-strava-kosher","status":"publish","type":"post","link":"https:\/\/www.infokuryr.cz\/n\/2022\/03\/01\/novy-starosta-new-yorku-je-cernoch-a-chce-ze-vsech-mistnich-udelat-vegetariany-je-vegetarianska-strava-kosher\/","title":{"rendered":"Nov\u00fd starosta New Yorku je \u010dernoch a chce ze v\u0161ech m\u00edstn\u00edch ud\u011blat vegetari\u00e1ny. Je vegetari\u00e1nsk\u00e1 strava kosher?"},"content":{"rendered":"<div id=\"fb-root\"><\/div>\n<p><strong>Nov\u00fd starosta nejbohat\u0161\u00edho m\u011bsta na sv\u011bt\u011b New Yorku Eric Adams (demokrat\u00fa je \u010dernoch a sou\u010dasn\u011b vegetari\u00e1n. Podle jeho pl\u00e1n\u016f by se m\u011bli st\u00e1t vegetari\u00e1ny i v\u0161ichni obyvatel\u00e9 m\u011bsta<\/strong>. New Yor\u010dan\u00e9 by podle n\u011bj m\u011bli v\u00e9st \u017eivost odvisl\u00fd od rostlin.<\/p>\n<p>N<strong>ew York City je decimov\u00e1no \u0161\u00edlen\u00fdmi koronavirov\u00fdmi na\u0159\u00edzen\u00edmi, obrovskou drahotou n\u00e1jm\u016f, op\u011bt rostouc\u00ed kriminalitou a starosta zat\u00edm chce \u0159e\u0161it vegetari\u00e1nstv\u00ed.<\/strong>\u00a0Ot\u00e1zkou nav\u00edc z\u016fst\u00e1v\u00e1, jak se k tomu postav\u00ed po\u010detn\u00e1 \u017eidovsk\u00e1 men\u0161ina, \u017did\u016f \u00fadajn\u011b \u017eije ve m\u011bst\u011b kolem 2 milion\u016f. Je vlastn\u011b vegetari\u00e1nsk\u00e1 strava kosher?<\/p>\n<p><img decoding=\"async\" loading=\"lazy\" class=\"wp-image-12303\" src=\"https:\/\/ceskavec.com\/wp-content\/uploads\/2022\/02\/new-york.webp\" alt=\"\" width=\"670\" height=\"402\" \/><\/p>\n<p><em>Nov\u00fd starosta New Yorku je vegetari\u00e1n a chce k vegetari\u00e1nstv\u00ed p\u0159iv\u00e9st i cel\u00e9 m\u011bsto<\/em><\/p>\n<p><strong>Bl\u00e1zniv\u00fd starosta NYC je jen dal\u0161\u00ed k\u00e1men do mozaiky glob\u00e1ln\u00ed perestrojky, kter\u00e1 m\u00e1 zlikvidovat b\u00edlou rasu a b\u00edl\u00e9 n\u00e1rody. Do veden\u00ed zem\u00ed a m\u011bst jsou dosazov\u00e1ni (nikoliv voleni) excentrici a zoufalci, kte\u0159\u00ed se zab\u00fdvaj\u00ed podru\u017enou agendou a vedou zem\u011b\/m\u011bsta k postupn\u00e9mu z\u00e1niku.<\/strong>\u00a0Ono se sta\u010d\u00ed pod\u00edvat na posledn\u00ed 2 prim\u00e1tory Prahy \u2013 Krn\u00e1\u010dov\u00e1 (Babi\u0161ovo ANO) a H\u0159ib (Pir\u00e1ti) i\u00a0<strong>oni jsou p\u0159\u00edkladem zoufalc\u016f, kte\u0159\u00ed se dostali do \u0159\u00edd\u00edc\u00ed funkce, na kterou nesta\u010d\u00ed. V\u00fdsledkem je, \u017ee n\u00e1sledn\u011b m\u00edsto kolabuj\u00edc\u00ed dopravy \u0159e\u0161\u00ed kolob\u011b\u017eky a neziskovky, nebo si prim\u00e1tor H\u0159ib vezme 14 dn\u016f volno a jde pom\u00e1hat do nemocnice a na radnici nikomu nechyb\u00ed.<\/strong>\u00a0Jen\u017ee to nen\u00ed n\u00e1hoda, podobn\u00fd trend vid\u00edte i v Brn\u011b, Plzni, Olomouci. Ostrav\u011b atd\u2026.<\/p>\n<p><a href=\"https:\/\/ceskavec.com\/2022\/02\/novy-starosta-new-yorku-je-cernoch-a-chce-ze-vsech-mistnich-udelat-vegetariany-je-vegetarianska-strava-kosher\">\u010cesk\u00e1 v\u011bc<\/a><\/p>\n<p>&nbsp;<\/p>\n","protected":false},"excerpt":{"rendered":"<p>Nov\u00fd starosta nejbohat\u0161\u00edho m\u011bsta na sv\u011bt\u011b New Yorku Eric Adams (demokrat\u00fa je \u010dernoch a sou\u010dasn\u011b&#8230;<\/p>\n","protected":false},"author":2,"featured_media":8707,"comment_status":"closed","ping_status":"closed","sticky":false,"template":"","format":"standard","meta":[],"categories":[7],"tags":[1747,1614,37],"_links":{"self":[{"href":"https:\/\/www.infokuryr.cz\/n\/wp-json\/wp\/v2\/posts\/8706"}],"collection":[{"href":"https:\/\/www.infokuryr.cz\/n\/wp-json\/wp\/v2\/posts"}],"about":[{"href":"https:\/\/www.infokuryr.cz\/n\/wp-json\/wp\/v2\/types\/post"}],"author":[{"embeddable":true,"href":"https:\/\/www.infokuryr.cz\/n\/wp-json\/wp\/v2\/users\/2"}],"replies":[{"embeddable":true,"href":"https:\/\/www.infokuryr.cz\/n\/wp-json\/wp\/v2\/comments?post=8706"}],"version-history":[{"count":0,"href":"https:\/\/www.infokuryr.cz\/n\/wp-json\/wp\/v2\/posts\/8706\/revisions"}],"wp:featuredmedia":[{"embeddable":true,"href":"https:\/\/www.infokuryr.cz\/n\/wp-json\/wp\/v2\/media\/8707"}],"wp:attachment":[{"href":"https:\/\/www.infokuryr.cz\/n\/wp-json\/wp\/v2\/media?parent=8706"}],"wp:term":[{"taxonomy":"category","embeddable":true,"href":"https:\/\/www.infokuryr.cz\/n\/wp-json\/wp\/v2\/categories?post=8706"},{"taxonomy":"post_tag","embeddable":true,"href":"https:\/\/www.infokuryr.cz\/n\/wp-json\/wp\/v2\/tags?post=8706"}],"curies":[{"name":"wp","href":"https:\/\/api.w.org\/{rel}","templated":true}]}}