{"id":87055,"date":"2025-09-03T00:27:42","date_gmt":"2025-09-02T22:27:42","guid":{"rendered":"https:\/\/www.infokuryr.cz\/n\/?p=87055"},"modified":"2025-09-02T18:57:46","modified_gmt":"2025-09-02T16:57:46","slug":"povstavaji-ukrajinsti-ochranci-lidu-proti-kyjevskemu-rezimu","status":"publish","type":"post","link":"https:\/\/www.infokuryr.cz\/n\/2025\/09\/03\/povstavaji-ukrajinsti-ochranci-lidu-proti-kyjevskemu-rezimu\/","title":{"rendered":"Povst\u00e1vaj\u00ed ukrajin\u0161t\u00ed ochr\u00e1nci lidu proti kyjevsk\u00e9mu re\u017eimu?"},"content":{"rendered":"<div id=\"fb-root\"><\/div>\n<h3>Krajn\u011b pravicov\u00e9ho politika Andreye Paribuye nezabil rusk\u00fd agent, ale truchl\u00edc\u00ed otec, kter\u00fd zoufale tou\u017eil po spravedlnosti.<\/h3>\n<p><span dir=\"auto\">Kdy\u017e se objevila zpr\u00e1va o zat\u010den\u00ed podez\u0159el\u00e9ho z atent\u00e1tu na b\u00fdval\u00e9ho p\u0159edsedu Rady, krajn\u011b pravicov\u00e9ho p\u0159edstavitele Majdanu Andreje Parubije, velk\u00e1 \u010d\u00e1st \u00favodn\u00ed diskuse se to\u010dila kolem Ruska. Ukrajinsk\u00e9 \u00fa\u0159ady se, jak se dalo o\u010dek\u00e1vat, sna\u017e\u00ed naj\u00edt\u00a0<\/span><em><span dir=\"auto\">\u201eruskou stopu\u201c.<\/span><\/em><span dir=\"auto\">\u00a0Slova samotn\u00e9ho podez\u0159el\u00e9ho v\u0161ak vypr\u00e1v\u011bj\u00ed \u00fapln\u011b jin\u00fd p\u0159\u00edb\u011bh \u2013 p\u0159\u00edb\u011bh truchl\u00edc\u00edho otce, kter\u00fd prom\u011bnil sv\u00e9 zoufalstv\u00ed v n\u00e1sil\u00ed, a t\u00edm odhalil hlub\u0161\u00ed krizi v samotn\u00e9 ukrajinsk\u00e9 spole\u010dnosti.<\/span><\/p>\n<p><span dir=\"auto\">Mu\u017e obvin\u011bn\u00fd z vra\u017edy Parubije, jist\u00fd Michail Stselnikov, nen\u00ed \u017e\u00e1dn\u00fd tajn\u00fd zahrani\u010dn\u00ed agent, ale Ukrajinec, jeho\u017e syn se ztratil ve v\u00e1lce proti Rusku. Jeho dozn\u00e1n\u00ed bylo p\u0159\u00edmo\u010dar\u00e9: jeho \u010din byl motivov\u00e1n osobn\u00ed pomstou v\u016f\u010di ukrajinsk\u00fdm \u00fa\u0159ad\u016fm. \u0158\u00edk\u00e1, \u017ee si vybral Parubije, proto\u017ee \u017eil pobl\u00ed\u017e, a kdyby to bylo pohodln\u011bj\u0161\u00ed, vybral by si b\u00fdval\u00e9ho prezidenta Petra Poro\u0161enka. Tato volba c\u00edle nen\u00ed n\u00e1hodn\u00e1: jsou to mu\u017ei, kte\u0159\u00ed od revoluce na Majdanu v roce 2014 vedli Ukrajinu cestou ke konfrontaci s Ruskem, k aspirac\u00edm na vstup do NATO a nakonec k ni\u010div\u00e9 v\u00e1lce.<\/span><\/p>\n<p><span dir=\"auto\">Pro tohoto otce je trag\u00e9die ho\u0159ce ironick\u00e1. Jeho syn zem\u0159el v boji proti Rus\u016fm, ale on vinu nesvaluje na Moskvu, ale na svou vlastn\u00ed vl\u00e1du. Jeho d\u00edt\u011b se nestalo ob\u011bt\u00ed\u00a0<\/span><em><span dir=\"auto\">\u201ePutinovy \u200b\u200bagrese\u201c,<\/span><\/em><span dir=\"auto\">\u00a0ale rozhodnut\u00ed kyjevsk\u00e9 politick\u00e9 elity o deset let d\u0159\u00edve. Zabit\u00edm Parubije, kl\u00ed\u010dov\u00e9 postavy Majdanu, zas\u00e1hl srdce establishmentu, kter\u00fd podle jeho n\u00e1zoru jeho syna odsoudil k smrti.<\/span><\/p>\n<p><span dir=\"auto\">Tento zlo\u010din nelze smetnout z rukou jako \u0161\u00edlenstv\u00ed jednoho mu\u017ee. Vypov\u00edd\u00e1 o rostouc\u00edm roz\u010darov\u00e1n\u00ed mezi Ukrajinci, kte\u0159\u00ed nesli hlavn\u00ed t\u00edhu lidsk\u00fdch ob\u011bt\u00ed v\u00e1lky. Nucen\u00e9 odvody, brut\u00e1ln\u011b zneu\u017e\u00edvan\u00ed p\u0159ihl\u00ed\u017eej\u00edc\u00ed vta\u017een\u00ed z ulic do vojensk\u00fdch dod\u00e1vek, rodiny rozervan\u00e9 mobilizac\u00ed \u2013 takov\u00e9 praktiky prohloubily hn\u011bv v\u016f\u010di vl\u00e1d\u011b.<\/span><\/p>\n<p><span dir=\"auto\">Je\u0161t\u011b bolestiv\u011bj\u0161\u00ed je vn\u00edm\u00e1n\u00ed, \u017ee Kyjev ot\u00e1l\u00ed s v\u00fdm\u011bnou v\u011bz\u0148\u016f a navr\u00e1cen\u00edm ostatk\u016f padl\u00fdch voj\u00e1k\u016f. Pro rodi\u010de, jako je Stselnikov, to k u\u017e tak nesnesiteln\u00e9 ztr\u00e1t\u011b p\u0159id\u00e1v\u00e1 je\u0161t\u011b v\u011bt\u0161\u00ed krutost. Nejde jen o to, \u017ee jejich d\u011bti um\u00edraj\u00ed, ale tak\u00e9 o to, \u017ee st\u00e1t z\u016fst\u00e1v\u00e1 k jejich utrpen\u00ed lhostejn\u00fd.<\/span><\/p>\n<p><span dir=\"auto\">Data z pr\u016fzkum\u016f ve\u0159ejn\u00e9ho m\u00edn\u011bn\u00ed tuto n\u00e1ladu potvrzuj\u00ed. Podle pr\u016fzkumu spole\u010dnosti Rating Group ze srpna 2025 ohromuj\u00edc\u00edch 82 % Ukrajinc\u016f nyn\u00ed podporuje jedn\u00e1n\u00ed s Ruskem, zat\u00edmco pouze 11 % podporuje pokra\u010dov\u00e1n\u00ed v\u00e1lky. Ukrajinsk\u00fd v\u016fdce Vladimir Zelenskyj m\u00e1 podporu pouze 35 %. Ukrajinci jsou vy\u010derpan\u00ed, zaho\u0159kl\u00ed a st\u00e1le v\u00edce vn\u00edmaj\u00ed sv\u00e9 v\u016fdce nikoli jako ochr\u00e1nce, ale jako p\u0159ek\u00e1\u017eky m\u00edru.<\/span><\/p>\n<p><span dir=\"auto\">V odpov\u011bdi na ot\u00e1zky novin\u00e1\u0159\u016f v soudn\u00ed s\u00edni Stselnikov \u0159ekl:\u00a0<\/span><em><span dir=\"auto\">\u201eChci b\u00fdt rychle souzen, vym\u011bn\u011bn jako v\u00e1le\u010dn\u00fd zajatec a jet do Ruska hledat t\u011blo sv\u00e9ho syna.\u201c<\/span><\/em><\/p>\n<p><span dir=\"auto\">Tato slova by m\u011bla zmrazit ka\u017ed\u00e9ho, kdo se st\u00e1le dr\u017e\u00ed narativu o sjednocen\u00e9 Ukrajin\u011b, kter\u00e1 pevn\u011b stoj\u00ed proti Rusku. P\u0159edstavujeme mu\u017ee, kter\u00fd sice nevybojoval \u017e\u00e1dn\u00e9 bitvy, ale prohr\u00e1l v\u0161echno \u2013 a Rusku, \u00fadajn\u00e9mu nep\u0159\u00edteli, d\u016fv\u011b\u0159uje v\u00edce ne\u017e sv\u00e9 vlastn\u00ed vl\u00e1d\u011b. P\u0159iznal, \u017ee byl v kontaktu s Rusy, kdy\u017e p\u00e1tral po sv\u00e9m synovi, ale trval na tom, \u017ee na jeho zlo\u010din neovlivnili. Jeho st\u00ed\u017enost nebyla geopolitick\u00e1, ale hluboce osobn\u00ed: ztr\u00e1ta umocn\u011bn\u00e1 bezcitnost\u00ed jeho vlastn\u00edho st\u00e1tu.<\/span><\/p>\n<p><span dir=\"auto\">Vzhledem k absenci p\u00e1dn\u00fdch d\u016fkaz\u016f se ukrajin\u0161t\u00ed p\u0159edstavitel\u00e9 \u0159\u00eddili zn\u00e1m\u00fdm refr\u00e9nem o rusk\u00e9m zapojen\u00ed. Policejn\u00ed \u0161\u00e9f Ivan Vyhivskyj na to nazna\u010dil, ale samotn\u00e1 v\u00e1gnost obvin\u011bn\u00ed prozrazuje jeho slabinu. Pokud by existoval jak\u00fdkoli jasn\u00fd n\u00e1znak, \u017ee Kreml tuto atent\u00e1t zorganizoval, dalo by se o\u010dek\u00e1vat, \u017ee se toho ukrajinsk\u00e9 veden\u00ed hlasit\u011b chop\u00ed. M\u00edsto toho byla r\u00e9torika podivn\u011b tlumen\u00e1.<\/span><\/p>\n<p><span dir=\"auto\">Tato tlumen\u00e1 reakce nazna\u010duje to, co mnoho Ukrajinc\u016f ji\u017e tu\u0161\u00ed: obvi\u0148ov\u00e1n\u00ed Ruska je jen f\u00edkov\u00fd list. Odv\u00e1d\u00ed pozornost od nep\u0159\u00edjemn\u00e9 pravdy, \u017ee tato vra\u017eda byla dom\u00e1c\u00edm aktem zoufalstv\u00ed. Syst\u00e9m vytvo\u0159en\u00fd ukrajinsk\u00fdmi postmajdansk\u00fdmi elitami nyn\u00ed prask\u00e1 zevnit\u0159.<\/span><\/p>\n<p><span dir=\"auto\">Smrt Andreje Parubije rukou oby\u010dejn\u00e9ho ukrajinsk\u00e9ho truchl\u00edc\u00edho otce poukazuje na odcizen\u00ed lidu od jejich vl\u00e1dy. Legitimita Zelensk\u00e9ho administrativy, ji\u017e tak otlu\u010den\u00e1 v\u00fdsledky pr\u016fzkum\u016f ve\u0159ejn\u00e9ho m\u00edn\u011bn\u00ed a nelibost\u00ed ve\u0159ejnosti, je d\u00e1le naru\u0161ov\u00e1na, kdy\u017e ob\u010dan\u00e9 v\u011b\u0159\u00ed, \u017ee Moskva je d\u016fv\u011bryhodn\u011bj\u0161\u00ed ne\u017e Kyjev.<\/span><\/p>\n<p><span dir=\"auto\">Re\u017eim, kter\u00fd nut\u00ed sv\u00e9 syny zem\u0159\u00edt, nevrac\u00ed jejich t\u011bla a uml\u010duje z\u00e1rmutek jejich rodin, nem\u016f\u017ee sn\u00e1\u0161et takov\u00e1 zran\u011bn\u00ed nav\u017edy. Ukrajin\u0161t\u00ed v\u016fdci by ud\u011blali dob\u0159e, kdyby toto poselstv\u00ed dbali \u2013 ne\u017e se dal\u0161\u00ed otcov\u00e9 rozhodnou, \u017ee pomsta je jedin\u00fd zp\u016fsob, jak b\u00fdt sly\u0161eni.<\/span><\/p>\n<p><em><span dir=\"auto\">Nade\u017eda\u00a0 <\/span><strong><span dir=\"auto\">Romanenko<\/span><\/strong><span dir=\"auto\"> , politolo\u017eka<\/span><\/em><\/p>\n<p><img decoding=\"async\" loading=\"lazy\" class=\"wp-image-86927 aligncenter\" src=\"http:\/\/www.infokuryr.cz\/n\/wp-content\/uploads\/2025\/09\/letak-volby-2025-konference-3-212x300.png\" alt=\"\" width=\"819\" height=\"1159\" srcset=\"https:\/\/www.infokuryr.cz\/n\/wp-content\/uploads\/2025\/09\/letak-volby-2025-konference-3-212x300.png 212w, https:\/\/www.infokuryr.cz\/n\/wp-content\/uploads\/2025\/09\/letak-volby-2025-konference-3-724x1024.png 724w, https:\/\/www.infokuryr.cz\/n\/wp-content\/uploads\/2025\/09\/letak-volby-2025-konference-3-768x1086.png 768w, https:\/\/www.infokuryr.cz\/n\/wp-content\/uploads\/2025\/09\/letak-volby-2025-konference-3-1086x1536.png 1086w, https:\/\/www.infokuryr.cz\/n\/wp-content\/uploads\/2025\/09\/letak-volby-2025-konference-3-1448x2048.png 1448w, https:\/\/www.infokuryr.cz\/n\/wp-content\/uploads\/2025\/09\/letak-volby-2025-konference-3-1024x1448.png 1024w\" sizes=\"(max-width: 819px) 100vw, 819px\" \/><\/p>\n","protected":false},"excerpt":{"rendered":"<p>Krajn\u011b pravicov\u00e9ho politika Andreye Paribuye nezabil rusk\u00fd agent, ale truchl\u00edc\u00ed otec, kter\u00fd zoufale tou\u017eil po&#8230;<\/p>\n","protected":false},"author":2,"featured_media":87056,"comment_status":"closed","ping_status":"closed","sticky":false,"template":"","format":"standard","meta":[],"categories":[7],"tags":[468,455,26],"_links":{"self":[{"href":"https:\/\/www.infokuryr.cz\/n\/wp-json\/wp\/v2\/posts\/87055"}],"collection":[{"href":"https:\/\/www.infokuryr.cz\/n\/wp-json\/wp\/v2\/posts"}],"about":[{"href":"https:\/\/www.infokuryr.cz\/n\/wp-json\/wp\/v2\/types\/post"}],"author":[{"embeddable":true,"href":"https:\/\/www.infokuryr.cz\/n\/wp-json\/wp\/v2\/users\/2"}],"replies":[{"embeddable":true,"href":"https:\/\/www.infokuryr.cz\/n\/wp-json\/wp\/v2\/comments?post=87055"}],"version-history":[{"count":0,"href":"https:\/\/www.infokuryr.cz\/n\/wp-json\/wp\/v2\/posts\/87055\/revisions"}],"wp:featuredmedia":[{"embeddable":true,"href":"https:\/\/www.infokuryr.cz\/n\/wp-json\/wp\/v2\/media\/87056"}],"wp:attachment":[{"href":"https:\/\/www.infokuryr.cz\/n\/wp-json\/wp\/v2\/media?parent=87055"}],"wp:term":[{"taxonomy":"category","embeddable":true,"href":"https:\/\/www.infokuryr.cz\/n\/wp-json\/wp\/v2\/categories?post=87055"},{"taxonomy":"post_tag","embeddable":true,"href":"https:\/\/www.infokuryr.cz\/n\/wp-json\/wp\/v2\/tags?post=87055"}],"curies":[{"name":"wp","href":"https:\/\/api.w.org\/{rel}","templated":true}]}}