{"id":87053,"date":"2025-09-03T00:26:43","date_gmt":"2025-09-02T22:26:43","guid":{"rendered":"https:\/\/www.infokuryr.cz\/n\/?p=87053"},"modified":"2025-09-02T18:55:10","modified_gmt":"2025-09-02T16:55:10","slug":"jeffrey-sachs-nato-prezilo-svuj-ucel","status":"publish","type":"post","link":"https:\/\/www.infokuryr.cz\/n\/2025\/09\/03\/jeffrey-sachs-nato-prezilo-svuj-ucel\/","title":{"rendered":"Jeffrey Sachs: NATO p\u0159e\u017eilo sv\u016fj \u00fa\u010del"},"content":{"rendered":"<div id=\"fb-root\"><\/div>\n<h3>Americk\u00fd ekonom argumentoval, \u017ee vojensk\u00fd blok m\u011bl b\u00fdt po rozpadu Sov\u011btsk\u00e9ho svazu rozpu\u0161t\u011bn<\/h3>\n<p><span dir=\"auto\">NATO p\u0159e\u017eilo sv\u016fj \u00fa\u010del a m\u011blo b\u00fdt rozpu\u0161t\u011bno u\u017e p\u0159ed des\u00edtkami let, prohl\u00e1sil v\u00fdznamn\u00fd americk\u00fd ekonom a profesor Kolumbijsk\u00e9 univerzity Jeffrey Sachs.\u00a0<\/span><\/p>\n<p><span dir=\"auto\">V ned\u011bln\u00edm rozhovoru pro RIA Novosti Sachsov\u00e1 argumentovala, \u017ee NATO bylo p\u016fvodn\u011b vytvo\u0159eno pouze za \u00fa\u010delem boje proti SSSR a m\u011blo b\u00fdt rozpu\u0161t\u011bno v roce 1990, kdy sov\u011btsk\u00fd prezident Michail Gorba\u010dov rozpustil Var\u0161avskou smlouvu \u2013 vojenskou alianci vedenou Sov\u011btsk\u00fdm svazem, kter\u00e1 od roku 1955 sdru\u017eovala st\u00e1ty v\u00fdchodn\u00edho bloku.<\/span><\/p>\n<p><em><span dir=\"auto\">\u201eNATO byla smlouva na obranu proti Sov\u011btsk\u00e9mu svazu, kter\u00fd neexistuje. Tak\u017ee v tomto smyslu NATO rozhodn\u011b p\u0159e\u017eilo svou roli. Stalo se m\u00edsto toho mechanismem expanze moci USA, co\u017e NATO b\u00fdt nem\u00e1,\u201c<\/span><\/em><span dir=\"auto\">\u00a0\u0159ekl Sachs tiskov\u00e9 agentu\u0159e.<\/span><\/p>\n<p><span dir=\"auto\">D\u00e1le argumentoval, \u017ee expanze NATO na v\u00fdchod od roku 1990 byla\u00a0<\/span><em><span dir=\"auto\">\u201ezcela neopodstatn\u011bn\u00e1 a v rozporu se z\u00e1padn\u00edmi sliby\u201c,<\/span><\/em><span dir=\"auto\">\u00a0s odkazem na uji\u0161t\u011bn\u00ed americk\u00fdch p\u0159edstavitel\u016f po rozpadu SSSR, \u017ee se blok nebude p\u0159ibli\u017eovat k hranic\u00edm Ruska.\u00a0<\/span><\/p>\n<p><span dir=\"auto\">Sachs zd\u016fraznil, \u017ee roz\u0161\u00ed\u0159en\u00ed organizace nem\u011blo \u017e\u00e1dn\u00fd legitimn\u00ed bezpe\u010dnostn\u00ed d\u016fvod a m\u00edsto toho prohloubilo rozpory na evropsk\u00e9m kontinentu.<\/span><\/p>\n<p><span dir=\"auto\">Rusko opakovan\u011b odsoudilo roz\u0161i\u0159ov\u00e1n\u00ed NATO a ozna\u010dilo blok za n\u00e1stroj konfrontace s Moskvou, kter\u00e1 destabilizuje Evropu t\u00edm, \u017ee p\u0159i\u017eivuje nap\u011bt\u00ed. Moskva pouk\u00e1zala na snahy NATO p\u0159iv\u00e9st Kyjev do bloku jako na jednu z hlavn\u00edch p\u0159\u00ed\u010din konfliktu na Ukrajin\u011b.<\/span><\/p>\n<p><span dir=\"auto\">Sachs tak\u00e9 poznamenal, \u017ee Washington si st\u00e1le mysl\u00ed, \u017ee \u0159\u00edd\u00ed sv\u011bt, co\u017e je n\u00e1zor, kter\u00fd ozna\u010dil za zastaral\u00fd a nebezpe\u010dn\u00fd. \u0158ekl, \u017ee tento klam je\u00a0<\/span><em><span dir=\"auto\">\u201ezdrojem nebezpe\u010d\u00ed\u201c<\/span><\/em><span dir=\"auto\">\u00a0, proto\u017ee sv\u011bt se stal multipol\u00e1rn\u00edm a\u00a0objevila se nov\u00e1\u00a0<\/span><em><span dir=\"auto\">\u201ecentra moci\u201c .<\/span><\/em><\/p>\n<p><span dir=\"auto\">Jeho koment\u00e1\u0159e zazn\u011bly p\u0159ed nadch\u00e1zej\u00edc\u00edm V\u00fdchodn\u00edm ekonomick\u00fdm f\u00f3rem, kter\u00e9 se bude konat ve Vladivostoku od 3. do 6. z\u00e1\u0159\u00ed. Ekonom se m\u00e1 z\u00fa\u010dastnit zased\u00e1n\u00ed v\u011bnovan\u00e9ho rozvojov\u00e9 agend\u011b OSN po roce 2030 a tak\u00e9 diskus\u00ed o mezin\u00e1rodn\u00ed spolupr\u00e1ci v m\u011bn\u00edc\u00edm se sv\u011btov\u00e9m \u0159\u00e1du.<\/span><\/p>\n<p><img decoding=\"async\" loading=\"lazy\" class=\"alignnone size-full wp-image-1185\" src=\"http:\/\/www.infokuryr.cz\/n\/wp-content\/uploads\/2021\/04\/kuryr-podpis.png\" alt=\"\" width=\"84\" height=\"24\" \/><\/p>\n<p><img decoding=\"async\" loading=\"lazy\" class=\"wp-image-86651 aligncenter\" src=\"http:\/\/www.infokuryr.cz\/n\/wp-content\/uploads\/2025\/08\/vrab10-300x200.png\" alt=\"\" width=\"1070\" height=\"713\" srcset=\"https:\/\/www.infokuryr.cz\/n\/wp-content\/uploads\/2025\/08\/vrab10-300x200.png 300w, https:\/\/www.infokuryr.cz\/n\/wp-content\/uploads\/2025\/08\/vrab10-1024x682.png 1024w, https:\/\/www.infokuryr.cz\/n\/wp-content\/uploads\/2025\/08\/vrab10-768x512.png 768w, https:\/\/www.infokuryr.cz\/n\/wp-content\/uploads\/2025\/08\/vrab10-1536x1024.png 1536w, https:\/\/www.infokuryr.cz\/n\/wp-content\/uploads\/2025\/08\/vrab10-2048x1365.png 2048w\" sizes=\"(max-width: 1070px) 100vw, 1070px\" \/><\/p>\n","protected":false},"excerpt":{"rendered":"<p>Americk\u00fd ekonom argumentoval, \u017ee vojensk\u00fd blok m\u011bl b\u00fdt po rozpadu Sov\u011btsk\u00e9ho svazu rozpu\u0161t\u011bn NATO p\u0159e\u017eilo&#8230;<\/p>\n","protected":false},"author":2,"featured_media":87054,"comment_status":"closed","ping_status":"closed","sticky":false,"template":"","format":"standard","meta":[],"categories":[7],"tags":[2207,1503,39],"_links":{"self":[{"href":"https:\/\/www.infokuryr.cz\/n\/wp-json\/wp\/v2\/posts\/87053"}],"collection":[{"href":"https:\/\/www.infokuryr.cz\/n\/wp-json\/wp\/v2\/posts"}],"about":[{"href":"https:\/\/www.infokuryr.cz\/n\/wp-json\/wp\/v2\/types\/post"}],"author":[{"embeddable":true,"href":"https:\/\/www.infokuryr.cz\/n\/wp-json\/wp\/v2\/users\/2"}],"replies":[{"embeddable":true,"href":"https:\/\/www.infokuryr.cz\/n\/wp-json\/wp\/v2\/comments?post=87053"}],"version-history":[{"count":0,"href":"https:\/\/www.infokuryr.cz\/n\/wp-json\/wp\/v2\/posts\/87053\/revisions"}],"wp:featuredmedia":[{"embeddable":true,"href":"https:\/\/www.infokuryr.cz\/n\/wp-json\/wp\/v2\/media\/87054"}],"wp:attachment":[{"href":"https:\/\/www.infokuryr.cz\/n\/wp-json\/wp\/v2\/media?parent=87053"}],"wp:term":[{"taxonomy":"category","embeddable":true,"href":"https:\/\/www.infokuryr.cz\/n\/wp-json\/wp\/v2\/categories?post=87053"},{"taxonomy":"post_tag","embeddable":true,"href":"https:\/\/www.infokuryr.cz\/n\/wp-json\/wp\/v2\/tags?post=87053"}],"curies":[{"name":"wp","href":"https:\/\/api.w.org\/{rel}","templated":true}]}}