{"id":87030,"date":"2025-09-04T00:14:35","date_gmt":"2025-09-03T22:14:35","guid":{"rendered":"https:\/\/www.infokuryr.cz\/n\/?p=87030"},"modified":"2025-09-02T13:48:04","modified_gmt":"2025-09-02T11:48:04","slug":"nove-oko-sledovaneho-statu-oblicej-telo-chuze-cela-osoba-se-stava-biometrickym-podpisem","status":"publish","type":"post","link":"https:\/\/www.infokuryr.cz\/n\/2025\/09\/04\/nove-oko-sledovaneho-statu-oblicej-telo-chuze-cela-osoba-se-stava-biometrickym-podpisem\/","title":{"rendered":"Nov\u00e9 oko sledovan\u00e9ho st\u00e1tu \u2013 obli\u010dej, t\u011blo, ch\u016fze \u2013 cel\u00e1 osoba se st\u00e1v\u00e1 biometrick\u00fdm podpisem"},"content":{"rendered":"<div id=\"fb-root\"><\/div>\n<p><span dir=\"auto\">Nen\u00e1padn\u00fd n\u00e1zev, obrovsk\u00fd z\u00e1b\u011br:\u00a0<\/span><a href=\"https:\/\/www.iarpa.gov\/research-programs\/briar\" target=\"_blank\" rel=\"noreferrer noopener\" data-type=\"link\" data-id=\"https:\/\/www.iarpa.gov\/research-programs\/briar\"><strong><span dir=\"auto\">BRIAR<\/span><\/strong><span dir=\"auto\">\u00a0\u2013\u00a0<\/span><em><span dir=\"auto\">Biometrick\u00e9 rozpozn\u00e1v\u00e1n\u00ed a identifikace ve v\u00fd\u0161ce a rozsahu<\/span><\/em><\/a><span dir=\"auto\">\u00a0\u2013 je nejnov\u011bj\u0161\u00ed sledovac\u00ed program americk\u00e9 zpravodajsk\u00e9 komunity. Ofici\u00e1ln\u011b spu\u0161t\u011bn\u00fd v roce 2021 slibuje nic men\u0161\u00edho ne\u017e p\u0159esnou identifikaci osob ze vzd\u00e1lenosti stovek metr\u016f nebo z dron\u016f \u2013 na z\u00e1klad\u011b obli\u010deje, tvaru t\u011bla nebo dokonce ch\u016fze.<\/span><\/p>\n<p><span dir=\"auto\">Program financovan\u00fd americkou v\u00fdzkumnou agenturou IARPA pob\u011b\u017e\u00ed 48 m\u011bs\u00edc\u016f. C\u00edlem je vyvinout software, kter\u00fd dok\u00e1\u017ee zachytit biometrick\u00e9 charakteristiky i za n\u00e1ro\u010dn\u00fdch podm\u00ednek, jako jsou turbulence vzduchu nebo zv\u00fd\u0161en\u00fd pozorovac\u00ed \u00fahel. Jin\u00fdmi slovy: \u017e\u00e1dn\u00fd dal\u0161\u00ed \u00fab\u011b\u017en\u00edk, \u017e\u00e1dn\u00e1 dal\u0161\u00ed hmota pro zaji\u0161t\u011bn\u00ed anonymity.<\/span><\/p>\n<figure class=\"wp-block-embed is-type-video is-provider-youtube wp-block-embed-youtube wp-embed-aspect-16-9 wp-has-aspect-ratio\">\n<div class=\"wp-block-embed__wrapper\"><iframe loading=\"lazy\" title=\"Program BRIAR Rozhovor s premi\u00e9rem IARPA Dr. Stergiosem Papadakisem\" src=\"https:\/\/www.youtube.com\/embed\/7i1UwwHXHVY?start=3&amp;feature=oembed\" width=\"800\" height=\"450\" frameborder=\"0\" allowfullscreen=\"allowfullscreen\" data-mce-fragment=\"1\"><\/iframe><\/div>\n<\/figure>\n<p><span dir=\"auto\">Stos Papadakis, programov\u00fd mana\u017eer BRIAR, otev\u0159en\u011b vysv\u011btluje zam\u011b\u0159en\u00ed: bezpe\u010dnost hranic, boj proti terorismu a ochrana kritick\u00e9 infrastruktury. Pokud si ale pozorn\u011b poslechnete, uv\u011bdom\u00edte si: Tento syst\u00e9m je ur\u010den k p\u0159ipojen\u00ed v\u0161ude \u2013 \u201ek existuj\u00edc\u00edm i budouc\u00edm kamerov\u00fdm syst\u00e9m\u016fm\u201c \u2013 od leti\u0161\u0165 a\u017e po m\u011bstsk\u00e9 bezpe\u010dnostn\u00ed s\u00edt\u011b. D\u00edky tomu je BRIAR\u00a0<\/span><strong><span dir=\"auto\">univerz\u00e1ln\u011b pou\u017eiteln\u00fdm n\u00e1strojem pro \u00faplnou biometrickou kontrolu<\/span><\/strong><span dir=\"auto\">\u00a0.<\/span><\/p>\n<p><span dir=\"auto\">Obzvl\u00e1\u0161t\u011b kontroverzn\u00ed je tvrzen\u00ed, \u017ee dok\u00e1\u017ee rozpozn\u00e1vat lidi z d\u00e1lky \u201el\u00e9pe ne\u017e vy\u0161kolen\u00ed odborn\u00edci\u201c. S pomoc\u00ed strojov\u00e9ho u\u010den\u00ed se obli\u010dej, t\u011blo a ch\u016fze automaticky porovn\u00e1vaj\u00ed a zpracov\u00e1vaj\u00ed v kombinovan\u00e9 anal\u00fdze bez lidsk\u00e9 kontroly. Software nez\u00e1visle vybere nejlep\u0161\u00ed metodu identifikace a zobraz\u00ed v\u00fdsledek. To zn\u00ed efektivn\u011b \u2013 ale je to tak\u00e9 krok k\u00a0<\/span><strong><span dir=\"auto\">pln\u011b automatizovan\u00e9mu generov\u00e1n\u00ed podez\u0159en\u00ed<\/span><\/strong><span dir=\"auto\">\u00a0.<\/span><\/p>\n<p><span dir=\"auto\">D\u016fle\u017eit\u00fd je i kontext: V dob\u011b rostouc\u00edho nap\u011bt\u00ed vyu\u017e\u00edv\u00e1 americk\u00e1 vl\u00e1da syst\u00e9m BRIAR k bezprobl\u00e9mov\u00e9mu propojen\u00ed civiln\u00ed infrastruktury s vojensk\u00fdmi zpravodajsk\u00fdmi aplikacemi. Pod heslem \u201eochrany\u201c se zav\u00e1d\u00ed technologie, kter\u00e1 dok\u00e1\u017ee zaznamen\u00e1vat pohyby, chov\u00e1n\u00ed a fyzick\u00e1 data cel\u00fdch populac\u00ed.<\/span><\/p>\n<p><span dir=\"auto\">Zast\u00e1nci ochrany osobn\u00edch \u00fadaj\u016f varuj\u00ed: Co se dnes ospravedl\u0148uje jako boj proti terorismu, m\u016f\u017ee b\u00fdt z\u00edtra pou\u017eito k potla\u010den\u00ed politick\u00e9 opozice, kontrole migrace nebo prov\u00e1d\u011bn\u00ed soci\u00e1ln\u00edho dohledu. BRIAR se toti\u017e nezam\u011b\u0159uje jen na \u201ezl\u00e9 lidi\u201c \u2013 zam\u011b\u0159uje se na ka\u017ed\u00e9ho, kdo se objev\u00ed v zorn\u00e9m poli kamer.<\/span><\/p>\n<p><span dir=\"auto\">Z\u00e1sadn\u00ed ot\u00e1zkou je:\u00a0<\/span><strong><span dir=\"auto\">Chceme \u017e\u00edt ve sv\u011bt\u011b, kde pouh\u00e1 ch\u016fze po ulici nebo zm\u011bna dr\u017een\u00ed t\u011bla sta\u010d\u00ed k tomu, aby vl\u00e1dn\u00ed algoritmy ur\u010dily na\u0161i identitu?<\/span><\/strong><span dir=\"auto\">\u00a0BRIAR ukazuje: Technologicky tato budoucnost nen\u00ed daleko \u2013 v sou\u010dasn\u00e9 dob\u011b se programuje.<\/span><\/p>\n<p><img decoding=\"async\" loading=\"lazy\" class=\"alignnone size-full wp-image-1185\" src=\"http:\/\/www.infokuryr.cz\/n\/wp-content\/uploads\/2021\/04\/kuryr-podpis.png\" alt=\"\" width=\"84\" height=\"24\" \/><\/p>\n<p><img decoding=\"async\" loading=\"lazy\" class=\"wp-image-86927 aligncenter\" src=\"http:\/\/www.infokuryr.cz\/n\/wp-content\/uploads\/2025\/09\/letak-volby-2025-konference-3-212x300.png\" alt=\"\" width=\"720\" height=\"1019\" srcset=\"https:\/\/www.infokuryr.cz\/n\/wp-content\/uploads\/2025\/09\/letak-volby-2025-konference-3-212x300.png 212w, https:\/\/www.infokuryr.cz\/n\/wp-content\/uploads\/2025\/09\/letak-volby-2025-konference-3-724x1024.png 724w, https:\/\/www.infokuryr.cz\/n\/wp-content\/uploads\/2025\/09\/letak-volby-2025-konference-3-768x1086.png 768w, https:\/\/www.infokuryr.cz\/n\/wp-content\/uploads\/2025\/09\/letak-volby-2025-konference-3-1086x1536.png 1086w, https:\/\/www.infokuryr.cz\/n\/wp-content\/uploads\/2025\/09\/letak-volby-2025-konference-3-1448x2048.png 1448w, https:\/\/www.infokuryr.cz\/n\/wp-content\/uploads\/2025\/09\/letak-volby-2025-konference-3-1024x1448.png 1024w\" sizes=\"(max-width: 720px) 100vw, 720px\" \/><\/p>\n","protected":false},"excerpt":{"rendered":"<p>Nen\u00e1padn\u00fd n\u00e1zev, obrovsk\u00fd z\u00e1b\u011br:\u00a0BRIAR\u00a0\u2013\u00a0Biometrick\u00e9 rozpozn\u00e1v\u00e1n\u00ed a identifikace ve v\u00fd\u0161ce a rozsahu\u00a0\u2013 je nejnov\u011bj\u0161\u00ed sledovac\u00ed program&#8230;<\/p>\n","protected":false},"author":2,"featured_media":87031,"comment_status":"closed","ping_status":"closed","sticky":false,"template":"","format":"standard","meta":[],"categories":[7],"tags":[1975,1430,276],"_links":{"self":[{"href":"https:\/\/www.infokuryr.cz\/n\/wp-json\/wp\/v2\/posts\/87030"}],"collection":[{"href":"https:\/\/www.infokuryr.cz\/n\/wp-json\/wp\/v2\/posts"}],"about":[{"href":"https:\/\/www.infokuryr.cz\/n\/wp-json\/wp\/v2\/types\/post"}],"author":[{"embeddable":true,"href":"https:\/\/www.infokuryr.cz\/n\/wp-json\/wp\/v2\/users\/2"}],"replies":[{"embeddable":true,"href":"https:\/\/www.infokuryr.cz\/n\/wp-json\/wp\/v2\/comments?post=87030"}],"version-history":[{"count":0,"href":"https:\/\/www.infokuryr.cz\/n\/wp-json\/wp\/v2\/posts\/87030\/revisions"}],"wp:featuredmedia":[{"embeddable":true,"href":"https:\/\/www.infokuryr.cz\/n\/wp-json\/wp\/v2\/media\/87031"}],"wp:attachment":[{"href":"https:\/\/www.infokuryr.cz\/n\/wp-json\/wp\/v2\/media?parent=87030"}],"wp:term":[{"taxonomy":"category","embeddable":true,"href":"https:\/\/www.infokuryr.cz\/n\/wp-json\/wp\/v2\/categories?post=87030"},{"taxonomy":"post_tag","embeddable":true,"href":"https:\/\/www.infokuryr.cz\/n\/wp-json\/wp\/v2\/tags?post=87030"}],"curies":[{"name":"wp","href":"https:\/\/api.w.org\/{rel}","templated":true}]}}