{"id":87028,"date":"2025-09-04T00:13:24","date_gmt":"2025-09-03T22:13:24","guid":{"rendered":"https:\/\/www.infokuryr.cz\/n\/?p=87028"},"modified":"2025-09-02T13:45:42","modified_gmt":"2025-09-02T11:45:42","slug":"urady-se-chystaji-cenzurovat-volby-do-evropskeho-parlamentu","status":"publish","type":"post","link":"https:\/\/www.infokuryr.cz\/n\/2025\/09\/04\/urady-se-chystaji-cenzurovat-volby-do-evropskeho-parlamentu\/","title":{"rendered":"\u00da\u0159ady se chystaj\u00ed cenzurovat volby do Evropsk\u00e9ho parlamentu"},"content":{"rendered":"<div id=\"fb-root\"><\/div>\n<div class=\"elementor-element elementor-element-1fb4c2c elementor-widget elementor-widget-theme-post-content\" data-id=\"1fb4c2c\" data-element_type=\"widget\" data-widget_type=\"theme-post-content.default\">\n<div class=\"elementor-widget-container\">\n<p><em><span dir=\"auto\">N\u00e1sleduj\u00edc\u00ed \u010dl\u00e1nek se na n\u011bkter\u00fdch m\u00edstech konkr\u00e9tn\u011b zmi\u0148uje o Nizozemsku, kde regula\u010dn\u00ed org\u00e1n ACM uv\u00e1d\u00ed p\u0159\u00edklady a prvn\u00ed implementace se st\u00e1vaj\u00ed z\u0159ejm\u00fdmi. Popsan\u00e9 mechanismy \u2013 zejm\u00e9na z\u00e1kon o digit\u00e1ln\u00edch slu\u017eb\u00e1ch (DSA), role \u201ed\u016fv\u011bryhodn\u00fdch oznamovatel\u016f\u201c a zapojen\u00ed ov\u011b\u0159ovatel\u016f fakt\u016f spojen\u00fdch s vl\u00e1dou \u2013 se v\u0161ak vztahuj\u00ed\u00a0<\/span><strong><span dir=\"auto\">na v\u0161echny \u010dlensk\u00e9 st\u00e1ty EU<\/span><\/strong><span dir=\"auto\">\u00a0. Popsan\u00fd v\u00fdvoj tedy nen\u00ed pouze nizozemsk\u00fdm fenom\u00e9nem, \u200b\u200bale ovliv\u0148uje celou Evropu.<\/span><\/em><\/p>\n<h3><strong><span dir=\"auto\">Akt EU o digit\u00e1ln\u00edch slu\u017eb\u00e1ch zavazuje internetov\u00e9 platformy k boji proti dezinformac\u00edm<\/span><\/strong><\/h3>\n<p><span dir=\"auto\">Nizozemsk\u00fd \u00fa\u0159ad pro ochranu spot\u0159ebitel\u016f a trh\u016f (ACM) se spole\u010dn\u011b s Evropskou komis\u00ed p\u0159ipravuje na z\u00e1kaz \u201ene\u017e\u00e1douc\u00edho\u201c obsahu t\u00fdkaj\u00edc\u00edho se \u0159\u00edjnov\u00fdch parlamentn\u00edch voleb. Online platformy jako X, TikTok, Instagram, YouTube a Facebook byly upozorn\u011bny, \u017ee podle nov\u00e9ho evropsk\u00e9ho\u00a0<\/span><strong><span dir=\"auto\">z\u00e1kona o digit\u00e1ln\u00edch slu\u017eb\u00e1ch (DSA)<\/span><\/strong><span dir=\"auto\">\u00a0jsou povinny bojovat proti \u201edezinformac\u00edm\u201c, kter\u00e9 by mohly ovlivnit volebn\u00ed proces.<\/span><\/p>\n<p><span dir=\"auto\">ACM svol\u00e1v\u00e1 v z\u00e1\u0159\u00ed sch\u016fzku, kter\u00e9 se z\u00fa\u010dastn\u00ed levicov\u00ed a pro-NATO \u201eov\u011b\u0159ovatel\u00e9 fakt\u016f\u201c, jako jsou\u00a0<\/span><strong><span dir=\"auto\">Benedmo<\/span><\/strong><span dir=\"auto\">\u00a0a\u00a0<\/span><strong><span dir=\"auto\">Bellingcat<\/span><\/strong><span dir=\"auto\">\u00a0, aby platform\u00e1m p\u0159ipomn\u011bla jejich povinnosti.<\/span><\/p>\n<p><span dir=\"auto\">29.\u00a0<\/span><strong><span dir=\"auto\">\u0159\u00edjna<\/span><\/strong><span dir=\"auto\">\u00a0se uskute\u010dn\u00ed premi\u00e9ra: V Nizozemsku se budou konat prvn\u00ed volby od doby, kdy vstoupil v platnost z\u00e1kon o slu\u017eb\u00e1ch v oblasti podnik\u00e1n\u00ed (DSA). Tento evropsk\u00fd z\u00e1kon, kter\u00fd vstoupil v platnost loni, vy\u017eaduje, aby velk\u00e9 internetov\u00e9 platformy a vyhled\u00e1va\u010de p\u0159ijaly opat\u0159en\u00ed proti r\u016fzn\u00fdm form\u00e1m ne\u017e\u00e1douc\u00edho obsahu. V\u00fdslovn\u011b se zmi\u0148uje nejen o neleg\u00e1ln\u00edm obsahu, ale tak\u00e9 o tom, co z\u00e1kon ozna\u010duje jako \u201ezav\u00e1d\u011bj\u00edc\u00ed nebo klamav\u00fd obsah\u201c, \u201edezinformace\u201c, \u201enen\u00e1vistn\u00e9 projevy\u201c a obsah, kter\u00fd m\u00e1 \u201eskute\u010dn\u00e9 nebo p\u0159edv\u00eddateln\u00e9 negativn\u00ed dopady na spole\u010denskou debatu a volebn\u00ed procesy\u201c.<\/span><\/p>\n<h2 class=\"wp-block-heading\"><span dir=\"auto\">Svoboda projevu, nebo cenzura?<\/span><\/h2>\n<p><span dir=\"auto\">Z\u00e1sadn\u00ed ot\u00e1zkou je: Jak maj\u00ed technologick\u00e9 spole\u010dnosti v\u011bd\u011bt, co mohou a nemohou povolit na sv\u00fdch platform\u00e1ch?<\/span><br \/>\n<span dir=\"auto\">Webov\u00e9 str\u00e1nky ACM uv\u00e1d\u011bj\u00ed:<\/span><\/p>\n<p><em><span dir=\"auto\">\u201ePodle DSA mus\u00ed online platformy podniknout kroky proti zav\u00e1d\u011bj\u00edc\u00edm, nen\u00e1vistn\u00fdm nebo \u00famysln\u011b nep\u0159esn\u00fdm informac\u00edm na sv\u00fdch platform\u00e1ch. D\u016fvod: M\u016f\u017ee to zkreslovat volby. \u0160\u00ed\u0159en\u00ed takov\u00fdch informac\u00ed online m\u016f\u017ee b\u00fdt velmi rychl\u00e9. A d\u016fsledky pro demokracii a spole\u010dnost mohou b\u00fdt zna\u010dn\u00e9. Z\u00e1rove\u0148 mus\u00ed online platformy podle DSA chr\u00e1nit svobodu projevu. Nem\u011bly by jednodu\u0161e blokovat u\u017eivatelsk\u00e9 \u00fa\u010dty nebo jednodu\u0161e odstra\u0148ovat obsah. Platformy k tomu mus\u00ed m\u00edt dobr\u00fd d\u016fvod.\u201c<\/span><\/em><\/p>\n<p><span dir=\"auto\">ACM tak vys\u00edl\u00e1\u00a0<\/span><strong><span dir=\"auto\">dvoj\u00ed sign\u00e1l<\/span><\/strong><span dir=\"auto\">\u00a0: Platformy by m\u011bly chr\u00e1nit svobodu projevu, ale z\u00e1rove\u0148 chr\u00e1nit ob\u010dany p\u0159ed \u201ene\u017e\u00e1douc\u00edmi informacemi\u201c. Neexistuj\u00ed \u017e\u00e1dn\u00e1 pevn\u00e1 krit\u00e9ria pro to, co je povoleno a co ne.<\/span><\/p>\n<h2 class=\"wp-block-heading\"><span dir=\"auto\">\u00daloha \u201ed\u016fv\u011bryhodn\u00fdch ohla\u0161ovatel\u016f\u201c<\/span><\/h2>\n<p><span dir=\"auto\">Z\u00e1kon o slu\u017eb\u00e1ch v oblasti digitalizace (DSA) nep\u0159edepisuje, co je nez\u00e1konn\u00e9 \u2013 to je regulov\u00e1no jin\u00fdmi z\u00e1kony, jako je trestn\u00ed pr\u00e1vo nebo z\u00e1kon na ochranu osobn\u00edch \u00fadaj\u016f. Upravuje v\u0161ak, jak by platformy m\u011bly s hl\u00e1\u0161en\u00edmi nakl\u00e1dat: Kdokoli by m\u011bl m\u00edt mo\u017enost nahl\u00e1sit obsah a platformy mus\u00ed rychle reagovat a uv\u00e9st d\u016fvody sv\u00fdch rozhodnut\u00ed.<\/span><\/p>\n<p><strong><span dir=\"auto\">Samotn\u00fd ACM nem\u016f\u017ee<\/span><\/strong><span dir=\"auto\">\u00a0platformy nutit\u00a0k odstran\u011bn\u00ed obsahu. Nem\u016f\u017ee je o to ani \u201epo\u017e\u00e1dat\u201c. Platform\u00e1m v\u0161ak hroz\u00ed pokuty a\u017e do v\u00fd\u0161e\u00a0<\/span><strong><span dir=\"auto\">6 procent jejich p\u0159\u00edjm\u016f,<\/span><\/strong><span dir=\"auto\">\u00a0pokud \u0159\u00e1dn\u011b nereaguj\u00ed.<\/span><\/p>\n<p><span dir=\"auto\">Jednou z cest ven nab\u00edzej\u00ed tzv.\u00a0<\/span><strong><span dir=\"auto\">\u201ed\u016fv\u011bryhodn\u00ed ohla\u0161ovatel\u00e9<\/span><\/strong><span dir=\"auto\">\u00a0\u201c. Jde o \u201ed\u016fv\u011bryhodn\u00e9 organizace\u201c, kter\u00e9 sleduj\u00ed, identifikuj\u00ed a hl\u00e1s\u00ed neleg\u00e1ln\u00ed obsah platform\u00e1m. Platformy mus\u00ed sv\u00e1 hl\u00e1\u0161en\u00ed up\u0159ednost\u0148ovat \u2013 i kdy\u017e to automaticky neznamen\u00e1, \u017ee mus\u00ed b\u00fdt obsah odstran\u011bn.<\/span><\/p>\n<p><span dir=\"auto\">V Nizozemsku byla zat\u00edm jako d\u016fv\u011bryhodn\u00fd nahla\u0161ovatel uzn\u00e1na pouze jedna organizace:\u00a0<\/span><strong><span dir=\"auto\">Offlimits<\/span><\/strong><span dir=\"auto\">\u00a0Foundation (linie pomoci s d\u011btskou pornografi\u00ed). Dal\u0161\u00edmi t\u0159emi \u017eadateli jsou\u00a0<\/span><strong><span dir=\"auto\">Stichting Brein<\/span><\/strong><span dir=\"auto\">\u00a0(autorsk\u00e1 pr\u00e1va),\u00a0<\/span><strong><span dir=\"auto\">React<\/span><\/strong><span dir=\"auto\">\u00a0(ochrana ochrann\u00fdch zn\u00e1mek) a\u00a0<\/span><strong><span dir=\"auto\">Meld Online Discriminatie<\/span><\/strong><span dir=\"auto\">\u00a0.<\/span><\/p>\n<p><span dir=\"auto\">Evropsk\u00e1 komise vede celoevropsk\u00fd seznam 40 d\u016fv\u011bryhodn\u00fdch nahla\u0161ovatel\u016f. Mezi nimi jsou politicky velmi kontroverzn\u00ed organizace:<\/span><\/p>\n<ul>\n<li><strong><span dir=\"auto\">HateAid AG<\/span><\/strong><span dir=\"auto\">\u00a0(N\u011bmecko), veden\u00e1 stranick\u00fdmi politiky (CDU\/CSU, SPD, Zelen\u00ed, FDP).<\/span><\/li>\n<li><strong><span dir=\"auto\">Centrum pro hl\u00e1\u0161en\u00ed Respect<\/span><\/strong><span dir=\"auto\">\u00a0(N\u011bmecko), kter\u00e9 od roku 2017 p\u0159edalo org\u00e1n\u016fm \u010dinn\u00fdm v trestn\u00edm \u0159\u00edzen\u00ed t\u00e9m\u011b\u0159 26 000 hl\u00e1\u0161en\u00ed.<\/span><\/li>\n<li><strong><span dir=\"auto\">Centr\u00e1ln\u00ed banka Irska<\/span><\/strong><span dir=\"auto\">\u00a0\u2013 jedin\u00e1 centr\u00e1ln\u00ed banka na seznamu.<\/span><\/li>\n<li><strong><span dir=\"auto\">Debunk EU<\/span><\/strong><span dir=\"auto\">\u00a0(Litva), financovan\u00e1\u00a0<\/span><em><span dir=\"auto\">iniciativou Digital News Initiative<\/span><\/em><span dir=\"auto\">\u00a0spole\u010dnosti Google , se samozvan\u011b prohl\u00e1sila za \u201espojence EU a NATO\u201c.<\/span><\/li>\n<\/ul>\n<h2 class=\"wp-block-heading\"><span dir=\"auto\">Politick\u00fd vliv \u201eov\u011b\u0159ovatel\u016f fakt\u016f\u201c<\/span><\/h2>\n<p><span dir=\"auto\">Dal\u0161\u00edm v\u00fdchodiskem pro platformy je\u00a0<\/span><strong><span dir=\"auto\">\u201edobrovoln\u00fd kodex chov\u00e1n\u00ed<\/span><\/strong><span dir=\"auto\">\u00a0\u201c, se kter\u00fdm souhlasily t\u00e9m\u011b\u0159 v\u0161echny hlavn\u00ed platformy (krom\u011b X). Zavazuj\u00ed se vyu\u017e\u00edvat \u201eov\u011b\u0159ovatele fakt\u016f\u201c \u2013 organizace, kter\u00e9 jsou ideologicky zabarven\u00e9 a \u00fazce spjat\u00e9 s vl\u00e1dami nebo silami NATO.<\/span><\/p>\n<p><span dir=\"auto\">ACM po\u0159\u00e1d\u00e1\u00a0<\/span><strong><span dir=\"auto\">15. z\u00e1\u0159\u00ed<\/span><\/strong><span dir=\"auto\">\u00a0neve\u0159ejn\u00fd\u00a0<\/span><strong><span dir=\"auto\">kulat\u00fd st\u016fl<\/span><\/strong><span dir=\"auto\">\u00a0se z\u00e1stupci 12 platforem, Evropsk\u00e9 komise, regula\u010dn\u00edch org\u00e1n\u016f a nevl\u00e1dn\u00edch organizac\u00ed. Na programu budou opat\u0159en\u00ed proti \u201edezinformac\u00edm souvisej\u00edc\u00edm s volbami\u201c.<\/span><\/p>\n<p><strong><span dir=\"auto\">Tak\u00e9 u stolu:<\/span><\/strong><\/p>\n<ul>\n<li><strong><span dir=\"auto\">Bellingcat<\/span><\/strong><span dir=\"auto\">\u00a0, nechvaln\u011b zn\u00e1m\u00fd jako pro-NATO vy\u0161et\u0159ovac\u00ed platforma financovan\u00e1 z\u00e1padn\u00edmi vl\u00e1dami.<\/span><\/li>\n<li><strong><span dir=\"auto\">Benedmo<\/span><\/strong><span dir=\"auto\">\u00a0, nizozemsk\u00e1 s\u00ed\u0165 \u201eexpert\u016f na dezinforma\u010dn\u00ed slu\u017eby\u201c, financovan\u00e1 vl\u00e1dou, slo\u017een\u00e1 z univerzit (Amsterdam, Leiden, Utrecht), ve\u0159ejnopr\u00e1vn\u00edch vys\u00edlac\u00edch spole\u010dnost\u00ed jako KRO-NCRV \u201ePointer\u201c, samotn\u00e9 stanice Bellingcat a Reuserov\u00fdch informa\u010dn\u00edch slu\u017eeb \u2013 zalo\u017een\u00fdch b\u00fdval\u00fdm zam\u011bstnancem nizozemsk\u00e9 vojensk\u00e9 zpravodajsk\u00e9 slu\u017eby Arno Reuserem.<\/span><\/li>\n<\/ul>\n<h2 class=\"wp-block-heading\"><span dir=\"auto\">Z\u00e1v\u011br<\/span><\/h2>\n<p><span dir=\"auto\">Prvn\u00ed\u00a0<\/span><strong><span dir=\"auto\">volby v r\u00e1mci z\u00e1kona o demokratick\u00fdch slu\u017eb\u00e1ch (DSA)<\/span><\/strong><span dir=\"auto\">\u00a0v Nizozemsku se tak stanou zkou\u0161kou interakce mezi Evropskou komis\u00ed, n\u00e1rodn\u00edmi org\u00e1ny, velk\u00fdmi technologick\u00fdmi spole\u010dnostmi a politicky vybran\u00fdmi nevl\u00e1dn\u00edmi organizacemi.<\/span><br \/>\n<span dir=\"auto\">V\u00fdsledkem je\u00a0<\/span><strong><span dir=\"auto\">syst\u00e9m st\u00e1tem schv\u00e1len\u00fdch \u201ed\u016fv\u011bryhodn\u00fdch oznamovatel\u016f\u201c a ov\u011b\u0159ovatel\u016f fakt\u016f spojen\u00fdch s NATO,<\/span><\/strong><span dir=\"auto\">\u00a0kter\u00e9mu chyb\u00ed jasn\u00e1 pr\u00e1vn\u00ed krit\u00e9ria, ale kter\u00fd m\u00e1 obrovskou moc nad svobodou informac\u00ed online.<\/span><\/p>\n<p><span dir=\"auto\">Nebezpe\u010d\u00ed je z\u0159ejm\u00e9:\u00a0<\/span><strong><span dir=\"auto\">m\u00edsto rozmanitosti n\u00e1zor\u016f hroz\u00ed, \u017ee zadn\u00edmi vr\u00e1tky pronikne cenzurn\u00ed apar\u00e1t<\/span><\/strong><span dir=\"auto\">\u00a0\u2013 ve jm\u00e9nu \u201eochrany demokracie\u201c.<\/span><\/p>\n<\/div>\n<\/div>\n<div class=\"elementor-element elementor-element-8c57238 quelle dc-has-condition dc-condition-empty elementor-widget elementor-widget-heading\" data-id=\"8c57238\" data-element_type=\"widget\" data-widget_type=\"heading.default\">\n<div class=\"elementor-widget-container\">\n<h3 class=\"elementor-heading-title elementor-size-default\"><span style=\"font-size: 10pt;\"><a href=\"https:\/\/deanderekrant.nl\/autoriteiten-in-de-startblokken-voor-censuur-rond-kamerverkiezingen\/\" target=\"_blank\" rel=\"nofollow noopener\"><span dir=\"auto\">Zdroj<\/span><\/a><\/span><\/h3>\n<p><img decoding=\"async\" loading=\"lazy\" class=\"wp-image-86927 aligncenter\" src=\"http:\/\/www.infokuryr.cz\/n\/wp-content\/uploads\/2025\/09\/letak-volby-2025-konference-3-212x300.png\" alt=\"\" width=\"743\" height=\"1051\" srcset=\"https:\/\/www.infokuryr.cz\/n\/wp-content\/uploads\/2025\/09\/letak-volby-2025-konference-3-212x300.png 212w, https:\/\/www.infokuryr.cz\/n\/wp-content\/uploads\/2025\/09\/letak-volby-2025-konference-3-724x1024.png 724w, https:\/\/www.infokuryr.cz\/n\/wp-content\/uploads\/2025\/09\/letak-volby-2025-konference-3-768x1086.png 768w, https:\/\/www.infokuryr.cz\/n\/wp-content\/uploads\/2025\/09\/letak-volby-2025-konference-3-1086x1536.png 1086w, https:\/\/www.infokuryr.cz\/n\/wp-content\/uploads\/2025\/09\/letak-volby-2025-konference-3-1448x2048.png 1448w, https:\/\/www.infokuryr.cz\/n\/wp-content\/uploads\/2025\/09\/letak-volby-2025-konference-3-1024x1448.png 1024w\" sizes=\"(max-width: 743px) 100vw, 743px\" \/><\/p>\n<\/div>\n<\/div>\n","protected":false},"excerpt":{"rendered":"<p>N\u00e1sleduj\u00edc\u00ed \u010dl\u00e1nek se na n\u011bkter\u00fdch m\u00edstech konkr\u00e9tn\u011b zmi\u0148uje o Nizozemsku, kde regula\u010dn\u00ed org\u00e1n ACM uv\u00e1d\u00ed&#8230;<\/p>\n","protected":false},"author":2,"featured_media":87029,"comment_status":"closed","ping_status":"closed","sticky":false,"template":"","format":"standard","meta":[],"categories":[7],"tags":[63,41,27],"_links":{"self":[{"href":"https:\/\/www.infokuryr.cz\/n\/wp-json\/wp\/v2\/posts\/87028"}],"collection":[{"href":"https:\/\/www.infokuryr.cz\/n\/wp-json\/wp\/v2\/posts"}],"about":[{"href":"https:\/\/www.infokuryr.cz\/n\/wp-json\/wp\/v2\/types\/post"}],"author":[{"embeddable":true,"href":"https:\/\/www.infokuryr.cz\/n\/wp-json\/wp\/v2\/users\/2"}],"replies":[{"embeddable":true,"href":"https:\/\/www.infokuryr.cz\/n\/wp-json\/wp\/v2\/comments?post=87028"}],"version-history":[{"count":0,"href":"https:\/\/www.infokuryr.cz\/n\/wp-json\/wp\/v2\/posts\/87028\/revisions"}],"wp:featuredmedia":[{"embeddable":true,"href":"https:\/\/www.infokuryr.cz\/n\/wp-json\/wp\/v2\/media\/87029"}],"wp:attachment":[{"href":"https:\/\/www.infokuryr.cz\/n\/wp-json\/wp\/v2\/media?parent=87028"}],"wp:term":[{"taxonomy":"category","embeddable":true,"href":"https:\/\/www.infokuryr.cz\/n\/wp-json\/wp\/v2\/categories?post=87028"},{"taxonomy":"post_tag","embeddable":true,"href":"https:\/\/www.infokuryr.cz\/n\/wp-json\/wp\/v2\/tags?post=87028"}],"curies":[{"name":"wp","href":"https:\/\/api.w.org\/{rel}","templated":true}]}}