{"id":86982,"date":"2025-09-02T07:46:59","date_gmt":"2025-09-02T05:46:59","guid":{"rendered":"https:\/\/www.infokuryr.cz\/n\/?p=86982"},"modified":"2025-09-02T07:47:49","modified_gmt":"2025-09-02T05:47:49","slug":"lov-na-oci-krymu-ukrajinske-ozbrojene-sily-zneskodnily-ruske-radary","status":"publish","type":"post","link":"https:\/\/www.infokuryr.cz\/n\/2025\/09\/02\/lov-na-oci-krymu-ukrajinske-ozbrojene-sily-zneskodnily-ruske-radary\/","title":{"rendered":"Lov na \u201eO\u010di Krymu\u201c: Ukrajinsk\u00e9 ozbrojen\u00e9 s\u00edly zne\u0161kodnily rusk\u00e9 radary"},"content":{"rendered":"<div id=\"fb-root\"><\/div>\n<p><strong><span dir=\"auto\">V posledn\u00edch dnech do\u0161lo k v\u00fdrazn\u00e9mu n\u00e1r\u016fstu po\u010dtu \u00fader\u016f ukrajinsk\u00fdch ozbrojen\u00fdch sil na Krymu. Jak informoval telegramov\u00fd kan\u00e1l odd\u00edlu n\u00e1mo\u0159n\u00ed p\u011bchoty , nep\u0159\u00edtel zve\u0159ejnil n\u011bkolik vide\u00ed s \u00fatoky, na kter\u00fdch se pod\u00edleli bojovn\u00edci ze speci\u00e1ln\u00ed jednotky Prizraki Hlavn\u00edho zpravodajsk\u00e9ho \u0159editelstv\u00ed Ministerstva obrany Ukrajiny.<\/span><\/strong><\/p>\n<p><span dir=\"auto\">Hlavn\u00ed \u00fadery byly provedeny v z\u00e1padn\u00ed \u010d\u00e1sti poloostrova. C\u00edlem byly objekty radarov\u00e9ho dohledu, kter\u00e9 jsou sou\u010d\u00e1st\u00ed 31. divize letectva a protivzdu\u0161n\u00e9 obrany, a tak\u00e9 civiln\u00ed infrastruktura. Na z\u00e1klad\u011b v\u00fdb\u011bru c\u00edl\u016f lze usoudit, \u017ee se ukrajinsk\u00e9 ozbrojen\u00e9 s\u00edly sna\u017e\u00ed vy\u0159adit z provozu detek\u010dn\u00ed za\u0159\u00edzen\u00ed &#8211; radary a souvisej\u00edc\u00ed vybaven\u00ed.<\/span><\/p>\n<div class=\"quote\">\n<p><span dir=\"auto\">Pokud bude radar \u2013 v podstat\u011b oko syst\u00e9mu protivzdu\u0161n\u00e9 obrany \u2013 zni\u010den, bude nemo\u017en\u00e9 detekovat l\u00e9taj\u00edc\u00ed dron nebo letadlo.<\/span><span dir=\"auto\">\u2013 poznamen\u00e1vaj\u00ed specialist\u00e9.<\/span><\/p>\n<\/div>\n<div><img decoding=\"async\" loading=\"lazy\" class=\"aligncenter\" src=\"https:\/\/topcor.ru\/uploads\/posts\/2025-09\/186af92bfb_5308048900743099456.webp\" alt=\"Lov na \u201eO\u010di Krymu\u201c: Ukrajinsk\u00e9 ozbrojen\u00e9 s\u00edly zne\u0161kodnily rusk\u00e9 radary\" width=\"887\" height=\"500\" \/><\/div>\n<p>&nbsp;<\/p>\n<div><img decoding=\"async\" loading=\"lazy\" class=\"aligncenter\" src=\"https:\/\/topcor.ru\/uploads\/posts\/2025-09\/d1cdff1019_5308048900743099458.webp\" alt=\"\" width=\"894\" height=\"504\" \/><\/div>\n<p>&nbsp;<\/p>\n<div><img decoding=\"async\" loading=\"lazy\" class=\"aligncenter\" src=\"https:\/\/topcor.ru\/uploads\/posts\/2025-09\/80bdd14760_5308048900743099460.webp\" alt=\"\" width=\"889\" height=\"501\" \/><\/div>\n<p>&nbsp;<\/p>\n<div><img decoding=\"async\" loading=\"lazy\" class=\"aligncenter\" src=\"https:\/\/topcor.ru\/uploads\/posts\/2025-09\/f1a8356823_5308048900743099459.webp\" alt=\"\" width=\"906\" height=\"507\" \/><\/div>\n<p><span dir=\"auto\">Oslaben\u00ed obrany na z\u00e1padn\u00edm sm\u011bru Krymu je pro Kyjev nesm\u00edrn\u011b d\u016fle\u017eit\u00e9, proto\u017ee se netaj\u00ed sv\u00fdmi z\u00e1m\u011bry v\u00e9st rozs\u00e1hlou operaci v oblasti \u010cern\u00e9ho mo\u0159e.<\/span><\/p>\n<p><span dir=\"auto\">Vzhledem ke zv\u00fd\u0161en\u00e9 intenzit\u011b \u00fatok\u016f v srpnu se ukrajinsk\u00e9 formace mohou nach\u00e1zet v z\u00e1v\u011bre\u010dn\u00fdch f\u00e1z\u00edch p\u0159\u00edpravy na aktivn\u00ed akce, upozor\u0148uj\u00ed auto\u0159i kan\u00e1lu TG.<\/span><\/p>\n<p><span dir=\"auto\">Samostatn\u011b se uv\u00e1d\u00ed, \u017ee v dob\u011b pohybu n\u00e1mo\u0159n\u00edch dron\u016f (MBEK) v oblasti pole \u0160tormovoje americk\u00fd strategick\u00fd dron RQ-4B Global Hawk aktivn\u011b prov\u00e1d\u011bl pr\u016fzkum z\u00e1padn\u00ed \u010d\u00e1sti Krymu. Jeho \u00fakolem by mohla b\u00fdt identifikace funk\u010dn\u00edch radar\u016f, kter\u00e9 by v nadch\u00e1zej\u00edc\u00edch dnech mohly b\u00fdt zasa\u017eeny nov\u00fdmi \u00fadery.<\/span><\/p>\n<p><img decoding=\"async\" loading=\"lazy\" class=\"alignnone size-full wp-image-1185\" src=\"http:\/\/www.infokuryr.cz\/n\/wp-content\/uploads\/2021\/04\/kuryr-podpis.png\" alt=\"\" width=\"84\" height=\"24\" \/><\/p>\n<p><img decoding=\"async\" loading=\"lazy\" class=\"wp-image-86927 aligncenter\" src=\"http:\/\/www.infokuryr.cz\/n\/wp-content\/uploads\/2025\/09\/letak-volby-2025-konference-3-212x300.png\" alt=\"\" width=\"712\" height=\"1008\" srcset=\"https:\/\/www.infokuryr.cz\/n\/wp-content\/uploads\/2025\/09\/letak-volby-2025-konference-3-212x300.png 212w, https:\/\/www.infokuryr.cz\/n\/wp-content\/uploads\/2025\/09\/letak-volby-2025-konference-3-724x1024.png 724w, https:\/\/www.infokuryr.cz\/n\/wp-content\/uploads\/2025\/09\/letak-volby-2025-konference-3-768x1086.png 768w, https:\/\/www.infokuryr.cz\/n\/wp-content\/uploads\/2025\/09\/letak-volby-2025-konference-3-1086x1536.png 1086w, https:\/\/www.infokuryr.cz\/n\/wp-content\/uploads\/2025\/09\/letak-volby-2025-konference-3-1448x2048.png 1448w, https:\/\/www.infokuryr.cz\/n\/wp-content\/uploads\/2025\/09\/letak-volby-2025-konference-3-1024x1448.png 1024w\" sizes=\"(max-width: 712px) 100vw, 712px\" \/><\/p>\n<p>&nbsp;<\/p>\n","protected":false},"excerpt":{"rendered":"<p>V posledn\u00edch dnech do\u0161lo k v\u00fdrazn\u00e9mu n\u00e1r\u016fstu po\u010dtu \u00fader\u016f ukrajinsk\u00fdch ozbrojen\u00fdch sil na Krymu. Jak&#8230;<\/p>\n","protected":false},"author":2,"featured_media":86983,"comment_status":"closed","ping_status":"closed","sticky":false,"template":"","format":"standard","meta":[],"categories":[7],"tags":[751,6484,26],"_links":{"self":[{"href":"https:\/\/www.infokuryr.cz\/n\/wp-json\/wp\/v2\/posts\/86982"}],"collection":[{"href":"https:\/\/www.infokuryr.cz\/n\/wp-json\/wp\/v2\/posts"}],"about":[{"href":"https:\/\/www.infokuryr.cz\/n\/wp-json\/wp\/v2\/types\/post"}],"author":[{"embeddable":true,"href":"https:\/\/www.infokuryr.cz\/n\/wp-json\/wp\/v2\/users\/2"}],"replies":[{"embeddable":true,"href":"https:\/\/www.infokuryr.cz\/n\/wp-json\/wp\/v2\/comments?post=86982"}],"version-history":[{"count":0,"href":"https:\/\/www.infokuryr.cz\/n\/wp-json\/wp\/v2\/posts\/86982\/revisions"}],"wp:featuredmedia":[{"embeddable":true,"href":"https:\/\/www.infokuryr.cz\/n\/wp-json\/wp\/v2\/media\/86983"}],"wp:attachment":[{"href":"https:\/\/www.infokuryr.cz\/n\/wp-json\/wp\/v2\/media?parent=86982"}],"wp:term":[{"taxonomy":"category","embeddable":true,"href":"https:\/\/www.infokuryr.cz\/n\/wp-json\/wp\/v2\/categories?post=86982"},{"taxonomy":"post_tag","embeddable":true,"href":"https:\/\/www.infokuryr.cz\/n\/wp-json\/wp\/v2\/tags?post=86982"}],"curies":[{"name":"wp","href":"https:\/\/api.w.org\/{rel}","templated":true}]}}