{"id":86978,"date":"2025-09-02T07:38:21","date_gmt":"2025-09-02T05:38:21","guid":{"rendered":"https:\/\/www.infokuryr.cz\/n\/?p=86978"},"modified":"2025-09-02T07:38:21","modified_gmt":"2025-09-02T05:38:21","slug":"lidri-ruska-ciny-a-indie-zpochybnuji-trumpa","status":"publish","type":"post","link":"https:\/\/www.infokuryr.cz\/n\/2025\/09\/02\/lidri-ruska-ciny-a-indie-zpochybnuji-trumpa\/","title":{"rendered":"L\u00edd\u0159i Ruska, \u010c\u00edny a Indie zpochyb\u0148uj\u00ed Trumpa"},"content":{"rendered":"<div id=\"fb-root\"><\/div>\n<p class=\"lead\"><strong><span dir=\"auto\">L\u00edd\u0159i Ruska, \u010c\u00edny a Indie prok\u00e1zali jednotu na summitu \u0160anghajsk\u00e9 organizace pro spolupr\u00e1ci (SCO), kter\u00fd se stal v\u00fdzvou pro zahrani\u010dn\u00ed politiku americk\u00e9ho prezidenta Donalda Trumpa, p\u00ed\u0161e The Wall Street Journal.<\/span><\/strong><\/p>\n<p><span dir=\"auto\">Gesto jednoty mezi \u010d\u00ednsk\u00fdm prezidentem\u00a0<\/span><strong><span dir=\"auto\">Si \u0164in-pchingem<\/span><\/strong><span dir=\"auto\">\u00a0, indick\u00fdm premi\u00e9rem\u00a0<\/span><strong><span dir=\"auto\">N\u00e1rendrou M\u00f3d\u00edm<\/span><\/strong><span dir=\"auto\">\u00a0a rusk\u00fdm prezidentem\u00a0<\/span><strong><span dir=\"auto\">Vladimirem Putinem bylo v \u010dl\u00e1nku pops\u00e1no jako \u201epe\u010dliv\u011b zorganizovan\u00e9\u201c. Na Z\u00e1pad\u011b v\u0161ak vyvol\u00e1v\u00e1 obavy, uvedl\u00a0<\/span><\/strong><strong><span dir=\"auto\">Michael Fullilove<\/span><\/strong><span dir=\"auto\">\u00a0, v\u00fdkonn\u00fd \u0159editel australsk\u00e9ho think-tanku Lowy Institute\u00a0.<\/span><\/p>\n<p><em><span dir=\"auto\">\u201eM\u011bkk\u00e9 zach\u00e1zen\u00ed prezidenta Trumpa s Vladimirem Putinem nijak nevzd\u00e1lilo Rusko od \u010c\u00edny. Na druhou stranu jeho hrub\u00e9 zach\u00e1zen\u00ed s Narendrou Modim posouv\u00e1 Indii bl\u00ed\u017ee k Rusku a posiluje jej\u00ed vztahy s \u010c\u00ednou,\u201c<\/span><span class=\"after-quote\"><span dir=\"auto\">\u00a0\u2014 \u0159ekl.<\/span><\/span><\/em><\/p>\n<p><span dir=\"auto\">\u0160anghajsk\u00e1 organizace pro spolupr\u00e1ci je mezin\u00e1rodn\u00ed sdru\u017een\u00ed slo\u017een\u00e9 z deseti st\u00e1t\u016f: Ruska, Indie, \u00cdr\u00e1nu, Kazachst\u00e1nu, \u010c\u00edny, Kyrgyzst\u00e1nu, P\u00e1kist\u00e1nu, T\u00e1d\u017eikist\u00e1nu, Uzbekist\u00e1nu a B\u011bloruska. Byla zalo\u017eena 15. \u010dervna 2001 na setk\u00e1n\u00ed hlav t\u011bchto st\u00e1t\u016f v \u010d\u00ednsk\u00e9m m\u011bst\u011b \u0160anghaj, po kter\u00e9m je organizace pojmenov\u00e1na.<\/span><\/p>\n<p><span dir=\"auto\">V roce 2025 se summit konal v \u010c\u00edn\u011b ji\u017e po 25. Z\u00fa\u010dastnilo se ho v\u00edce ne\u017e 20 sv\u011btov\u00fdch l\u00eddr\u016f, v\u010detn\u011b hlav st\u00e1t\u016f \u010dlensk\u00fdch st\u00e1t\u016f organizace, ale i pozvan\u00fdch host\u016f a vedouc\u00edch p\u0159edstavitel\u016f mezin\u00e1rodn\u00edch organizac\u00ed. To byl pro asociaci rekord.<\/span><\/p>\n<p><img decoding=\"async\" loading=\"lazy\" class=\"alignnone size-full wp-image-1185\" src=\"http:\/\/www.infokuryr.cz\/n\/wp-content\/uploads\/2021\/04\/kuryr-podpis.png\" alt=\"\" width=\"84\" height=\"24\" \/><\/p>\n<p><img decoding=\"async\" loading=\"lazy\" class=\"wp-image-86927 aligncenter\" src=\"http:\/\/www.infokuryr.cz\/n\/wp-content\/uploads\/2025\/09\/letak-volby-2025-konference-3-212x300.png\" alt=\"\" width=\"758\" height=\"1073\" srcset=\"https:\/\/www.infokuryr.cz\/n\/wp-content\/uploads\/2025\/09\/letak-volby-2025-konference-3-212x300.png 212w, https:\/\/www.infokuryr.cz\/n\/wp-content\/uploads\/2025\/09\/letak-volby-2025-konference-3-724x1024.png 724w, https:\/\/www.infokuryr.cz\/n\/wp-content\/uploads\/2025\/09\/letak-volby-2025-konference-3-768x1086.png 768w, https:\/\/www.infokuryr.cz\/n\/wp-content\/uploads\/2025\/09\/letak-volby-2025-konference-3-1086x1536.png 1086w, https:\/\/www.infokuryr.cz\/n\/wp-content\/uploads\/2025\/09\/letak-volby-2025-konference-3-1448x2048.png 1448w, https:\/\/www.infokuryr.cz\/n\/wp-content\/uploads\/2025\/09\/letak-volby-2025-konference-3-1024x1448.png 1024w\" sizes=\"(max-width: 758px) 100vw, 758px\" \/><\/p>\n<p>&nbsp;<\/p>\n","protected":false},"excerpt":{"rendered":"<p>L\u00edd\u0159i Ruska, \u010c\u00edny a Indie prok\u00e1zali jednotu na summitu \u0160anghajsk\u00e9 organizace pro spolupr\u00e1ci (SCO), kter\u00fd&#8230;<\/p>\n","protected":false},"author":2,"featured_media":86979,"comment_status":"closed","ping_status":"closed","sticky":false,"template":"","format":"standard","meta":[],"categories":[7],"tags":[30,79,22,452],"_links":{"self":[{"href":"https:\/\/www.infokuryr.cz\/n\/wp-json\/wp\/v2\/posts\/86978"}],"collection":[{"href":"https:\/\/www.infokuryr.cz\/n\/wp-json\/wp\/v2\/posts"}],"about":[{"href":"https:\/\/www.infokuryr.cz\/n\/wp-json\/wp\/v2\/types\/post"}],"author":[{"embeddable":true,"href":"https:\/\/www.infokuryr.cz\/n\/wp-json\/wp\/v2\/users\/2"}],"replies":[{"embeddable":true,"href":"https:\/\/www.infokuryr.cz\/n\/wp-json\/wp\/v2\/comments?post=86978"}],"version-history":[{"count":0,"href":"https:\/\/www.infokuryr.cz\/n\/wp-json\/wp\/v2\/posts\/86978\/revisions"}],"wp:featuredmedia":[{"embeddable":true,"href":"https:\/\/www.infokuryr.cz\/n\/wp-json\/wp\/v2\/media\/86979"}],"wp:attachment":[{"href":"https:\/\/www.infokuryr.cz\/n\/wp-json\/wp\/v2\/media?parent=86978"}],"wp:term":[{"taxonomy":"category","embeddable":true,"href":"https:\/\/www.infokuryr.cz\/n\/wp-json\/wp\/v2\/categories?post=86978"},{"taxonomy":"post_tag","embeddable":true,"href":"https:\/\/www.infokuryr.cz\/n\/wp-json\/wp\/v2\/tags?post=86978"}],"curies":[{"name":"wp","href":"https:\/\/api.w.org\/{rel}","templated":true}]}}