{"id":86976,"date":"2025-09-02T07:35:48","date_gmt":"2025-09-02T05:35:48","guid":{"rendered":"https:\/\/www.infokuryr.cz\/n\/?p=86976"},"modified":"2025-09-02T07:35:48","modified_gmt":"2025-09-02T05:35:48","slug":"si-tin-pching-vyzval-cleny-sos-aby-zpochybnili-dominanci-zapadu","status":"publish","type":"post","link":"https:\/\/www.infokuryr.cz\/n\/2025\/09\/02\/si-tin-pching-vyzval-cleny-sos-aby-zpochybnili-dominanci-zapadu\/","title":{"rendered":"Si \u0164in-pching vyzval \u010dleny \u0160OS, aby zpochybnili dominanci Z\u00e1padu"},"content":{"rendered":"<div id=\"fb-root\"><\/div>\n<h3>\u0160anghajsk\u00e1 organizace pro spolupr\u00e1ci mus\u00ed i nad\u00e1le vystupovat proti \u201ehegemonismu a mocensk\u00e9 politice\u201c, prohl\u00e1sil \u010d\u00ednsk\u00fd v\u016fdce<\/h3>\n<p><span dir=\"auto\">\u010clenov\u00e9 \u0160anghajsk\u00e9 organizace pro spolupr\u00e1ci (SCO) by se m\u011bli i nad\u00e1le br\u00e1nit\u00a0<\/span><em><span dir=\"auto\">\u201ehegemonismu a mocensk\u00e9 politice\u201c,<\/span><\/em><span dir=\"auto\">\u00a0aby pomohli vybudovat spravedliv\u011bj\u0161\u00ed mezin\u00e1rodn\u00ed syst\u00e9m, prohl\u00e1sil v pond\u011bl\u00ed \u010d\u00ednsk\u00fd prezident Si \u0164in-pching p\u0159i zah\u00e1jen\u00ed setk\u00e1n\u00ed vedouc\u00edch p\u0159edstavitel\u016f skupin v Tchien-\u0165inu.<\/span><\/p>\n<p><span dir=\"auto\">V \u00favodn\u00edm projevu k vedouc\u00edm p\u0159edstavitel\u016fm a z\u00e1stupc\u016fm \u010dlensk\u00fdch a partnersk\u00fdch zem\u00ed Si \u0164in-pching odk\u00e1zal na to, co nazval\u00a0\u201e\u00a0<\/span><em><span dir=\"auto\">\u0161anghajsk\u00fdm duchem\u201c\u00a0<\/span><\/em><em><span dir=\"auto\">\u201evz\u00e1jemn\u00e9 d\u016fv\u011bry, vz\u00e1jemn\u00e9ho prosp\u011bchu, rovnosti, konzultac\u00ed, respektu k r\u016fznorod\u00fdm civilizac\u00edm a \u00fasil\u00ed o sd\u00edlen\u00fd rozvoj\u201c.<\/span><\/em><\/p>\n<p><span dir=\"auto\">Si \u0164in-pching ocenil pokrok, kter\u00e9ho \u0160OS dos\u00e1hla od sv\u00e9ho zalo\u017een\u00ed v roce 2001, a nast\u00ednil nov\u00e9 priority. \u0158ekl, \u017ee \u010dlenov\u00e9 se mus\u00ed\u00a0<\/span><em><span dir=\"auto\">\u201epostavit proti mentalit\u011b studen\u00e9 v\u00e1lky, blokov\u00e9 konfrontaci a \u0161ikanuj\u00edc\u00edm praktik\u00e1m\u201c<\/span><\/em><span dir=\"auto\">\u00a0\u2013 term\u00edn\u016fm, kter\u00e9 Peking \u010dasto pou\u017e\u00edv\u00e1 ke kritice politiky USA a Z\u00e1padu.<\/span><\/p>\n<p><em><span dir=\"auto\">\u201eM\u011bli bychom se zasazovat o rovnopr\u00e1vn\u00fd a uspo\u0159\u00e1dan\u00fd multipol\u00e1rn\u00ed sv\u011bt a univerz\u00e1ln\u011b prosp\u011b\u0161nou a inkluzivn\u00ed ekonomickou globalizaci a u\u010dinit glob\u00e1ln\u00ed syst\u00e9m spr\u00e1vy spravedliv\u011bj\u0161\u00edm a rovn\u011bj\u0161\u00edm,\u201c<\/span><\/em><span dir=\"auto\">\u00a0dodal.<\/span><\/p>\n<p><span dir=\"auto\">\u010c\u00ednsk\u00fd v\u016fdce rovn\u011b\u017e vyzval \u010dleny, aby usilovali o oboustrann\u011b v\u00fdhodnou spolupr\u00e1ci, respektovali sv\u00e9 n\u00e1rodn\u00ed rozd\u00edly, posilovali v\u00fdm\u011bny mezi sv\u00fdmi n\u00e1rody a prosazovali v\u011bt\u0161\u00ed efektivitu a tvorbu politik v r\u00e1mci \u0160OS zalo\u017eenou na faktech.<\/span><\/p>\n<p><span dir=\"auto\">Si \u0164in-pching poznamenal, \u017ee kolektivn\u00ed ekonomick\u00fd v\u00fdkon region\u00e1ln\u00ed skupiny dos\u00e1hl 30 bilion\u016f dolar\u016f a \u017ee jej\u00ed glob\u00e1ln\u00ed vliv se odpov\u00eddaj\u00edc\u00edm zp\u016fsobem roz\u0161i\u0159uje. \u010clenov\u00e9 spolupracuj\u00ed na \u0159e\u0161en\u00ed v\u00fdzev, jako je bezpe\u010dnost, environment\u00e1ln\u00ed ot\u00e1zky a inovace, dodal.<\/span><\/p>\n<p><span dir=\"auto\">Kumulativn\u00ed obchod \u010c\u00edny se zem\u011bmi \u0160anghajsk\u00e9 organizace pro spolupr\u00e1ci (SCO) p\u0159ekro\u010dil 2,3 bilionu dolar\u016f, uvedl Si \u0164in-pching a zd\u016fraznil projekty v r\u00e1mci pekingsk\u00e9 iniciativy P\u00e1s a stezka a dal\u0161\u00edch mechanism\u016f. Sl\u00edbil dal\u0161\u00ed investice, mimo jin\u00e9 do vzd\u011bl\u00e1v\u00e1n\u00ed a odborn\u00e9 p\u0159\u00edpravy v\u011bdeck\u00fdch a in\u017een\u00fdrsk\u00fdch dovednost\u00ed pot\u0159ebn\u00fdch k udr\u017een\u00ed budouc\u00edho r\u016fstu.<\/span><\/p>\n<p><span dir=\"auto\">Setk\u00e1n\u00ed po\u0159\u00e1dan\u00e9ho \u010c\u00ednou se \u00fa\u010dastn\u00ed v\u00edce ne\u017e 20 zem\u00ed z Asie, Evropy a Bl\u00edzk\u00e9ho v\u00fdchodu a tak\u00e9 z\u00e1stupci p\u0159edn\u00edch mezin\u00e1rodn\u00edch organizac\u00ed, v\u010detn\u011b OSN a ASEAN.<\/span><\/p>\n<p><img decoding=\"async\" loading=\"lazy\" class=\"alignnone size-full wp-image-1185\" src=\"http:\/\/www.infokuryr.cz\/n\/wp-content\/uploads\/2021\/04\/kuryr-podpis.png\" alt=\"\" width=\"84\" height=\"24\" \/><\/p>\n<p><img decoding=\"async\" loading=\"lazy\" class=\"wp-image-86927 aligncenter\" src=\"http:\/\/www.infokuryr.cz\/n\/wp-content\/uploads\/2025\/09\/letak-volby-2025-konference-3-212x300.png\" alt=\"\" width=\"762\" height=\"1078\" srcset=\"https:\/\/www.infokuryr.cz\/n\/wp-content\/uploads\/2025\/09\/letak-volby-2025-konference-3-212x300.png 212w, https:\/\/www.infokuryr.cz\/n\/wp-content\/uploads\/2025\/09\/letak-volby-2025-konference-3-724x1024.png 724w, https:\/\/www.infokuryr.cz\/n\/wp-content\/uploads\/2025\/09\/letak-volby-2025-konference-3-768x1086.png 768w, https:\/\/www.infokuryr.cz\/n\/wp-content\/uploads\/2025\/09\/letak-volby-2025-konference-3-1086x1536.png 1086w, https:\/\/www.infokuryr.cz\/n\/wp-content\/uploads\/2025\/09\/letak-volby-2025-konference-3-1448x2048.png 1448w, https:\/\/www.infokuryr.cz\/n\/wp-content\/uploads\/2025\/09\/letak-volby-2025-konference-3-1024x1448.png 1024w\" sizes=\"(max-width: 762px) 100vw, 762px\" \/><\/p>\n<p>&nbsp;<\/p>\n","protected":false},"excerpt":{"rendered":"<p>\u0160anghajsk\u00e1 organizace pro spolupr\u00e1ci mus\u00ed i nad\u00e1le vystupovat proti \u201ehegemonismu a mocensk\u00e9 politice\u201c, prohl\u00e1sil \u010d\u00ednsk\u00fd&#8230;<\/p>\n","protected":false},"author":2,"featured_media":86977,"comment_status":"closed","ping_status":"closed","sticky":false,"template":"","format":"standard","meta":[],"categories":[7],"tags":[30,9722,797,365],"_links":{"self":[{"href":"https:\/\/www.infokuryr.cz\/n\/wp-json\/wp\/v2\/posts\/86976"}],"collection":[{"href":"https:\/\/www.infokuryr.cz\/n\/wp-json\/wp\/v2\/posts"}],"about":[{"href":"https:\/\/www.infokuryr.cz\/n\/wp-json\/wp\/v2\/types\/post"}],"author":[{"embeddable":true,"href":"https:\/\/www.infokuryr.cz\/n\/wp-json\/wp\/v2\/users\/2"}],"replies":[{"embeddable":true,"href":"https:\/\/www.infokuryr.cz\/n\/wp-json\/wp\/v2\/comments?post=86976"}],"version-history":[{"count":0,"href":"https:\/\/www.infokuryr.cz\/n\/wp-json\/wp\/v2\/posts\/86976\/revisions"}],"wp:featuredmedia":[{"embeddable":true,"href":"https:\/\/www.infokuryr.cz\/n\/wp-json\/wp\/v2\/media\/86977"}],"wp:attachment":[{"href":"https:\/\/www.infokuryr.cz\/n\/wp-json\/wp\/v2\/media?parent=86976"}],"wp:term":[{"taxonomy":"category","embeddable":true,"href":"https:\/\/www.infokuryr.cz\/n\/wp-json\/wp\/v2\/categories?post=86976"},{"taxonomy":"post_tag","embeddable":true,"href":"https:\/\/www.infokuryr.cz\/n\/wp-json\/wp\/v2\/tags?post=86976"}],"curies":[{"name":"wp","href":"https:\/\/api.w.org\/{rel}","templated":true}]}}