{"id":86955,"date":"2025-09-02T03:56:31","date_gmt":"2025-09-02T01:56:31","guid":{"rendered":"https:\/\/www.infokuryr.cz\/n\/?p=86955"},"modified":"2025-09-02T03:56:31","modified_gmt":"2025-09-02T01:56:31","slug":"v-pred-volbami-u-sousedu-svindlovali-ekonomicke-statistiky-to-je-ten-vyspely-zapad","status":"publish","type":"post","link":"https:\/\/www.infokuryr.cz\/n\/2025\/09\/02\/v-pred-volbami-u-sousedu-svindlovali-ekonomicke-statistiky-to-je-ten-vyspely-zapad\/","title":{"rendered":"V p\u0159ed volbami u soused\u016f \u0161vindlovali ekonomick\u00e9 statistiky. To je ten \u201evysp\u011bl\u00fd\u201c z\u00e1pad?"},"content":{"rendered":"<div id=\"fb-root\"><\/div>\n<h3>D\u011blaj\u00ed to Spolu se Stanem a Pir\u00e1ty stejn\u011b?<\/h3>\n<p>Nemil\u00e9 p\u0159ekvapen\u00ed \u010dekalo \u010dten\u00e1\u0159e n\u011bmeck\u00fdch novin, kdy\u017e se p\u0159ed p\u00e1r dny dozv\u011bd\u011bli,\u00a0<strong>\u017ee minul\u00e1 vl\u00e1da zcela bezskrupul\u00f3zn\u011b \u0161vindlovala\u00a0<a href=\"https:\/\/jungefreiheit.de\/wirtschaft\/2025\/wirtschaft-schrumpfte-staerker-als-behauptet\/\">z\u00e1sadn\u00ed ekonomick\u00e9 ukazatel<\/a><\/strong>. D\u011blala to prost\u0159ednictv\u00edm\u00a0<a href=\"https:\/\/www.destatis.de\/DE\/Presse\/Pressemitteilungen\/2025\/07\/PD25_278_811.html\">Spolkov\u00e9ho statistick\u00e9ho \u00fa\u0159adu.<\/a>\u00a0<strong>D\u011blo se to po celou dobu jej\u00edho vl\u00e1dnut\u00ed.<\/strong><\/p>\n<p>Pod\u00edvejte se na p\u00e1r p\u0159\u00edklad\u016f, T\u0159eba\u00a0<strong>v roce 2023 ofici\u00e1ln\u011b n\u011bmeck\u00e9 hospod\u00e1\u0159stv\u00ed nebylo v propadu, ale ve skute\u010dnosti ano a to velmi v\u00fdrazn\u00e9m<\/strong>!<\/p>\n<h3>R\u016fst DHP<\/h3>\n<figure class=\"wp-block-table\">\n<table class=\"has-fixed-layout\" style=\"width: 58.2572%; height: 139px;\">\n<tbody>\n<tr style=\"height: 47px;\">\n<td style=\"height: 47px; width: 24.4229%;\"><strong>rok<\/strong><\/td>\n<td style=\"height: 47px; width: 42.9536%;\">P\u016fvodn\u00ed \u00fadaj HDP<\/td>\n<td style=\"height: 47px; width: 119.992%;\"><strong>Skute\u010dn\u00e9 HDP<\/strong><\/td>\n<\/tr>\n<tr style=\"height: 23px;\">\n<td style=\"height: 23px; width: 24.4229%;\">2021<\/td>\n<td style=\"height: 23px; width: 42.9536%;\">+3,6%<\/td>\n<td style=\"height: 23px; width: 119.992%;\"><strong>+1,4%<\/strong><\/td>\n<\/tr>\n<tr style=\"height: 23px;\">\n<td style=\"height: 23px; width: 24.4229%;\">2022<\/td>\n<td style=\"height: 23px; width: 42.9536%;\">+3,9%<\/td>\n<td style=\"height: 23px; width: 119.992%;\"><strong>+1,9%<\/strong><\/td>\n<\/tr>\n<tr style=\"height: 23px;\">\n<td style=\"height: 23px; width: 24.4229%;\">2023<\/td>\n<td style=\"height: 23px; width: 42.9536%;\">0,0%<\/td>\n<td style=\"height: 23px; width: 119.992%;\"><strong>-0,7%<\/strong><\/td>\n<\/tr>\n<tr style=\"height: 23px;\">\n<td style=\"height: 23px; width: 24.4229%;\">2024<\/td>\n<td style=\"height: 23px; width: 42.9536%;\">-0,2%<\/td>\n<td style=\"height: 23px; width: 119.992%;\"><strong>-0,5%<\/strong><\/td>\n<\/tr>\n<\/tbody>\n<\/table>\n<\/figure>\n<p>V\u0161e se d\u011blo v dob\u011b, kdy byl ministrem hospod\u00e1\u0159stv\u00ed \u010dlen strany Zelen\u00fdch Robert Habeck.<\/p>\n<p>Podle mluv\u010d\u00edho statistick\u00e9ho \u00fa\u0159adu se pr\u00fd jedn\u00e1 o \u201eb\u011b\u017enou korekci\u201c, ale ekonomov\u00e9 a odborn\u00e1 ve\u0159ejnost jsou v \u0161oku.<\/p>\n<p>Pochopiteln\u011b \u0161lo o to, aby<strong>\u00a0byla n\u011bmeck\u00e1 ve\u0159ejnost pomoc\u00ed l\u017e\u00ed dr\u017eena v relativn\u00edm klidu a zem\u011b byla v mezidob\u00ed islamizov\u00e1na a deindustrializov\u00e1na. To se v\u00edce m\u00e9n\u011b poda\u0159ilo. N\u011bmecko stoj\u00ed p\u0159ed rozpadem a kolapsem.<\/strong><\/p>\n<p>Ot\u00e1zkou je, zda podobn\u011b\u00a0<strong>\u0161vindluje ekonomick\u00e1 data i pravdol\u00e1ska\u0159sk\u00e9 vl\u00e1dn\u00ed trio Spolu-Stan-Pir\u00e1ti?<\/strong>\u00a0Odpov\u011b\u010f asi bude n\u00e1sleduj\u00edc\u00ed:\u00a0<strong>nejde o to zda, ale sp\u00ed\u0161 o kolik\u2026. liber\u00e1ln\u00ed l\u017eidokracie se u moci bez l\u017e\u00ed a podvod\u016f neum\u00ed\u2026<\/strong><\/p>\n<p><a href=\"https:\/\/ceskavec.com\/2025\/09\/v-pred-volbami-svindlovali-ekonomicke-statistiky-to-je-ten-vyspely-zapad-dela-to-fiala-s-rakusanem-a-hribem-stejne\">J. Stern<\/a><\/p>\n<p><img decoding=\"async\" loading=\"lazy\" class=\"wp-image-86927 aligncenter\" src=\"http:\/\/www.infokuryr.cz\/n\/wp-content\/uploads\/2025\/09\/letak-volby-2025-konference-3-212x300.png\" alt=\"\" width=\"706\" height=\"999\" srcset=\"https:\/\/www.infokuryr.cz\/n\/wp-content\/uploads\/2025\/09\/letak-volby-2025-konference-3-212x300.png 212w, https:\/\/www.infokuryr.cz\/n\/wp-content\/uploads\/2025\/09\/letak-volby-2025-konference-3-724x1024.png 724w, https:\/\/www.infokuryr.cz\/n\/wp-content\/uploads\/2025\/09\/letak-volby-2025-konference-3-768x1086.png 768w, https:\/\/www.infokuryr.cz\/n\/wp-content\/uploads\/2025\/09\/letak-volby-2025-konference-3-1086x1536.png 1086w, https:\/\/www.infokuryr.cz\/n\/wp-content\/uploads\/2025\/09\/letak-volby-2025-konference-3-1448x2048.png 1448w, https:\/\/www.infokuryr.cz\/n\/wp-content\/uploads\/2025\/09\/letak-volby-2025-konference-3-1024x1448.png 1024w\" sizes=\"(max-width: 706px) 100vw, 706px\" \/><\/p>\n<p>&nbsp;<\/p>\n","protected":false},"excerpt":{"rendered":"<p>D\u011blaj\u00ed to Spolu se Stanem a Pir\u00e1ty stejn\u011b? Nemil\u00e9 p\u0159ekvapen\u00ed \u010dekalo \u010dten\u00e1\u0159e n\u011bmeck\u00fdch novin, kdy\u017e&#8230;<\/p>\n","protected":false},"author":2,"featured_media":86956,"comment_status":"closed","ping_status":"closed","sticky":false,"template":"","format":"standard","meta":[],"categories":[7],"tags":[2468,84,3804],"_links":{"self":[{"href":"https:\/\/www.infokuryr.cz\/n\/wp-json\/wp\/v2\/posts\/86955"}],"collection":[{"href":"https:\/\/www.infokuryr.cz\/n\/wp-json\/wp\/v2\/posts"}],"about":[{"href":"https:\/\/www.infokuryr.cz\/n\/wp-json\/wp\/v2\/types\/post"}],"author":[{"embeddable":true,"href":"https:\/\/www.infokuryr.cz\/n\/wp-json\/wp\/v2\/users\/2"}],"replies":[{"embeddable":true,"href":"https:\/\/www.infokuryr.cz\/n\/wp-json\/wp\/v2\/comments?post=86955"}],"version-history":[{"count":0,"href":"https:\/\/www.infokuryr.cz\/n\/wp-json\/wp\/v2\/posts\/86955\/revisions"}],"wp:featuredmedia":[{"embeddable":true,"href":"https:\/\/www.infokuryr.cz\/n\/wp-json\/wp\/v2\/media\/86956"}],"wp:attachment":[{"href":"https:\/\/www.infokuryr.cz\/n\/wp-json\/wp\/v2\/media?parent=86955"}],"wp:term":[{"taxonomy":"category","embeddable":true,"href":"https:\/\/www.infokuryr.cz\/n\/wp-json\/wp\/v2\/categories?post=86955"},{"taxonomy":"post_tag","embeddable":true,"href":"https:\/\/www.infokuryr.cz\/n\/wp-json\/wp\/v2\/tags?post=86955"}],"curies":[{"name":"wp","href":"https:\/\/api.w.org\/{rel}","templated":true}]}}