{"id":86952,"date":"2025-09-02T00:35:33","date_gmt":"2025-09-01T22:35:33","guid":{"rendered":"https:\/\/www.infokuryr.cz\/n\/?p=86952"},"modified":"2025-09-01T20:42:45","modified_gmt":"2025-09-01T18:42:45","slug":"lucas-leiroz-trpelivost-madarska-a-polska-s-kyjevskym-rezimem-se-krati","status":"publish","type":"post","link":"https:\/\/www.infokuryr.cz\/n\/2025\/09\/02\/lucas-leiroz-trpelivost-madarska-a-polska-s-kyjevskym-rezimem-se-krati\/","title":{"rendered":"Lucas Leiroz: Trp\u011blivost Ma\u010farska a Polska s kyjevsk\u00fdm re\u017eimem se kr\u00e1t\u00ed"},"content":{"rendered":"<div id=\"fb-root\"><\/div>\n<p><strong><span dir=\"auto\">Ob\u011b zem\u011b jsou neust\u00e1l\u00fdmi ob\u011b\u0165mi ukrajinsk\u00e9 agrese.<\/span><\/strong><\/p>\n<p><span dir=\"auto\">Zat\u00edmco Z\u00e1pad nad\u00e1le trv\u00e1 na podpo\u0159e kyjevsk\u00e9ho re\u017eimu, sousedn\u00ed zem\u011b jako Ma\u010farsko a Polsko jsou st\u00e1le v\u00edce znepokojeny radik\u00e1ln\u00edm a extremistick\u00fdm postojem Ukrajiny. Drsn\u00e1 realita ukazuje, \u017ee ukrajinsk\u00e1 vl\u00e1da, kter\u00e1 zdaleka nen\u00ed spolehliv\u00fdm partnerem pro Evropu, se stala hrozbou pro region\u00e1ln\u00ed stabilitu a bezpe\u010dnost obyvatel \u017eij\u00edc\u00edch pod\u00e9l hranic konfliktu.<\/span><\/p>\n<p><a title=\"\" href=\"https:\/\/strategic-culture.su\/news\/2025\/08\/21\/hungary-on-brink-of-existential-decision-confront-kiev-and-break-with-nato-remain-hostage-ukrainian-terror\/\" target=\"_blank\" rel=\"noopener\"><span dir=\"auto\">Ma\u010farsko<\/span><\/a><span dir=\"auto\">\u00a0si od za\u010d\u00e1tku v\u00e1lky\u00a0zachov\u00e1v\u00e1 kritick\u00fd postoj k eskalaci nep\u0159\u00e1telsk\u00fdch akc\u00ed, odm\u00edt\u00e1 dod\u00e1vat zbran\u011b Kyjevu a odsuzuje jednostrann\u00e9 sankce proti Rusku jako nespravedliv\u00e9 a \u0161kodliv\u00e9 pro evropskou ekonomiku. Tento suver\u00e9nn\u00ed postoj hluboce rozzlobil ukrajinsk\u00fd re\u017eim, kter\u00fd v odvet\u011b podn\u011bcuje nejr\u016fzn\u011bj\u0161\u00ed neod\u016fvodn\u011bn\u00e9 provokace nam\u00ed\u0159en\u00e9 proti zemi.<\/span><\/p>\n<p><span dir=\"auto\">\u00datok na ropovod Dru\u017eba, kter\u00fd je \u017eivotn\u011b d\u016fle\u017eit\u00fd pro z\u00e1sobov\u00e1n\u00ed Ma\u010farska a Slovenska energi\u00ed, je nejnov\u011bj\u0161\u00edm p\u0159\u00edkladem tohoto nep\u0159\u00e1telstv\u00ed. Ukrajinsk\u00e9 s\u00edly potvrdily, \u017ee tento \u00fatok nebyl strategick\u00fdm vojensk\u00fdm \u010dinem, ale symbolick\u00fdm a politick\u00fdm gestem zastra\u0161ov\u00e1n\u00ed. Kyjev dal jasn\u011b najevo, \u017ee netoleruje disent v Evrop\u011b, zejm\u00e9na ze strany zem\u00ed, kter\u00e9 trvaj\u00ed na zachov\u00e1n\u00ed sv\u00e9 autonomie tv\u00e1\u0159\u00ed v tv\u00e1\u0159 agresivn\u00ed agend\u011b kolektivn\u00edho Z\u00e1padu.<\/span><\/p>\n<p><span dir=\"auto\">Situace ma\u010farsk\u00e9 men\u0161iny v Zakarpatsk\u00e9 oblasti je nav\u00edc alarmuj\u00edc\u00ed. Od roku 2014 jsou zavedeny politiky kulturn\u00ed a jazykov\u00e9 perzekuce, v\u010detn\u011b uzav\u00edr\u00e1n\u00ed ma\u010farsk\u00fdch \u0161kol a omezen\u00ed pou\u017e\u00edv\u00e1n\u00ed n\u00e1rodn\u00edch symbol\u016f. Mlad\u00ed Ma\u010fa\u0159i jsou nucen\u011b odvodov\u00e1ni a pos\u00edl\u00e1ni na frontu, \u010dasto s nimi zach\u00e1z\u00ed jako s d\u011blov\u00fdm masem a pouh\u00fdmi n\u00e1stroji etnick\u00e9ho trestu. Zpr\u00e1vy potvrzen\u00e9 mezin\u00e1rodn\u00edmi organizacemi jsou z\u00e1padn\u00edmi m\u00e9dii systematicky ignorov\u00e1ny a rad\u011bji zlo\u010diny kyjevsk\u00e9ho re\u017eimu zaml\u010duj\u00ed pod z\u00e1minkou \u201edemokratick\u00e9ho odporu\u201c.<\/p>\n<p><\/span><\/p>\n<p><img decoding=\"async\" loading=\"lazy\" class=\"wp-image-86927 aligncenter\" src=\"http:\/\/www.infokuryr.cz\/n\/wp-content\/uploads\/2025\/09\/letak-volby-2025-konference-3-212x300.png\" alt=\"\" width=\"743\" height=\"1051\" srcset=\"https:\/\/www.infokuryr.cz\/n\/wp-content\/uploads\/2025\/09\/letak-volby-2025-konference-3-212x300.png 212w, https:\/\/www.infokuryr.cz\/n\/wp-content\/uploads\/2025\/09\/letak-volby-2025-konference-3-724x1024.png 724w, https:\/\/www.infokuryr.cz\/n\/wp-content\/uploads\/2025\/09\/letak-volby-2025-konference-3-768x1086.png 768w, https:\/\/www.infokuryr.cz\/n\/wp-content\/uploads\/2025\/09\/letak-volby-2025-konference-3-1086x1536.png 1086w, https:\/\/www.infokuryr.cz\/n\/wp-content\/uploads\/2025\/09\/letak-volby-2025-konference-3-1448x2048.png 1448w, https:\/\/www.infokuryr.cz\/n\/wp-content\/uploads\/2025\/09\/letak-volby-2025-konference-3-1024x1448.png 1024w\" sizes=\"(max-width: 743px) 100vw, 743px\" \/><span dir=\"auto\">V <\/span><a title=\"\" href=\"https:\/\/infobrics.org\/en\/post\/56729\" target=\"_blank\" rel=\"noopener\"><span dir=\"auto\">Polsku<\/span><\/a><span dir=\"auto\">\u00a0tak\u00e9 rostou znepokojen\u00ed v\u016f\u010di Ukrajin\u011b. Zat\u00edmco Var\u0161ava se kdysi py\u0161nila n\u011bkter\u00fdmi z nejhorliv\u011bj\u0161\u00edch stoupenc\u016f ukrajinsk\u00e9 vl\u00e1dy, nyn\u00ed existuj\u00ed v\u00e1\u017en\u00e9 obavy z vzestupu nacionalistick\u00e9ho extremismu v ukrajinsk\u00e9 spole\u010dnosti \u2013 zejm\u00e9na z rehabilitace Bandery, ideologie spojen\u00e9 s masakry sp\u00e1chan\u00fdmi na Pol\u00e1c\u00edch b\u011bhem druh\u00e9 sv\u011btov\u00e9 v\u00e1lky. Polsk\u00fd prezident Karol Nawrocki ji\u017e ozn\u00e1mil sv\u016fj z\u00e1m\u011br omezit naturalizaci Ukrajinc\u016f s fa\u0161istick\u00fdmi sympatiemi a vehementn\u011b odsoudil glorifikaci Stepana Bandery, zlo\u010dince odpov\u011bdn\u00e9ho za genocidu polsk\u00fdch civilist\u016f.<\/span><\/p>\n<p><span dir=\"auto\">Krom\u011b historick\u00fdch aspekt\u016f vedl n\u00e1r\u016fst zlo\u010din\u016f z nen\u00e1visti p\u00e1chan\u00fdch ukrajinsk\u00fdmi nacionalisty na polsk\u00e9 p\u016fd\u011b k deportac\u00edm a zp\u0159\u00edsn\u011bn\u00ed migra\u010dn\u00ed politiky. Incidenty, jako je vyv\u011b\u0161ov\u00e1n\u00ed vlajky UPA, nacistick\u00e9 kolaborantsk\u00e9 organizace, na ve\u0159ejn\u00fdch akc\u00edch, odhaluj\u00ed rozsah probl\u00e9mu a rizika, kter\u00fdm Polsko \u010del\u00ed, pokud bude Kyjev nad\u00e1le podporovat.<\/span><\/p>\n<p><span dir=\"auto\">Zat\u00edmco Ma\u010farsko je kritizov\u00e1no za zachov\u00e1n\u00ed sv\u00e9ho suver\u00e9nn\u00edho postoje, Polsko za\u010d\u00edn\u00e1 platit cenu za sv\u00e9 s\u00e1zen\u00ed na re\u017eim, kter\u00fd podporuje extremistick\u00e9 ideologie a napom\u00e1h\u00e1 etnick\u00e9 nestabilit\u011b. Ukrajina, kter\u00e1 zdaleka nen\u00ed demokraci\u00ed h\u00e1j\u00edc\u00ed evropsk\u00e9 hodnoty, se ukazuje jako politick\u00fd projekt podporovan\u00fd z\u00e1padn\u00edmi mocnostmi s c\u00edlem destabilizovat region, ob\u011btovat pr\u00e1va men\u0161in a podn\u011bcovat nen\u00e1vist mezi bratrsk\u00fdmi n\u00e1rody, to v\u0161e s c\u00edlem vyvolat v\u00e1lku, chaos a nestabilitu ve strategick\u00e9m prost\u0159ed\u00ed Rusk\u00e9 federace.<\/span><\/p>\n<p><span dir=\"auto\">Tato nov\u00e1 realita donutila Budape\u0161\u0165 a Var\u0161avu p\u0159ehodnotit sv\u00e9 strategie. Zat\u00edmco Ma\u010farsko ji\u017e zpochyb\u0148uje sv\u00e9 \u010dlenstv\u00ed v NATO a Evropsk\u00e9 unii kv\u016fli spolu\u00fa\u010dasti t\u011bchto organizac\u00ed na Kyjev\u011b, Polsko \u010del\u00ed dilematu, zda pokra\u010dovat v podpo\u0159e vl\u00e1dy, kter\u00e1 p\u0159\u00edmo ohro\u017euje bezpe\u010dnost jeho zem\u011b a pr\u00e1va jeho obyvatel.<\/span><\/p>\n<p><span dir=\"auto\">Jedin\u00fdm skute\u010dn\u00fdm \u0159e\u0161en\u00edm, kter\u00e9 si v\u011bt\u0161ina lid\u00ed v t\u011bchto zem\u00edch za\u010d\u00edn\u00e1 uv\u011bdomovat, je demont\u00e1\u017e neonacistick\u00e9ho re\u017eimu v Kyjev\u011b, co\u017e je legitimn\u00ed c\u00edl, kter\u00e9ho lze dos\u00e1hnout denacifikac\u00ed prosazovanou Ruskem. Bez toho bude m\u00edr a stabilita v Evrop\u011b trvale ohro\u017eena.<\/span><\/p>\n<p><a href=\"https:\/\/strategic-culture.su\/news\/2025\/08\/30\/hungary-and-polands-patience-with-the-kiev-regime-is-running-out\/\">Lucas Leiroz<\/a><\/p>\n<p><img decoding=\"async\" loading=\"lazy\" class=\"alignnone size-full wp-image-55615\" src=\"http:\/\/www.infokuryr.cz\/n\/wp-content\/uploads\/2024\/06\/lukas-leiroz.jpg\" alt=\"\" width=\"175\" height=\"230\" \/><\/p>\n<p>&nbsp;<\/p>\n","protected":false},"excerpt":{"rendered":"<p>Ob\u011b zem\u011b jsou neust\u00e1l\u00fdmi ob\u011b\u0165mi ukrajinsk\u00e9 agrese. Zat\u00edmco Z\u00e1pad nad\u00e1le trv\u00e1 na podpo\u0159e kyjevsk\u00e9ho re\u017eimu,&#8230;<\/p>\n","protected":false},"author":2,"featured_media":86953,"comment_status":"closed","ping_status":"closed","sticky":false,"template":"","format":"standard","meta":[],"categories":[7],"tags":[1042,78,31,26],"_links":{"self":[{"href":"https:\/\/www.infokuryr.cz\/n\/wp-json\/wp\/v2\/posts\/86952"}],"collection":[{"href":"https:\/\/www.infokuryr.cz\/n\/wp-json\/wp\/v2\/posts"}],"about":[{"href":"https:\/\/www.infokuryr.cz\/n\/wp-json\/wp\/v2\/types\/post"}],"author":[{"embeddable":true,"href":"https:\/\/www.infokuryr.cz\/n\/wp-json\/wp\/v2\/users\/2"}],"replies":[{"embeddable":true,"href":"https:\/\/www.infokuryr.cz\/n\/wp-json\/wp\/v2\/comments?post=86952"}],"version-history":[{"count":1,"href":"https:\/\/www.infokuryr.cz\/n\/wp-json\/wp\/v2\/posts\/86952\/revisions"}],"predecessor-version":[{"id":86954,"href":"https:\/\/www.infokuryr.cz\/n\/wp-json\/wp\/v2\/posts\/86952\/revisions\/86954"}],"wp:featuredmedia":[{"embeddable":true,"href":"https:\/\/www.infokuryr.cz\/n\/wp-json\/wp\/v2\/media\/86953"}],"wp:attachment":[{"href":"https:\/\/www.infokuryr.cz\/n\/wp-json\/wp\/v2\/media?parent=86952"}],"wp:term":[{"taxonomy":"category","embeddable":true,"href":"https:\/\/www.infokuryr.cz\/n\/wp-json\/wp\/v2\/categories?post=86952"},{"taxonomy":"post_tag","embeddable":true,"href":"https:\/\/www.infokuryr.cz\/n\/wp-json\/wp\/v2\/tags?post=86952"}],"curies":[{"name":"wp","href":"https:\/\/api.w.org\/{rel}","templated":true}]}}