{"id":86905,"date":"2025-09-02T00:21:32","date_gmt":"2025-09-01T22:21:32","guid":{"rendered":"https:\/\/www.infokuryr.cz\/n\/?p=86905"},"modified":"2025-09-01T12:49:58","modified_gmt":"2025-09-01T10:49:58","slug":"polsky-prezident-pozaduje-behem-ceremonialu-k-druhe-svetove-valce-od-nemecka-reparace-rika-ze-dobre-vztahy-zavisi-na-penezich","status":"publish","type":"post","link":"https:\/\/www.infokuryr.cz\/n\/2025\/09\/02\/polsky-prezident-pozaduje-behem-ceremonialu-k-druhe-svetove-valce-od-nemecka-reparace-rika-ze-dobre-vztahy-zavisi-na-penezich\/","title":{"rendered":"Polsk\u00fd prezident po\u017eaduje b\u011bhem ceremoni\u00e1lu k druh\u00e9 sv\u011btov\u00e9 v\u00e1lce od N\u011bmecka reparace, \u0159\u00edk\u00e1, \u017ee \u201edobr\u00e9 vztahy z\u00e1vis\u00ed na pen\u011bz\u00edch\u201c"},"content":{"rendered":"<div id=\"fb-root\"><\/div>\n<h3 class=\"s-tagline fw-tagline\"><span dir=\"auto\">Nov\u00fd polsk\u00fd prezident zauj\u00edm\u00e1 nekompromisn\u00ed postoj k ot\u00e1zce reparac\u00ed od N\u011bmecka za druhou sv\u011btovou v\u00e1lku<\/span><\/h3>\n<div class=\"e-ct-outer\">\n<div class=\"entry-content rbct clearfix is-highlight-shares\">\n<p><span dir=\"auto\">V pond\u011bl\u00ed se na Westerplatte v Gda\u0148sku konaly oslavy 86. v\u00fdro\u010d\u00ed vypuknut\u00ed druh\u00e9 sv\u011btov\u00e9 v\u00e1lky, kter\u00e9 polsk\u00fd prezident Karol Nawrocki vyu\u017eil k prohl\u00e1\u0161en\u00ed, \u017ee jeho zem\u011b bude od N\u011bmecka po\u017eadovat reparace.<\/span><\/p>\n<p><span dir=\"auto\">P\u0159\u00edtomni tak\u00e9 p\u0159edseda vl\u00e1dy Donald Tusk, m\u00edstop\u0159edseda vl\u00e1dy a ministr n\u00e1rodn\u00ed obrany W\u0142adys\u0142aw Kosiniak-Kamysz a p\u0159edseda Sejmu Szymon Ho\u0142ownia.<\/span><\/p>\n<p><span dir=\"auto\">Je pozoruhodn\u00e9, \u017ee Tusk je zn\u00e1m\u00fd t\u00edm, \u017ee se v r\u00e1mci n\u00e1pravy bilater\u00e1ln\u00edch vztah\u016f vzdal ot\u00e1zky reparac\u00ed s N\u011bmeckem\u00a0<\/span><a href=\"https:\/\/rmx.news\/poland\/the-issue-of-unpaid-reparations-to-poland-is-concluded-says-merz-as-tusk-announces-a-reset-in-relations-with-germany\/\"><span dir=\"auto\">, p\u0159i\u010dem\u017e Nawrockiho po\u017eadavky jist\u011b vyvolaj\u00ed hn\u011bv mezi ob\u011bma n\u00e1rody<\/span><\/a><span dir=\"auto\"> .<\/span><\/p>\n<p><span dir=\"auto\">\u201eAbychom mohli s na\u0161\u00edm z\u00e1padn\u00edm sousedem vybudovat partnerstv\u00ed zalo\u017een\u00e9 na pravd\u011b a dobr\u00fdch vztaz\u00edch, mus\u00edme kone\u010dn\u011b vy\u0159e\u0161it ot\u00e1zku reparac\u00ed od N\u011bmecka, kter\u00e9 jako polsk\u00fd prezident jednozna\u010dn\u011b po\u017eaduji pro spole\u010dn\u00e9 dobro, pro na\u0161i budoucnost,\u201c \u0159ekl Nawrocki.<\/span><\/p>\n<p><span dir=\"auto\">Jak je tradic\u00ed, rann\u00edmu ceremoni\u00e1lu p\u0159edch\u00e1zel zvuk sir\u00e9n o leteck\u00e9m \u00fatoku t\u011bsn\u011b p\u0159ed 4:45 r\u00e1no, nebo\u0165 v t\u00e9 dob\u011b do\u0161lo k n\u011bmeck\u00e9mu \u00fatoku na polsk\u00fd vojensk\u00fd tranzitn\u00ed sklad nach\u00e1zej\u00edc\u00ed se na Gda\u0148sk\u00e9m poloostrov\u011b 1. z\u00e1\u0159\u00ed 1939. Voj\u00e1ci polsk\u00e9 arm\u00e1dy a pozvan\u00ed host\u00e9 zazp\u00edvali st\u00e1tn\u00ed hymnu a byla vzty\u010dena b\u00edlo\u010derven\u00e1 vlajka.<\/span><\/p>\n<p><span dir=\"auto\">Pot\u00e9 byla zap\u00e1lena Sv\u00edce m\u00edru, voj\u00e1ci p\u0159e\u010detli Pam\u011btn\u00ed listinu a hrdinstv\u00ed obr\u00e1nc\u016f vlasti bylo uct\u011bno d\u011blovou salvou.<\/span><\/p>\n<p><span dir=\"auto\">B\u011bhem sv\u00e9ho projevu Nawrocki poznamenal, \u017ee v\u00e1lku v roce 1939 zp\u016fsobila \u201e\u0161patn\u00e1 slova, kter\u00e1 N\u011bmci pronesli v\u016f\u010di jin\u00fdm n\u00e1rod\u016fm a v\u016f\u010di polsk\u00e9mu n\u00e1rodu\u201c.<\/span><\/p>\n<p><span dir=\"auto\">\u201eSlova N\u011bmc\u016f byla pravideln\u011b pron\u00e1\u0161ena, zaznamen\u00e1v\u00e1na na str\u00e1nk\u00e1ch po sob\u011b jdouc\u00edch knih a filozofick\u00fdch pojedn\u00e1n\u00ed ve druh\u00e9 polovin\u011b 19. stolet\u00ed. Nejprve tito velc\u00ed teoretici vytvo\u0159ili sv\u011bt bez Boha, sv\u011bt, ve kter\u00e9m m\u011bl B\u016fh zem\u0159\u00edt. A proto\u017ee B\u016fh neexistuje, \u010dlov\u011bk se mus\u00ed st\u00e1t Bohem. Aby rozhodoval o \u017eivot\u011b, o smrti. Aby rozhodoval, kdo sm\u00ed \u017e\u00edt a kdo ne,\u201c \u0159ekl prezident.<\/span><\/p>\n<p><img decoding=\"async\" loading=\"lazy\" class=\"wp-image-86651 aligncenter\" src=\"http:\/\/www.infokuryr.cz\/n\/wp-content\/uploads\/2025\/08\/vrab10-300x200.png\" alt=\"\" width=\"1118\" height=\"745\" srcset=\"https:\/\/www.infokuryr.cz\/n\/wp-content\/uploads\/2025\/08\/vrab10-300x200.png 300w, https:\/\/www.infokuryr.cz\/n\/wp-content\/uploads\/2025\/08\/vrab10-1024x682.png 1024w, https:\/\/www.infokuryr.cz\/n\/wp-content\/uploads\/2025\/08\/vrab10-768x512.png 768w, https:\/\/www.infokuryr.cz\/n\/wp-content\/uploads\/2025\/08\/vrab10-1536x1024.png 1536w, https:\/\/www.infokuryr.cz\/n\/wp-content\/uploads\/2025\/08\/vrab10-2048x1365.png 2048w\" sizes=\"(max-width: 1118px) 100vw, 1118px\" \/><\/p>\n<p><span dir=\"auto\">\u201ePr\u00e1v\u011b na konci 19. stolet\u00ed se objevila cel\u00e1 \u0159ada v\u00fdznam\u016f a teoretick\u00fdch mechanism\u016f pro budov\u00e1n\u00ed n\u011bmeck\u00e9ho n\u00e1rodn\u00edho socialismu. Tak zn\u011bla sprost\u00e1 slova N\u011bmc\u016f na konci 19. stolet\u00ed,\u201c \u0159ekl a dodal, \u017ee v t\u00e9 dob\u011b se \u201ezrodily protipolsk\u00e9, protislovansk\u00e9, antisemitsk\u00e9 teorie, \u0161ovinismus, pohrd\u00e1n\u00ed, nacismus.\u201c<\/span><\/p>\n<p><span dir=\"auto\">\u201eZrodila se teorie Lebensraumu a v\u0161echny ostatn\u00ed, kter\u00e9 zn\u00e1me pouze z praxe 20. stolet\u00ed,\u201c prohl\u00e1sil.<\/span><\/p>\n<p><span dir=\"auto\">Dodal, \u017ee \u201ev n\u011bmeck\u00fdch slovn\u00edc\u00edch se slovo \u201aPol\u00e1k\u2018 stalo synonymem pro n\u011bkoho m\u00e9n\u011bcenn\u00e9ho. Polsko bylo n\u011bk\u00fdm m\u00e9n\u011bcenn\u00fdm, n\u011b\u010d\u00edm m\u00e9n\u011bcenn\u00fdm, n\u011b\u010d\u00edm, \u010d\u00edm bylo t\u0159eba opovrhovat. Pol\u00e1ci si nezaslou\u017eili, aby s nimi bylo zach\u00e1zeno jako s civilizovan\u00fdmi n\u00e1rody.\u201c<\/span><\/p>\n<p><span dir=\"auto\">Pokra\u010doval t\u00edm, \u017ee na konci 19. stolet\u00ed byl polsk\u00fd patriotismus pova\u017eov\u00e1n za hrozbu pro n\u011bmeck\u00fd st\u00e1t a religiozita za nam\u00ed\u0159enou proti z\u00e1jm\u016fm n\u011bmeck\u00e9ho st\u00e1tu.<\/span><\/p>\n<p><span dir=\"auto\">\u201e22. srpna 1939 Adolf Hitler zah\u0159m\u011bl na d\u016fstojn\u00edky Wehrmachtu: \u201aBu\u010fte nemilosrdn\u00ed, bu\u010fte brut\u00e1ln\u00ed. Zni\u010den\u00ed Polska je va\u0161\u00edm prvn\u00edm \u00fakolem.\u2018 Pak p\u0159i\u0161el 1. z\u00e1\u0159\u00ed 1939 a \u00fatok z mo\u0159e, sou\u0161e i vzduchu na polskou enkl\u00e1vu, n\u011bmecky ovl\u00e1dan\u00e9 Svobodn\u00e9 m\u011bsto Gda\u0148sk,\u201c \u0159ekl prezident.<\/span><\/p>\n<p><span dir=\"auto\">Dodal, \u017ee Polsko \u010del\u00ed velk\u00fdm v\u00fdzv\u00e1m.<\/span><\/p>\n<p><span dir=\"auto\">\u201eTv\u00e1\u0159\u00ed v tv\u00e1\u0159 o\u017e\u00edvaj\u00edc\u00edmu neoimperialismu a postsov\u011btsk\u00e9 Rusk\u00e9 federaci \u010del\u00edme v\u00fdzv\u00e1m budov\u00e1n\u00ed Evropsk\u00e9 unie a Severoatlantick\u00e9 aliance. Tyto \u00fakoly pln\u00edme spole\u010dn\u011b s na\u0161\u00edm obchodn\u00edm partnerem a sousedem \u2013 N\u011bmeckem, vin\u00edky druh\u00e9 sv\u011btov\u00e9 v\u00e1lky, kte\u0159\u00ed ruku v ruce se Sov\u011bty a Stalinem vedli k vypuknut\u00ed t\u00e9to v\u00e1lky a kte\u0159\u00ed za\u00fato\u010dili na Westerplatte,\u201c \u0159ekl.<\/span><\/p>\n<p><span dir=\"auto\">Podle prezidenta je budov\u00e1n\u00ed dobr\u00fdch vztah\u016f s N\u011bmeckem nyn\u00ed z\u00e1visl\u00e9 na tom, zda Polsko z\u00edsk\u00e1 v\u00e1le\u010dn\u00e9 reparace.<\/span><\/p>\n<p><span dir=\"auto\">\u201eAbychom mohli s na\u0161\u00edm z\u00e1padn\u00edm sousedem vybudovat partnerstv\u00ed zalo\u017een\u00e9 na z\u00e1kladech pravdy a dobr\u00fdch vztah\u016f, mus\u00edme kone\u010dn\u011b vy\u0159e\u0161it ot\u00e1zku reparac\u00ed od n\u011bmeck\u00e9ho st\u00e1tu, kter\u00e9 jako polsk\u00fd prezident jednozna\u010dn\u011b po\u017eaduji pro spole\u010dn\u00e9 dobro, pro na\u0161i budoucnost,\u201c \u0159ekl Nawrocki.<\/span><\/p>\n<p><span dir=\"auto\">Tak\u00e9 apeloval na vl\u00e1du s \u017e\u00e1dost\u00ed o podporu p\u0159i po\u017eadov\u00e1n\u00ed reparac\u00ed od N\u011bmecka.<\/span><\/p>\n<p><span dir=\"auto\">\u201eV\u011b\u0159\u00edm, \u017ee premi\u00e9r a polsk\u00e1 vl\u00e1da pos\u00edl\u00ed hlas prezidenta na mezin\u00e1rodn\u00ed sc\u00e9n\u011b a spole\u010dn\u011b s na\u0161imi z\u00e1padn\u00edmi sousedy vybudujeme skute\u010dn\u011b bezpe\u010dnou budoucnost,\u201c \u0159ekl prezident.<\/span><\/p>\n<p><img decoding=\"async\" loading=\"lazy\" class=\"alignnone size-full wp-image-1185\" src=\"http:\/\/www.infokuryr.cz\/n\/wp-content\/uploads\/2021\/04\/kuryr-podpis.png\" alt=\"\" width=\"84\" height=\"24\" \/><\/p>\n<p>&nbsp;<\/p>\n<\/div>\n<\/div>\n","protected":false},"excerpt":{"rendered":"<p>Nov\u00fd polsk\u00fd prezident zauj\u00edm\u00e1 nekompromisn\u00ed postoj k ot\u00e1zce reparac\u00ed od N\u011bmecka za druhou sv\u011btovou v\u00e1lku&#8230;<\/p>\n","protected":false},"author":2,"featured_media":83438,"comment_status":"closed","ping_status":"closed","sticky":false,"template":"","format":"standard","meta":[],"categories":[7],"tags":[84,31,165,1715,538],"_links":{"self":[{"href":"https:\/\/www.infokuryr.cz\/n\/wp-json\/wp\/v2\/posts\/86905"}],"collection":[{"href":"https:\/\/www.infokuryr.cz\/n\/wp-json\/wp\/v2\/posts"}],"about":[{"href":"https:\/\/www.infokuryr.cz\/n\/wp-json\/wp\/v2\/types\/post"}],"author":[{"embeddable":true,"href":"https:\/\/www.infokuryr.cz\/n\/wp-json\/wp\/v2\/users\/2"}],"replies":[{"embeddable":true,"href":"https:\/\/www.infokuryr.cz\/n\/wp-json\/wp\/v2\/comments?post=86905"}],"version-history":[{"count":0,"href":"https:\/\/www.infokuryr.cz\/n\/wp-json\/wp\/v2\/posts\/86905\/revisions"}],"wp:featuredmedia":[{"embeddable":true,"href":"https:\/\/www.infokuryr.cz\/n\/wp-json\/wp\/v2\/media\/83438"}],"wp:attachment":[{"href":"https:\/\/www.infokuryr.cz\/n\/wp-json\/wp\/v2\/media?parent=86905"}],"wp:term":[{"taxonomy":"category","embeddable":true,"href":"https:\/\/www.infokuryr.cz\/n\/wp-json\/wp\/v2\/categories?post=86905"},{"taxonomy":"post_tag","embeddable":true,"href":"https:\/\/www.infokuryr.cz\/n\/wp-json\/wp\/v2\/tags?post=86905"}],"curies":[{"name":"wp","href":"https:\/\/api.w.org\/{rel}","templated":true}]}}