{"id":86900,"date":"2025-09-02T00:18:01","date_gmt":"2025-09-01T22:18:01","guid":{"rendered":"https:\/\/www.infokuryr.cz\/n\/?p=86900"},"modified":"2025-09-01T12:38:09","modified_gmt":"2025-09-01T10:38:09","slug":"australie-toho-ma-dost-desitky-tisic-lidi-protestuji-proti-masove-imigraci","status":"publish","type":"post","link":"https:\/\/www.infokuryr.cz\/n\/2025\/09\/02\/australie-toho-ma-dost-desitky-tisic-lidi-protestuji-proti-masove-imigraci\/","title":{"rendered":"Austr\u00e1lie toho m\u00e1 dost: Des\u00edtky tis\u00edc lid\u00ed protestuj\u00ed proti masov\u00e9 imigraci"},"content":{"rendered":"<div id=\"fb-root\"><\/div>\n<p><strong><span dir=\"auto\">31. srpna des\u00edtky tis\u00edc lid\u00ed v Austr\u00e1lii ztratily trp\u011blivost a vy\u0161ly do ulic. V ka\u017ed\u00e9m v\u011bt\u0161\u00edm m\u011bst\u011b \u2013 od Sydney p\u0159es Melbourne a\u017e po Perth \u2013 daly jasn\u011b najevo to, co politick\u00e1 t\u0159\u00edda odm\u00edt\u00e1 sly\u0161et: Zem\u011b je na hranici sv\u00fdch mo\u017enost\u00ed. Po l\u00e9ta se od\u0159\u00edk\u00e1vala poh\u00e1dka o \u201epo\u017eehn\u00e1n\u00ed multikulturalismu\u201c, zat\u00edmco ob\u010dan\u00e9 byli st\u00e1le hloub\u011bji tla\u010deni do nedostatku byt\u016f, rostouc\u00ed kriminality a p\u0159et\u00ed\u017een\u00e9 infrastruktury. Nyn\u00ed se obyvatelstvo br\u00e1n\u00ed.<\/span><\/strong><\/p>\n<p><span dir=\"auto\">Ka\u017ed\u00fd, kdo dnes hled\u00e1 byt v Austr\u00e1lii, okam\u017eit\u011b v\u00ed, pro\u010d v Austr\u00e1lii v\u0159e hn\u011bv. N\u00e1jemn\u00e9 prudce roste, ceny nemovitost\u00ed dosahuj\u00ed absurdn\u00edch \u00farovn\u00ed a mlad\u00ed Australan\u00e9 se u\u017e d\u00e1vno vzdali sv\u00e9ho snu o vlastn\u00edm bydlen\u00ed. St\u00e1le v\u00edce lid\u00ed se mus\u00ed\u00a0<\/span><a href=\"https:\/\/www.theguardian.com\/australia-news\/2025\/aug\/04\/last-resort-when-the-only-option-left-amid-australias-housing-crisis-is-a-motel-ntwnfb\"><span dir=\"auto\">st\u011bhovat do levn\u00fdch motel\u016f,<\/span><\/a><span dir=\"auto\"> proto\u017ee si u\u017e nemohou dovolit vlastn\u00ed bydlen\u00ed. Z\u00e1rove\u0148 vl\u00e1da ka\u017edoro\u010dn\u011b povoluje vstup statis\u00edc\u016fm nov\u00fdch migrant\u016f do zem\u011b \u2013 a p\u0159itom st\u00e1le dokola uji\u0161\u0165uje, \u017ee imigrace \u201eposiluje ekonomiku\u201c. Pro m\u00edstn\u00ed obyvatele to v\u0161ak znamen\u00e1 \u017e\u00e1dn\u00e9 bydlen\u00ed, p\u0159epln\u011bn\u00e9 ulice, hodiny \u010dek\u00e1n\u00ed v nemocnic\u00edch a vzd\u011bl\u00e1vac\u00ed syst\u00e9m na pokraji zhroucen\u00ed.<\/span><\/p>\n<figure class=\"wp-block-embed is-type-rich is-provider-twitter wp-block-embed-twitter\">\n<div class=\"wp-block-embed__wrapper\">\n<div class=\"twitter-tweet twitter-tweet-rendered\"><iframe id=\"twitter-widget-0\" class=\"\" title=\"X P\u0159\u00edsp\u011bvek\" src=\"https:\/\/platform.twitter.com\/embed\/Tweet.html?dnt=true&amp;embedId=twitter-widget-0&amp;features=eyJ0ZndfdGltZWxpbmVfbGlzdCI6eyJidWNrZXQiOltdLCJ2ZXJzaW9uIjpudWxsfSwidGZ3X2ZvbGxvd2VyX2NvdW50X3N1bnNldCI6eyJidWNrZXQiOnRydWUsInZlcnNpb24iOm51bGx9LCJ0ZndfdHdlZXRfZWRpdF9iYWNrZW5kIjp7ImJ1Y2tldCI6Im9uIiwidmVyc2lvbiI6bnVsbH0sInRmd19yZWZzcmNfc2Vzc2lvbiI6eyJidWNrZXQiOiJvbiIsInZlcnNpb24iOm51bGx9LCJ0ZndfZm9zbnJfc29mdF9pbnRlcnZlbnRpb25zX2VuYWJsZWQiOnsiYnVja2V0Ijoib24iLCJ2ZXJzaW9uIjpudWxsfSwidGZ3X21peGVkX21lZGlhXzE1ODk3Ijp7ImJ1Y2tldCI6InRyZWF0bWVudCIsInZlcnNpb24iOm51bGx9LCJ0ZndfZXhwZXJpbWVudHNfY29va2llX2V4cGlyYXRpb24iOnsiYnVja2V0IjoxMjA5NjAwLCJ2ZXJzaW9uIjpudWxsfSwidGZ3X3Nob3dfYmlyZHdhdGNoX3Bpdm90c19lbmFibGVkIjp7ImJ1Y2tldCI6Im9uIiwidmVyc2lvbiI6bnVsbH0sInRmd19kdXBsaWNhdGVfc2NyaWJlc190b19zZXR0aW5ncyI6eyJidWNrZXQiOiJvbiIsInZlcnNpb24iOm51bGx9LCJ0ZndfdXNlX3Byb2ZpbGVfaW1hZ2Vfc2hhcGVfZW5hYmxlZCI6eyJidWNrZXQiOiJvbiIsInZlcnNpb24iOm51bGx9LCJ0ZndfdmlkZW9faGxzX2R5bmFtaWNfbWFuaWZlc3RzXzE1MDgyIjp7ImJ1Y2tldCI6InRydWVfYml0cmF0ZSIsInZlcnNpb24iOm51bGx9LCJ0ZndfbGVnYWN5X3RpbWVsaW5lX3N1bnNldCI6eyJidWNrZXQiOnRydWUsInZlcnNpb24iOm51bGx9LCJ0ZndfdHdlZXRfZWRpdF9mcm9udGVuZCI6eyJidWNrZXQiOiJvbiIsInZlcnNpb24iOm51bGx9fQ%3D%3D&amp;frame=false&amp;hideCard=false&amp;hideThread=false&amp;id=1962045818820591639&amp;lang=cs&amp;origin=https%3A%2F%2Freport24.news%2Faustralien-hat-genug-zehntausende-protestieren-gegen-massenzuwanderung%2F&amp;sessionId=3e8fb94a2b027a12b62e2d55a830b75e9fc58a0a&amp;theme=light&amp;widgetsVersion=2615f7e52b7e0%3A1702314776716&amp;width=550px\" frameborder=\"0\" scrolling=\"no\" allowfullscreen=\"allowfullscreen\" data-tweet-id=\"1962045818820591639\" data-mce-fragment=\"1\"><\/iframe><\/div>\n<\/div>\n<\/figure>\n<p><span dir=\"auto\">Pokud jde o bezpe\u010dnost, realitu ji\u017e nelze ignorovat. Ve velk\u00fdch m\u011bstech jsou za loupe\u017ee, obchodov\u00e1n\u00ed s drogami a n\u00e1siln\u00e9 excesy zodpov\u011bdn\u00e9 p\u0159edev\u0161\u00edm\u00a0<\/span><a href=\"https:\/\/www.theage.com.au\/national\/parasites-how-organised-crime-is-feeding-off-the-youth-gang-crisis-20250527-p5m2jz.html\"><span dir=\"auto\">zahrani\u010dn\u00ed ml\u00e1de\u017enick\u00e9 gangy<\/span><\/a><span dir=\"auto\">\u00a0. Ka\u017ed\u00fd to v\u00ed, ka\u017ed\u00fd to za\u017e\u00edv\u00e1 \u2013 ale nen\u00ed to n\u011bco, co by se m\u011blo \u0159\u00edkat. M\u00edsto toho jsou ob\u010dan\u00e9, kte\u0159\u00ed tyto podm\u00ednky kritizuj\u00ed, okam\u017eit\u011b ozna\u010deni za \u201epravicov\u00e9 extremisty\u201c. P\u0159esn\u011b to byla reakce vl\u00e1dy na celost\u00e1tn\u00ed protesty: mor\u00e1ln\u00ed pobou\u0159en\u00ed a to sam\u00e9 star\u00e9 obvin\u011bn\u00ed z rasismu. Koneckonc\u016f, obvykl\u00e1 levicov\u00e1 taktika.<\/span><\/p>\n<figure class=\"wp-block-embed is-type-rich is-provider-twitter wp-block-embed-twitter\">\n<div class=\"wp-block-embed__wrapper\">\n<div class=\"twitter-tweet twitter-tweet-rendered\"><iframe id=\"twitter-widget-1\" class=\"\" title=\"X P\u0159\u00edsp\u011bvek\" src=\"https:\/\/platform.twitter.com\/embed\/Tweet.html?dnt=true&amp;embedId=twitter-widget-1&amp;features=eyJ0ZndfdGltZWxpbmVfbGlzdCI6eyJidWNrZXQiOltdLCJ2ZXJzaW9uIjpudWxsfSwidGZ3X2ZvbGxvd2VyX2NvdW50X3N1bnNldCI6eyJidWNrZXQiOnRydWUsInZlcnNpb24iOm51bGx9LCJ0ZndfdHdlZXRfZWRpdF9iYWNrZW5kIjp7ImJ1Y2tldCI6Im9uIiwidmVyc2lvbiI6bnVsbH0sInRmd19yZWZzcmNfc2Vzc2lvbiI6eyJidWNrZXQiOiJvbiIsInZlcnNpb24iOm51bGx9LCJ0ZndfZm9zbnJfc29mdF9pbnRlcnZlbnRpb25zX2VuYWJsZWQiOnsiYnVja2V0Ijoib24iLCJ2ZXJzaW9uIjpudWxsfSwidGZ3X21peGVkX21lZGlhXzE1ODk3Ijp7ImJ1Y2tldCI6InRyZWF0bWVudCIsInZlcnNpb24iOm51bGx9LCJ0ZndfZXhwZXJpbWVudHNfY29va2llX2V4cGlyYXRpb24iOnsiYnVja2V0IjoxMjA5NjAwLCJ2ZXJzaW9uIjpudWxsfSwidGZ3X3Nob3dfYmlyZHdhdGNoX3Bpdm90c19lbmFibGVkIjp7ImJ1Y2tldCI6Im9uIiwidmVyc2lvbiI6bnVsbH0sInRmd19kdXBsaWNhdGVfc2NyaWJlc190b19zZXR0aW5ncyI6eyJidWNrZXQiOiJvbiIsInZlcnNpb24iOm51bGx9LCJ0ZndfdXNlX3Byb2ZpbGVfaW1hZ2Vfc2hhcGVfZW5hYmxlZCI6eyJidWNrZXQiOiJvbiIsInZlcnNpb24iOm51bGx9LCJ0ZndfdmlkZW9faGxzX2R5bmFtaWNfbWFuaWZlc3RzXzE1MDgyIjp7ImJ1Y2tldCI6InRydWVfYml0cmF0ZSIsInZlcnNpb24iOm51bGx9LCJ0ZndfbGVnYWN5X3RpbWVsaW5lX3N1bnNldCI6eyJidWNrZXQiOnRydWUsInZlcnNpb24iOm51bGx9LCJ0ZndfdHdlZXRfZWRpdF9mcm9udGVuZCI6eyJidWNrZXQiOiJvbiIsInZlcnNpb24iOm51bGx9fQ%3D%3D&amp;frame=false&amp;hideCard=false&amp;hideThread=false&amp;id=1962296845465460882&amp;lang=cs&amp;origin=https%3A%2F%2Freport24.news%2Faustralien-hat-genug-zehntausende-protestieren-gegen-massenzuwanderung%2F&amp;sessionId=3e8fb94a2b027a12b62e2d55a830b75e9fc58a0a&amp;theme=light&amp;widgetsVersion=2615f7e52b7e0%3A1702314776716&amp;width=550px\" frameborder=\"0\" scrolling=\"no\" allowfullscreen=\"allowfullscreen\" data-tweet-id=\"1962296845465460882\" data-mce-fragment=\"1\"><\/iframe><\/div>\n<\/div>\n<\/figure>\n<p><span dir=\"auto\">V Sydney pochodovaly tis\u00edce lid\u00ed centrem m\u011bsta; v Melbourne do\u0161lo ke st\u0159et\u016fm s protidemonstranty; v Adelaide do\u0161lo k zat\u00fdk\u00e1n\u00ed; a v Brisbane a Perthu se objevil stejn\u00fd obraz: lid\u00e9 znechuceni politikou, kter\u00e1 m\u011bn\u00ed jejich zemi v centrum soci\u00e1ln\u00edch aktivit. Bylo jen p\u0159\u00edhodn\u00e9, \u017ee se mezi demonstranty vm\u00edsily i zn\u00e1m\u00e9 politi\u010dky jako Pauline Hanson. Mluv\u00ed to, co si mysl\u00ed statis\u00edce lid\u00ed \u2013 i kdy\u017e ji levicov\u00e1 m\u00e9dia za to ozna\u010duj\u00ed bu\u010f za \u201epopulistku\u201c, nebo za \u201ehrozbu pro demokracii\u201c.<\/span><\/p>\n<p><span dir=\"auto\">Hlavn\u00ed poselstv\u00ed zn\u00ed: Trp\u011blivost Australan\u016f doch\u00e1z\u00ed. Ti, kte\u0159\u00ed si u\u017e nemohou naj\u00edt nemocni\u010dn\u00ed l\u016f\u017eko, ti, kte\u0159\u00ed si u\u017e nemohou dovolit byt, a ti, kte\u0159\u00ed se v noci proch\u00e1zej\u00ed vlastn\u00edm m\u011bstem s nep\u0159\u00edjemn\u00fdm pocitem, u\u017e nev\u011b\u0159\u00ed ani slovu ze slogan\u016f vych\u00e1zej\u00edc\u00edch z Canberry. Austr\u00e1lie v\u0161ak nen\u00ed ojedin\u011bl\u00fd p\u0159\u00edpad; je to p\u0159edzv\u011bst v\u011bc\u00ed, kter\u00e9 p\u0159ijdou. Na cel\u00e9m Z\u00e1pad\u011b se n\u00e1lada m\u011bn\u00ed, proto\u017ee realita \u017eivota se ji\u017e nijak nepodob\u00e1 politick\u00fdm iluz\u00edm.<\/span><\/p>\n<figure class=\"wp-block-embed is-type-rich is-provider-twitter wp-block-embed-twitter\">\n<div class=\"wp-block-embed__wrapper\">\n<div class=\"twitter-tweet twitter-tweet-rendered\"><iframe id=\"twitter-widget-2\" class=\"\" title=\"X P\u0159\u00edsp\u011bvek\" src=\"https:\/\/platform.twitter.com\/embed\/Tweet.html?dnt=true&amp;embedId=twitter-widget-2&amp;features=eyJ0ZndfdGltZWxpbmVfbGlzdCI6eyJidWNrZXQiOltdLCJ2ZXJzaW9uIjpudWxsfSwidGZ3X2ZvbGxvd2VyX2NvdW50X3N1bnNldCI6eyJidWNrZXQiOnRydWUsInZlcnNpb24iOm51bGx9LCJ0ZndfdHdlZXRfZWRpdF9iYWNrZW5kIjp7ImJ1Y2tldCI6Im9uIiwidmVyc2lvbiI6bnVsbH0sInRmd19yZWZzcmNfc2Vzc2lvbiI6eyJidWNrZXQiOiJvbiIsInZlcnNpb24iOm51bGx9LCJ0ZndfZm9zbnJfc29mdF9pbnRlcnZlbnRpb25zX2VuYWJsZWQiOnsiYnVja2V0Ijoib24iLCJ2ZXJzaW9uIjpudWxsfSwidGZ3X21peGVkX21lZGlhXzE1ODk3Ijp7ImJ1Y2tldCI6InRyZWF0bWVudCIsInZlcnNpb24iOm51bGx9LCJ0ZndfZXhwZXJpbWVudHNfY29va2llX2V4cGlyYXRpb24iOnsiYnVja2V0IjoxMjA5NjAwLCJ2ZXJzaW9uIjpudWxsfSwidGZ3X3Nob3dfYmlyZHdhdGNoX3Bpdm90c19lbmFibGVkIjp7ImJ1Y2tldCI6Im9uIiwidmVyc2lvbiI6bnVsbH0sInRmd19kdXBsaWNhdGVfc2NyaWJlc190b19zZXR0aW5ncyI6eyJidWNrZXQiOiJvbiIsInZlcnNpb24iOm51bGx9LCJ0ZndfdXNlX3Byb2ZpbGVfaW1hZ2Vfc2hhcGVfZW5hYmxlZCI6eyJidWNrZXQiOiJvbiIsInZlcnNpb24iOm51bGx9LCJ0ZndfdmlkZW9faGxzX2R5bmFtaWNfbWFuaWZlc3RzXzE1MDgyIjp7ImJ1Y2tldCI6InRydWVfYml0cmF0ZSIsInZlcnNpb24iOm51bGx9LCJ0ZndfbGVnYWN5X3RpbWVsaW5lX3N1bnNldCI6eyJidWNrZXQiOnRydWUsInZlcnNpb24iOm51bGx9LCJ0ZndfdHdlZXRfZWRpdF9mcm9udGVuZCI6eyJidWNrZXQiOiJvbiIsInZlcnNpb24iOm51bGx9fQ%3D%3D&amp;frame=false&amp;hideCard=false&amp;hideThread=false&amp;id=1962007539996135784&amp;lang=cs&amp;origin=https%3A%2F%2Freport24.news%2Faustralien-hat-genug-zehntausende-protestieren-gegen-massenzuwanderung%2F&amp;sessionId=3e8fb94a2b027a12b62e2d55a830b75e9fc58a0a&amp;theme=light&amp;widgetsVersion=2615f7e52b7e0%3A1702314776716&amp;width=550px\" frameborder=\"0\" scrolling=\"no\" allowfullscreen=\"allowfullscreen\" data-tweet-id=\"1962007539996135784\" data-mce-fragment=\"1\"><\/iframe><\/div>\n<\/div>\n<\/figure>\n<p><span dir=\"auto\">V Evrop\u011b je situace identick\u00e1: p\u0159elidn\u011bn\u00e1 m\u011bsta, rostouc\u00ed kriminalita, prudce rostouc\u00ed soci\u00e1ln\u00ed n\u00e1klady \u2013 a politick\u00e9 veden\u00ed, kter\u00e9 tvrdohlav\u011b hraje stejnou starou kli\u0161\u00e9 o \u201eintegraci\u201c a \u201eotev\u0159enosti sv\u011btu\u201c. Lid\u00e9 se v\u0161ak za\u010d\u00ednaj\u00ed br\u00e1nit. Austr\u00e1lie 31. srpna uk\u00e1zala, \u017ee odpor roste a je st\u00e1le hlasit\u011bj\u0161\u00ed. A co N\u011bmecko? A co \u010cesko?<\/span><\/p>\n<p><img decoding=\"async\" loading=\"lazy\" class=\"alignnone size-full wp-image-1185\" src=\"http:\/\/www.infokuryr.cz\/n\/wp-content\/uploads\/2021\/04\/kuryr-podpis.png\" alt=\"\" width=\"84\" height=\"24\" \/><\/p>\n<p><img decoding=\"async\" loading=\"lazy\" class=\"wp-image-86651 aligncenter\" src=\"http:\/\/www.infokuryr.cz\/n\/wp-content\/uploads\/2025\/08\/vrab10-300x200.png\" alt=\"\" width=\"1124\" height=\"749\" srcset=\"https:\/\/www.infokuryr.cz\/n\/wp-content\/uploads\/2025\/08\/vrab10-300x200.png 300w, https:\/\/www.infokuryr.cz\/n\/wp-content\/uploads\/2025\/08\/vrab10-1024x682.png 1024w, https:\/\/www.infokuryr.cz\/n\/wp-content\/uploads\/2025\/08\/vrab10-768x512.png 768w, https:\/\/www.infokuryr.cz\/n\/wp-content\/uploads\/2025\/08\/vrab10-1536x1024.png 1536w, https:\/\/www.infokuryr.cz\/n\/wp-content\/uploads\/2025\/08\/vrab10-2048x1365.png 2048w\" sizes=\"(max-width: 1124px) 100vw, 1124px\" \/><\/p>\n<p>&nbsp;<\/p>\n","protected":false},"excerpt":{"rendered":"<p>31. srpna des\u00edtky tis\u00edc lid\u00ed v Austr\u00e1lii ztratily trp\u011blivost a vy\u0161ly do ulic. V ka\u017ed\u00e9m&#8230;<\/p>\n","protected":false},"author":2,"featured_media":86901,"comment_status":"closed","ping_status":"closed","sticky":false,"template":"","format":"standard","meta":[],"categories":[7],"tags":[434,989,95],"_links":{"self":[{"href":"https:\/\/www.infokuryr.cz\/n\/wp-json\/wp\/v2\/posts\/86900"}],"collection":[{"href":"https:\/\/www.infokuryr.cz\/n\/wp-json\/wp\/v2\/posts"}],"about":[{"href":"https:\/\/www.infokuryr.cz\/n\/wp-json\/wp\/v2\/types\/post"}],"author":[{"embeddable":true,"href":"https:\/\/www.infokuryr.cz\/n\/wp-json\/wp\/v2\/users\/2"}],"replies":[{"embeddable":true,"href":"https:\/\/www.infokuryr.cz\/n\/wp-json\/wp\/v2\/comments?post=86900"}],"version-history":[{"count":0,"href":"https:\/\/www.infokuryr.cz\/n\/wp-json\/wp\/v2\/posts\/86900\/revisions"}],"wp:featuredmedia":[{"embeddable":true,"href":"https:\/\/www.infokuryr.cz\/n\/wp-json\/wp\/v2\/media\/86901"}],"wp:attachment":[{"href":"https:\/\/www.infokuryr.cz\/n\/wp-json\/wp\/v2\/media?parent=86900"}],"wp:term":[{"taxonomy":"category","embeddable":true,"href":"https:\/\/www.infokuryr.cz\/n\/wp-json\/wp\/v2\/categories?post=86900"},{"taxonomy":"post_tag","embeddable":true,"href":"https:\/\/www.infokuryr.cz\/n\/wp-json\/wp\/v2\/tags?post=86900"}],"curies":[{"name":"wp","href":"https:\/\/api.w.org\/{rel}","templated":true}]}}