{"id":8690,"date":"2022-02-28T02:26:49","date_gmt":"2022-02-28T01:26:49","guid":{"rendered":"http:\/\/www.infokuryr.cz\/n\/?p=8690"},"modified":"2022-02-27T18:37:45","modified_gmt":"2022-02-27T17:37:45","slug":"pamatujte-na-odesu-nezapominame-neodpoustime","status":"publish","type":"post","link":"https:\/\/www.infokuryr.cz\/n\/2022\/02\/28\/pamatujte-na-odesu-nezapominame-neodpoustime\/","title":{"rendered":"Pamatujte na Od\u011bsu \u2013 nezapom\u00edn\u00e1me, neodpou\u0161t\u00edme!"},"content":{"rendered":"<div id=\"fb-root\"><\/div>\n<div class=\"elementor-element elementor-element-1fb4c2c elementor-widget elementor-widget-theme-post-content\" data-id=\"1fb4c2c\" data-element_type=\"widget\" data-widget_type=\"theme-post-content.default\">\n<div class=\"elementor-widget-container\">\n<div>\n<div class=\"elementor-element elementor-element-1fb4c2c elementor-widget elementor-widget-theme-post-content\" data-id=\"1fb4c2c\" data-element_type=\"widget\" data-widget_type=\"theme-post-content.default\">\n<div class=\"elementor-widget-container\">\n<p><span><strong>I tohle je p\u0159\u00ed\u010dina rusk\u00e9 invaze na Ukrajinu.<\/strong> V zim\u011b 2014 ot\u0159\u00e1sly ukrajinskou metropol\u00ed masov\u00e9 protesty. Koncem \u00fanora n\u00e1sil\u00ed eskalovalo. Divok\u00e9\u00a0pouli\u010dn\u00ed bitvy mezi demonstranty a policejn\u00edmi silami st\u00e1ly na obou stran\u00e1ch p\u0159es 100 \u017eivot\u016f. Prezident Janukovy\u010d byl svr\u017een. Radik\u00e1ln\u00ed ukrajin\u0161t\u00ed nacionalist\u00e9 p\u0159eb\u00edraj\u00ed moc v Kyjev\u011b.<\/span><\/p>\n<p><span>P\u0159evrat vyvolal velk\u00e9 protiprotesty na v\u00fdchodn\u00ed a ji\u017en\u00ed Ukrajin\u011b.\u00a0Rusk\u00e1 men\u0161ina neuzn\u00e1v\u00e1 ukrajinskou neonacistickou vl\u00e1du. Od\u011bsa se st\u00e1v\u00e1 d\u016fle\u017eit\u00fdm centrem ob\u010dansk\u00e9ho odporu.\u00a0Desetitis\u00edce lid\u00ed protestuj\u00ed t\u00fdden co t\u00fdden proti nelegitimn\u00edmu re\u017eimu v Kyjev\u011b.<\/span><\/p>\n<p><span>Rozhodnut\u00ed padne na ja\u0159e.\u00a02. kv\u011btna 2014 stovky radik\u00e1ln\u00edch nacionalist\u016f vtrhly do protestn\u00edho t\u00e1bora.\u00a0Odp\u016frci vl\u00e1dy prchaj\u00ed do budovy odbor\u016f za n\u00ed.\u00a0Tam se des\u00edtky z nich stanou ob\u011bt\u00ed plamen\u016f, jedovat\u00fdch plyn\u016f a brut\u00e1ln\u00edch n\u00e1siln\u00edk\u016f.\u00a0Zem\u0159ou mu\u010divou smrt\u00ed. Zr\u016fdnost byla i hromadn\u00e9 zn\u00e1siln\u011bn\u00ed t\u011bhotn\u00e9 \u017eeny a pak j\u00ed za \u017eiva up\u00e1lili.\u00a0<\/span><\/p>\n<p><span>Od t\u00e9 doby si ka\u017ed\u00fd rok, v\u017edy 2. kv\u011btna, tis\u00edce lid\u00ed p\u0159ipom\u00ednaj\u00ed na Kulikovov\u011b poli p\u0159ed budovou odbor\u016f nezapomenuteln\u00e9 ob\u011bti Od\u011bsy. Ve stejnou dobu ukrajin\u0161t\u00ed nacionalist\u00e9 pochoduj\u00ed ulicemi m\u011bsta a slav\u00ed sv\u016fj \u201eDen v\u00edt\u011bzstv\u00ed\u201c.\u00a0<strong>Od\u011b\u0161t\u00ed vrazi jsou dodnes nepotrestan\u00ed na svobod\u011b.<\/strong><\/span><\/p>\n<p><span>Film \u201eRemember Odessa\u201c nahl\u00ed\u017e\u00ed do hluboce zran\u011bn\u00e9 du\u0161e rozervan\u00e9ho m\u011bsta.\u00a0Kamera p\u0159esn\u011b sleduje okam\u017eik, kdy se v uzav\u0159en\u00e9m prostoru setk\u00e1vaj\u00ed nacionalisti\u010dt\u00ed vrazi a truchl\u00edc\u00ed p\u0159\u00edbuzn\u00ed jejich brut\u00e1ln\u011b zavra\u017ed\u011bn\u00fdch ob\u011bt\u00ed.\u00a0Z o\u010d\u00ed do o\u010d\u00ed.\u00a0V den trag\u00e9die.\u00a02. kv\u011btna 2014. A o \u010dty\u0159i roky pozd\u011bji.\u00a02. kv\u011btna 2018. V centru Od\u011bsy a na Kulikovov\u011b poli p\u0159ed Domem odbor\u016f.\u00a0Na m\u00edst\u011b stra\u0161liv\u00e9ho zlo\u010dinu, kter\u00fd je dodnes nepotrest\u00e1n.<\/span><\/p>\n<p>&nbsp;<\/p>\n<figure class=\"wp-block-embed is-type-video is-provider-youtube wp-block-embed-youtube wp-embed-aspect-16-9 wp-has-aspect-ratio\">\n<div class=\"wp-block-embed__wrapper\"><iframe loading=\"lazy\" title=\"Pamatujte na Od\u011bsu \u2013 nezapom\u00edn\u00e1me, neodpou\u0161t\u00edme!\" src=\"https:\/\/www.youtube.com\/embed\/56bfHtbMC9w?feature=oembed\" width=\"800\" height=\"450\" frameborder=\"0\" allowfullscreen=\"allowfullscreen\"><\/iframe><\/div>\n<\/figure>\n<\/div>\n<\/div>\n<div class=\"elementor-element elementor-element-46a8472 elementor-grid-3 elementor-grid-tablet-2 elementor-grid-mobile-1 elementor-posts--thumbnail-top elementor-widget elementor-widget-posts\" data-id=\"46a8472\" data-element_type=\"widget\" data-settings=\"{&quot;classic_row_gap&quot;:{&quot;unit&quot;:&quot;px&quot;,&quot;size&quot;:25,&quot;sizes&quot;:[]},&quot;classic_columns&quot;:&quot;3&quot;,&quot;classic_columns_tablet&quot;:&quot;2&quot;,&quot;classic_columns_mobile&quot;:&quot;1&quot;,&quot;classic_row_gap_tablet&quot;:{&quot;unit&quot;:&quot;px&quot;,&quot;size&quot;:&quot;&quot;,&quot;sizes&quot;:[]},&quot;classic_row_gap_mobile&quot;:{&quot;unit&quot;:&quot;px&quot;,&quot;size&quot;:&quot;&quot;,&quot;sizes&quot;:[]}}\" data-widget_type=\"posts.classic\">\n<div class=\"elementor-widget-container\">\n<div class=\"elementor-posts-container elementor-posts elementor-posts--skin-classic elementor-grid elementor-has-item-ratio\"><img decoding=\"async\" loading=\"lazy\" class=\"alignnone size-full wp-image-1185\" src=\"http:\/\/www.infokuryr.cz\/n\/wp-content\/uploads\/2021\/04\/kuryr-podpis.png\" alt=\"\" width=\"84\" height=\"24\" \/><\/div>\n<div><\/div>\n<\/div>\n<\/div>\n<\/div>\n<\/div>\n<\/div>\n<div class=\"elementor-element elementor-element-46a8472 elementor-grid-3 elementor-grid-tablet-2 elementor-grid-mobile-1 elementor-posts--thumbnail-top elementor-widget elementor-widget-posts\" data-id=\"46a8472\" data-element_type=\"widget\" data-settings=\"{&quot;classic_row_gap&quot;:{&quot;unit&quot;:&quot;px&quot;,&quot;size&quot;:25,&quot;sizes&quot;:[]},&quot;classic_columns&quot;:&quot;3&quot;,&quot;classic_columns_tablet&quot;:&quot;2&quot;,&quot;classic_columns_mobile&quot;:&quot;1&quot;,&quot;classic_row_gap_tablet&quot;:{&quot;unit&quot;:&quot;px&quot;,&quot;size&quot;:&quot;&quot;,&quot;sizes&quot;:[]},&quot;classic_row_gap_mobile&quot;:{&quot;unit&quot;:&quot;px&quot;,&quot;size&quot;:&quot;&quot;,&quot;sizes&quot;:[]}}\" data-widget_type=\"posts.classic\">\n<div class=\"elementor-widget-container\">\n<div class=\"elementor-posts-container elementor-posts elementor-posts--skin-classic elementor-grid elementor-has-item-ratio\"><\/div>\n<\/div>\n<\/div>\n","protected":false},"excerpt":{"rendered":"<p>I tohle je p\u0159\u00ed\u010dina rusk\u00e9 invaze na Ukrajinu. V zim\u011b 2014 ot\u0159\u00e1sly ukrajinskou metropol\u00ed masov\u00e9&#8230;<\/p>\n","protected":false},"author":2,"featured_media":8691,"comment_status":"closed","ping_status":"closed","sticky":false,"template":"","format":"standard","meta":[],"categories":[7],"tags":[649,871,270,26,1017],"_links":{"self":[{"href":"https:\/\/www.infokuryr.cz\/n\/wp-json\/wp\/v2\/posts\/8690"}],"collection":[{"href":"https:\/\/www.infokuryr.cz\/n\/wp-json\/wp\/v2\/posts"}],"about":[{"href":"https:\/\/www.infokuryr.cz\/n\/wp-json\/wp\/v2\/types\/post"}],"author":[{"embeddable":true,"href":"https:\/\/www.infokuryr.cz\/n\/wp-json\/wp\/v2\/users\/2"}],"replies":[{"embeddable":true,"href":"https:\/\/www.infokuryr.cz\/n\/wp-json\/wp\/v2\/comments?post=8690"}],"version-history":[{"count":0,"href":"https:\/\/www.infokuryr.cz\/n\/wp-json\/wp\/v2\/posts\/8690\/revisions"}],"wp:featuredmedia":[{"embeddable":true,"href":"https:\/\/www.infokuryr.cz\/n\/wp-json\/wp\/v2\/media\/8691"}],"wp:attachment":[{"href":"https:\/\/www.infokuryr.cz\/n\/wp-json\/wp\/v2\/media?parent=8690"}],"wp:term":[{"taxonomy":"category","embeddable":true,"href":"https:\/\/www.infokuryr.cz\/n\/wp-json\/wp\/v2\/categories?post=8690"},{"taxonomy":"post_tag","embeddable":true,"href":"https:\/\/www.infokuryr.cz\/n\/wp-json\/wp\/v2\/tags?post=8690"}],"curies":[{"name":"wp","href":"https:\/\/api.w.org\/{rel}","templated":true}]}}