{"id":86883,"date":"2025-09-01T06:14:11","date_gmt":"2025-09-01T04:14:11","guid":{"rendered":"https:\/\/www.infokuryr.cz\/n\/?p=86883"},"modified":"2025-09-01T06:14:11","modified_gmt":"2025-09-01T04:14:11","slug":"syrie-druzove-a-projekt-velkeho-izraele","status":"publish","type":"post","link":"https:\/\/www.infokuryr.cz\/n\/2025\/09\/01\/syrie-druzove-a-projekt-velkeho-izraele\/","title":{"rendered":"S\u00fdrie, Dr\u00fazov\u00e9 a projekt Velk\u00e9ho Izraele"},"content":{"rendered":"<div id=\"fb-root\"><\/div>\n<p><strong><span dir=\"auto\">Dne 12. srpna medi\u00e1ln\u00ed agentura Axios\u00a0<\/span><a href=\"https:\/\/archive.is\/oFp2E\"><span dir=\"auto\">odhalila<\/span><\/a><span dir=\"auto\">\u00a0, \u017ee Spojen\u00e9 st\u00e1ty a Izrael jednaj\u00ed o vytvo\u0159en\u00ed pozemn\u00edho koridoru mezi okupovan\u00fdmi Golansk\u00fdmi v\u00fd\u0161inami a jihosyrsk\u00fdm m\u011bstem Suvajda, \u00fadajn\u011b za \u00fa\u010delem ochrany dr\u00fazsk\u00e9 men\u0161iny v zemi. N\u00e1sleduj\u00edc\u00ed sobotu vypukly v Suvajd\u011b\u00a0<\/span><a href=\"https:\/\/www.jpost.com\/middle-east\/article-864477\"><span dir=\"auto\">protesty<\/span><\/a><span dir=\"auto\">\u00a0po\u017eaduj\u00edc\u00ed dr\u00fazsk\u00e9 sebeur\u010den\u00ed, kter\u00fdch se mnoz\u00ed \u00fa\u010dastn\u00edci \u00fa\u010dastnili s izraelsk\u00fdmi vlajkami.<\/span><\/strong><\/p>\n<p><a href=\"https:\/\/s5.cdnstatic.space\/wp-content\/uploads\/2025\/08\/Druze.jpg\" target=\"_blank\" rel=\"noopener\"><img decoding=\"async\" loading=\"lazy\" class=\"aligncenter wp-image-228259\" title=\"S\u00fdrie, Dr\u00fazov\u00e9 a projekt Velk\u00e9ho Izraele\" src=\"https:\/\/s5.cdnstatic.space\/wp-content\/uploads\/2025\/08\/Druze-490x274.jpg\" sizes=\"(max-width: 600px) 100vw, 600px\" srcset=\"https:\/\/s5.cdnstatic.space\/wp-content\/uploads\/2025\/08\/Druze-490x274.jpg 490w, https:\/\/s5.cdnstatic.space\/wp-content\/uploads\/2025\/08\/Druze-1024x574.jpg 1024w, https:\/\/s5.cdnstatic.space\/wp-content\/uploads\/2025\/08\/Druze-768x430.jpg 768w, https:\/\/s5.cdnstatic.space\/wp-content\/uploads\/2025\/08\/Druze.jpg 1148w\" alt=\"S\u00fdrie, Dr\u00fazov\u00e9 a projekt Velk\u00e9ho Izraele\" width=\"600\" height=\"336\" \/><\/a><\/p>\n<p><span dir=\"auto\">V prosinci lo\u0148sk\u00e9ho roku se po bleskov\u00e9 ofenz\u00edv\u011b povstalc\u016f se s\u00eddlem v severoz\u00e1padn\u00edm m\u011bst\u011b Idlib dramaticky zhroutila syrsk\u00e1 vl\u00e1da Ba\u0161\u00e1ra Asada. To znamenalo vyvrcholen\u00ed t\u0159in\u00e1ctilet\u00e9ho \u00fasil\u00ed r\u016fzn\u00fdch mocnost\u00ed o vnucen\u00ed zm\u011bny re\u017eimu v Arabsk\u00e9 republice. Jednou z takov\u00fdch mocnost\u00ed byl Izrael, kter\u00fd dod\u00e1val\u00a0<\/span><a href=\"https:\/\/www.timesofisrael.com\/idf-chief-acknowledges-long-claimed-weapons-supply-to-syrian-rebels\/\"><span dir=\"auto\">zbran\u011b<\/span><\/a><span dir=\"auto\">\u00a0salafistick\u00fdm militant\u016fm, kte\u0159\u00ed se stav\u011bli proti Asadov\u011b sekul\u00e1rn\u00ed vl\u00e1d\u011b. S\u00fdrie, kter\u00e1 fungovala jako prost\u0159edn\u00edk mezi \u00cdr\u00e1nem a Hizball\u00e1hem, byla dlouho v hled\u00e1\u010dku Tel Avivu.<\/span><\/p>\n<p><span dir=\"auto\">B\u011bhem n\u011bkolika hodin po Asadov\u011b p\u00e1du zah\u00e1jil Izrael pozemn\u00ed invazi do ji\u017en\u00ed S\u00fdrie. Tel Aviv prohl\u00e1sil, \u017ee se tak stalo za \u00fa\u010delem vytvo\u0159en\u00ed n\u00e1razn\u00edkov\u00e9 z\u00f3ny mezi Izraelem a novou syrskou islamistickou vl\u00e1dou, a to navzdory skute\u010dnosti, \u017ee nov\u00ed vl\u00e1dci Dama\u0161ku v posledn\u00edm desetilet\u00ed fakticky jednali v z\u00e1jmu Izraele. Izrael pozd\u011bji tak\u00e9 prohl\u00e1sil, \u017ee m\u00e1 v \u00famyslu br\u00e1nit syrskou dr\u00fazskou men\u0161inu.<\/span><\/p>\n<p><span dir=\"auto\">S\u00fdrie, stejn\u011b jako p\u0159ed n\u00ed Ir\u00e1k a Libye, se po Asadov\u011b odvol\u00e1n\u00ed z moci n\u00e1sledn\u011b ocitla v krvav\u00fdch sekt\u00e1\u0159sk\u00fdch sporech. Za\u010d\u00e1tkem b\u0159ezna si vl\u00e1dn\u00ed pogromy pod\u00e9l syrsk\u00e9ho pob\u0159e\u017e\u00ed vy\u017e\u00e1daly smrt v\u00edce ne\u017e\u00a0<\/span><a href=\"https:\/\/news.un.org\/en\/story\/2025\/08\/1165649\"><span dir=\"auto\">1400<\/span><\/a><span dir=\"auto\">\u00a0\u010dlen\u016f \u0161\u00editsk\u00e9 alavitsk\u00e9 men\u0161iny. Izraelsk\u00fd z\u00e1jem o Dr\u00fazy v\u0161ak sp\u00ed\u0161e ne\u017e o obavy ze sekt\u00e1\u0159sk\u00e9ho krveprolit\u00ed nespo\u010d\u00edv\u00e1 p\u0159edev\u0161\u00edm v dosa\u017een\u00ed geostrategick\u00e9ho c\u00edle, kter\u00fd byl pl\u00e1nov\u00e1n po cel\u00e1 desetilet\u00ed.<\/span><\/p>\n<div id=\"attachment_228260\" class=\"wp-caption aligncenter\" style=\"width: 613px;\"><a href=\"https:\/\/s5.cdnstatic.space\/wp-content\/uploads\/2025\/08\/image1170x530cropped.jpg\" target=\"_blank\" rel=\"noopener\"><img decoding=\"async\" loading=\"lazy\" class=\"wp-image-228260\" title=\"S\u00fdrie, Dr\u00fazov\u00e9 a projekt Velk\u00e9ho Izraele\" src=\"https:\/\/s5.cdnstatic.space\/wp-content\/uploads\/2025\/08\/image1170x530cropped-490x222.jpg\" sizes=\"(max-width: 600px) 100vw, 600px\" srcset=\"https:\/\/s5.cdnstatic.space\/wp-content\/uploads\/2025\/08\/image1170x530cropped-490x222.jpg 490w, https:\/\/s5.cdnstatic.space\/wp-content\/uploads\/2025\/08\/image1170x530cropped-1024x464.jpg 1024w, https:\/\/s5.cdnstatic.space\/wp-content\/uploads\/2025\/08\/image1170x530cropped-768x348.jpg 768w, https:\/\/s5.cdnstatic.space\/wp-content\/uploads\/2025\/08\/image1170x530cropped.jpg 1170w\" alt=\"S\u00fdrie, Dr\u00fazov\u00e9 a projekt Velk\u00e9ho Izraele\" width=\"613\" height=\"278\" aria-describedby=\"caption-attachment-228260\" \/><\/a><\/p>\n<p id=\"caption-attachment-228260\" class=\"wp-caption-text\"><span dir=\"auto\">Nep\u0159\u00e1telsk\u00e9 boje v severoz\u00e1padn\u00ed S\u00fdrii zp\u016fsobily rozs\u00e1hl\u00e9 \u0161kody<\/span><\/p>\n<\/div>\n<p><span dir=\"auto\">V roce 1982 napsal Oded Yinon, vysok\u00fd \u00fa\u0159edn\u00edk izraelsk\u00e9ho ministerstva zahrani\u010d\u00ed,\u00a0<\/span><a href=\"https:\/\/archive.org\/details\/astrategyforisraelinthenineteeneighties\/page\/n9\/mode\/1up\"><span dir=\"auto\">dokument<\/span><\/a><span dir=\"auto\">\u00a0s n\u00e1zvem Strategie pro Izrael v osmdes\u00e1t\u00fdch letech 20. stolet\u00ed. Dokument, b\u011b\u017en\u011bji zn\u00e1m\u00fd jako Yinon\u016fv pl\u00e1n, publikovala Sv\u011btov\u00e1 sionistick\u00e1 organizace v hebrejsk\u00e9m \u010dasopise KIVUNIM. V n\u011bm Yinon stanovil za kl\u00ed\u010dov\u00fd dlouhodob\u00fd strategick\u00fd c\u00edl Izraele rozpu\u0161t\u011bn\u00ed Ir\u00e1ku podle etnick\u00fdch a n\u00e1bo\u017eensk\u00fdch lini\u00ed.<\/span><\/p>\n<p><span dir=\"auto\">Ir\u00e1k, kter\u00fd se hl\u00e1sil k panarabsk\u00e9 baasistick\u00e9 ideologii, se po dohod\u00e1ch z Camp Davidu a normalizaci vztah\u016f mezi Egyptem a Izraelem za\u010dal st\u00e1vat hlavn\u00edm region\u00e1ln\u00edm rivalem Izraele. V roce 1981 izraelsk\u00e9 letectvo bombardovalo rozestav\u011bn\u00fd reaktor Osirak ve v\u00fdchodn\u00edm Ir\u00e1ku, proto\u017ee m\u011blo podez\u0159en\u00ed, \u017ee bude pou\u017eit k v\u00fdvoji jadern\u00fdch zbran\u00ed.<\/span><\/p>\n<p><span dir=\"auto\">Na za\u010d\u00e1tku roku 1991, uprost\u0159ed vypuknut\u00ed v\u00e1lky v Persk\u00e9m z\u00e1livu, Ir\u00e1k odp\u00e1lil des\u00edtky raket Scud sm\u011brem k Izraeli. D\u011blo se tak v nad\u011bji, \u017ee izraelsk\u00e1 reakce zmobilizuje Araby v cel\u00e9m regionu a podkope podporu koalice veden\u00e9 USA v Persk\u00e9m z\u00e1livu. Pod\u00a0<\/span><a href=\"https:\/\/www.timesofisrael.com\/were-going-to-attack-iraq-israel-told-the-us-move-your-planes\/\"><span dir=\"auto\">tlakem<\/span><\/a><span dir=\"auto\">\u00a0\u00a0Spojen\u00fdch st\u00e1t\u016f v\u0161ak Izrael na tyto \u00fadery nakonec nereagoval. Do konce \u00fanora 1991 byly ir\u00e1ck\u00e9 s\u00edly v Kuvajtu pora\u017eeny.<\/span><\/p>\n<p><img decoding=\"async\" loading=\"lazy\" class=\"aligncenter\" src=\"https:\/\/s5.cdnstatic.space\/wp-content\/uploads\/2025\/08\/Syrian-security-forces-pose-for-a-picture-in-Suwayda-on-July-15-following-clashes-between-Bedouin-tribes-and-Druze-fighters-490x274.jpg\" alt=\"S\u00fdrie, Dr\u00fazov\u00e9 a projekt Velk\u00e9ho Izraele\" width=\"570\" height=\"319\" \/><\/p>\n<p><span dir=\"auto\">A\u010dkoli se n\u00e1sledn\u011b uk\u00e1zalo, \u017ee USA zah\u00e1jily v\u00e1lku na z\u00e1klad\u011b\u00a0<\/span><a href=\"https:\/\/archive.is\/wbUu0\"><span dir=\"auto\">vykonstruovan\u00e9 verze<\/span><\/a><span dir=\"auto\">\u00a0o tom, \u017ee ir\u00e1\u010dt\u00ed voj\u00e1ci vyj\u00edmali p\u0159ed\u010dasn\u011b narozen\u00e9 d\u011bti z inkub\u00e1tor\u016f a nech\u00e1vali je zem\u0159\u00edt na nemocni\u010dn\u00ed podlaze, Washington si v\u016f\u010di Ir\u00e1ku st\u00e1le udr\u017eoval agresivn\u00ed postoj. V dubnu 1991 USA, Brit\u00e1nie a Francie zavedly bezletovou z\u00f3nu nad severn\u00edm Ir\u00e1kem, \u00fadajn\u011b na ochranu kurdsk\u00e9 men\u0161iny. N\u00e1sleduj\u00edc\u00ed rok byla podobn\u00e1 bezletov\u00e1 z\u00f3na zavedena nad jihem zem\u011b, tentokr\u00e1t pod z\u00e1minkou ochrany \u0161\u00editsk\u00fdch muslim\u016f. Stejn\u011b jako sou\u010dasn\u00fd z\u00e1jem Izraele o Dr\u00fazy, i toto m\u011blo strategick\u00fd \u00fa\u010del.<\/span><\/p>\n<p><span dir=\"auto\">Jinon\u016fv pl\u00e1n na\u010drtl, jak by za \u00fa\u010delem balkanizace Ir\u00e1ku musela b\u00fdt zem\u011b rozd\u011blena do t\u0159\u00ed odli\u0161n\u00fdch \u010d\u00e1st\u00ed. Na severu zem\u011b kurdsk\u00fd separatistick\u00fd st\u00e1t se s\u00eddlem v okol\u00ed m\u011bsta Mosul, ve st\u0159edn\u00edm Ir\u00e1ku sunnitsk\u00fd region napojen\u00fd na hlavn\u00ed m\u011bsto Bagd\u00e1d a na jihu \u0161\u00editsk\u00fd region se st\u0159edem kolem Basry. Bezletov\u00e9 z\u00f3ny Spojen\u00fdch st\u00e1t\u016f Ir\u00e1k v tomto sm\u011bru efektivn\u011b polarizovaly.<\/span><\/p>\n<p><span dir=\"auto\">Po \u00fatoc\u00edch z 11. z\u00e1\u0159\u00ed\u00a0byla zavedena\u00a0<\/span><a href=\"https:\/\/resistir.info\/livros\/rebuilding_americas_defenses.pdf\"><span dir=\"auto\">radik\u00e1ln\u011b nov\u00e1 zahrani\u010dn\u00ed politika USA , po\u010d\u00ednaje invaz\u00ed do Afgh\u00e1nist\u00e1nu v \u0159\u00edjnu 2001. Osmn\u00e1ct m\u011bs\u00edc\u016f po 11. z\u00e1\u0159\u00ed vpadla do Ir\u00e1ku koalice veden\u00e1 USA, a to i p\u0159esto, \u017ee nebyly p\u0159edlo\u017eeny \u017e\u00e1dn\u00e9 hmatateln\u00e9 d\u016fkazy o spojen\u00ed Sadd\u00e1ma Husajna s \u00fatoky. Koali\u010dn\u00ed s\u00edly rychle svrhly ir\u00e1ckou vl\u00e1du a nahradily ji prozat\u00edmn\u00ed autoritou. Jej\u00edm prvn\u00edm\u00a0<\/span><\/a><a href=\"https:\/\/web.archive.org\/web\/20040621014307\/http:\/\/www.iraqcoalition.org\/regulations\/20030516_CPAORD_1_De-Ba_athification_of_Iraqi_Society_.pdf\"><span dir=\"auto\">v\u00fdkonn\u00fdm na\u0159\u00edzen\u00edm<\/span><\/a><span dir=\"auto\">\u00a0bylo trvale zak\u00e1zat v\u0161em \u010dlen\u016fm strany Baas pracovat ve ve\u0159ejn\u00e9m sektoru. Ir\u00e1k se n\u00e1sledn\u011b\u00a0\u00a0po invazi propadl do\u00a0<\/span><a href=\"https:\/\/press.un.org\/en\/2006\/sc8829.doc.htm\"><span dir=\"auto\">sekt\u00e1\u0159sk\u00e9ho krveprolit\u00ed .<\/span><\/a><\/p>\n<p><span dir=\"auto\">Stejn\u011b jako Ir\u00e1k byla i baasistick\u00e1 S\u00fdrie v Jinonov\u011b pl\u00e1nu ozna\u010dena za c\u00edl balkanizace. Dokument z roku 1982 p\u0159edpokl\u00e1dal sunnitsk\u00fd st\u00e1t v severn\u00ed S\u00fdrii se st\u0159edem v Aleppu, alavitsk\u00fd st\u00e1t pod\u00e9l syrsk\u00e9ho pob\u0159e\u017e\u00ed St\u0159edozemn\u00edho mo\u0159e, a dal\u0161\u00ed sunnitsk\u00fd st\u00e1t se s\u00eddlem kolem ji\u017en\u00edho hlavn\u00edho m\u011bsta Dama\u0161ku a nep\u0159\u00e1telsk\u00fd v\u016f\u010di sv\u00e9mu severn\u00edmu prot\u011bj\u0161ku. Uprost\u0159ed tohoto rozd\u011blen\u00ed Jinon p\u0159edpov\u011bd\u011bl vznik separatistick\u00e9ho dr\u00fazsk\u00e9ho st\u00e1tu na okupovan\u00fdch Golansk\u00fdch v\u00fd\u0161in\u00e1ch a v oblasti Haur\u00e1n v ji\u017en\u00ed S\u00fdrii a severn\u00edm Jord\u00e1nsku.<\/span><\/p>\n<p><span dir=\"auto\">Po p\u00e1du vl\u00e1dy Ba\u0161\u00e1ra Asada bylo takov\u00e9 uspo\u0159\u00e1d\u00e1n\u00ed nyn\u00ed fakticky zavedeno. Severoz\u00e1pad S\u00fdrie, kde se nach\u00e1z\u00ed Aleppo, se stala ba\u0161tou Syrsk\u00e9 n\u00e1rodn\u00ed arm\u00e1dy podporovan\u00e9 Tureckem, zat\u00edmco Haj&#8217;at Tahr\u00edr a\u0161-\u0160\u00e1m (HTS), kter\u00e1 vedla ofenz\u00edvu, je\u017e ukon\u010dila Asadovu vl\u00e1du, s\u00eddl\u00ed v hlavn\u00edm m\u011bst\u011b Dama\u0161ku.<\/span><\/p>\n<div id=\"attachment_228271\" class=\"wp-caption aligncenter\" style=\"width: 610px;\"><a href=\"https:\/\/s5.cdnstatic.space\/wp-content\/uploads\/2025\/08\/Syrian-National-Armys-Maghawir-al-Sham01.jpg\" target=\"_blank\" rel=\"noopener\"><img decoding=\"async\" loading=\"lazy\" class=\"wp-image-228271\" title=\"S\u00fdrie, Dr\u00fazov\u00e9 a projekt Velk\u00e9ho Izraele\" src=\"https:\/\/s5.cdnstatic.space\/wp-content\/uploads\/2025\/08\/Syrian-National-Armys-Maghawir-al-Sham01-483x300.jpg\" sizes=\"(max-width: 600px) 100vw, 600px\" srcset=\"https:\/\/s5.cdnstatic.space\/wp-content\/uploads\/2025\/08\/Syrian-National-Armys-Maghawir-al-Sham01-483x300.jpg 483w, https:\/\/s5.cdnstatic.space\/wp-content\/uploads\/2025\/08\/Syrian-National-Armys-Maghawir-al-Sham01-768x477.jpg 768w, https:\/\/s5.cdnstatic.space\/wp-content\/uploads\/2025\/08\/Syrian-National-Armys-Maghawir-al-Sham01.jpg 960w\" alt=\"S\u00fdrie, Dr\u00fazov\u00e9 a projekt Velk\u00e9ho Izraele\" width=\"610\" height=\"379\" aria-describedby=\"caption-attachment-228271\" \/><\/a><\/p>\n<p id=\"caption-attachment-228271\" class=\"wp-caption-text\"><span dir=\"auto\">Syrsk\u00e1 n\u00e1rodn\u00ed arm\u00e1da<\/span><\/p>\n<\/div>\n<p><span dir=\"auto\">Ve \u010dtvrtek vydala HTS\u00a0<\/span><a href=\"https:\/\/x.com\/ScharoMaroof\/status\/1961189598698012734\"><span dir=\"auto\">72hodinovou lh\u016ftu pro alavitsk\u00e9<\/span><\/a><span dir=\"auto\">\u00a0obyvatele dama\u0161sk\u00e9ho p\u0159edm\u011bst\u00ed as-Sumaria, aby opustili sv\u00e9 domovy. Spolu s ned\u00e1vn\u00fdmi pogromy na pob\u0159e\u017e\u00ed to polarizovalo S\u00fdrii pod\u00e9l stejn\u00fdch sekt\u00e1\u0159sk\u00fdch rozd\u011blen\u00ed uveden\u00fdch v pl\u00e1nu Yinon. Ned\u00e1vn\u00e9 Izraelem podporovan\u00e9 v\u00fdzvy k sebeur\u010den\u00ed Dr\u00faz\u016f slou\u017e\u00ed k dal\u0161\u00edmu rozd\u011blen\u00ed b\u00fdval\u00e9 arabsk\u00e9 republiky v souladu s dokumentem z roku 1982.<\/span><\/p>\n<p><span dir=\"auto\">Ve stejn\u00fd den, kdy agentura Axios nast\u00ednila americko-izraelsk\u00e1 jedn\u00e1n\u00ed o vytvo\u0159en\u00ed pozemn\u00edho koridoru do Suvajdy, poskytl izraelsk\u00fd premi\u00e9r Benjamin Netanjahu rozhovor novin\u00e1\u0159ce a b\u00fdval\u00e9 poslankyni Knesetu Sharon Galov\u00e9 pro izraelsk\u00fd den\u00edk i24. Kdy\u017e mu Galov\u00e1 p\u0159edala amulet s \u201emapou Zasl\u00edben\u00e9 zem\u011b\u201c, Netanjahu prohl\u00e1sil, \u017ee\u00a0<\/span><a href=\"https:\/\/www.timesofisrael.com\/liveblog_entry\/netanyahu-says-hes-on-a-historic-and-spiritual-mission-endorses-vision-of-greater-israel\/\"><span dir=\"auto\">c\u00edt\u00ed spojen\u00ed<\/span><\/a><span dir=\"auto\">\u00a0s viz\u00ed \u201eVelk\u00e9ho Izraele\u201c. Jedn\u00e1 se o historick\u00fd sionistick\u00fd term\u00edn ozna\u010duj\u00edc\u00ed expanzivn\u00ed izraelsk\u00fd st\u00e1t, kter\u00fd by zahrnoval minim\u00e1ln\u011b Z\u00e1padn\u00ed b\u0159eh Jord\u00e1nu, p\u00e1smo Gazy a Golansk\u00e9 v\u00fd\u0161iny.<\/span><\/p>\n<div id=\"attachment_228273\" class=\"wp-caption aligncenter\" style=\"width: 605px;\"><a href=\"https:\/\/s5.cdnstatic.space\/wp-content\/uploads\/2025\/08\/Screenshot-2025-08-14-at-0.52.43-e1755122149424-640x400-1.jpg\" target=\"_blank\" rel=\"noopener\"><img decoding=\"async\" loading=\"lazy\" class=\"wp-image-228273\" title=\"S\u00fdrie, Dr\u00fazov\u00e9 a projekt Velk\u00e9ho Izraele\" src=\"https:\/\/s5.cdnstatic.space\/wp-content\/uploads\/2025\/08\/Screenshot-2025-08-14-at-0.52.43-e1755122149424-640x400-1-480x300.jpg\" sizes=\"(max-width: 600px) 100vw, 600px\" srcset=\"https:\/\/s5.cdnstatic.space\/wp-content\/uploads\/2025\/08\/Screenshot-2025-08-14-at-0.52.43-e1755122149424-640x400-1-480x300.jpg 480w, https:\/\/s5.cdnstatic.space\/wp-content\/uploads\/2025\/08\/Screenshot-2025-08-14-at-0.52.43-e1755122149424-640x400-1.jpg 640w\" alt=\"S\u00fdrie, Dr\u00fazov\u00e9 a projekt Velk\u00e9ho Izraele\" width=\"605\" height=\"378\" aria-describedby=\"caption-attachment-228273\" \/><\/a><\/p>\n<p id=\"caption-attachment-228273\" class=\"wp-caption-text\"><span dir=\"auto\">Premi\u00e9r Benjamin Netanjahu se d\u00edv\u00e1 na amulet s \u201emapou Zasl\u00edben\u00e9 zem\u011b\u201c, kter\u00fd mu dal jeho tazatel 12. srpna 2025. (Sn\u00edmek obrazovky i24 news)<\/span><\/p>\n<\/div>\n<div id=\"attachment_228278\" class=\"wp-caption aligncenter\" style=\"width: 609px;\"><a href=\"https:\/\/s5.cdnstatic.space\/wp-content\/uploads\/2025\/08\/Bezalel-Smotrich.jpg\" target=\"_blank\" rel=\"noopener\"><img decoding=\"async\" loading=\"lazy\" class=\"wp-image-228278\" title=\"S\u00fdrie, Dr\u00fazov\u00e9 a projekt Velk\u00e9ho Izraele\" src=\"https:\/\/s5.cdnstatic.space\/wp-content\/uploads\/2025\/08\/Bezalel-Smotrich-450x300.jpg\" sizes=\"(max-width: 600px) 100vw, 600px\" srcset=\"https:\/\/s5.cdnstatic.space\/wp-content\/uploads\/2025\/08\/Bezalel-Smotrich-450x300.jpg 450w, https:\/\/s5.cdnstatic.space\/wp-content\/uploads\/2025\/08\/Bezalel-Smotrich-768x512.jpg 768w, https:\/\/s5.cdnstatic.space\/wp-content\/uploads\/2025\/08\/Bezalel-Smotrich.jpg 787w\" alt=\"S\u00fdrie, Dr\u00fazov\u00e9 a projekt Velk\u00e9ho Izraele\" width=\"609\" height=\"406\" aria-describedby=\"caption-attachment-228278\" \/><\/a><\/p>\n<p id=\"caption-attachment-228278\" class=\"wp-caption-text\"><span dir=\"auto\">Izraelsk\u00fd ministr financ\u00ed Becalel Smotrich dr\u017e\u00ed mapu zobrazuj\u00edc\u00ed projekt osady E1 b\u011bhem tiskov\u00e9 konference pobl\u00ed\u017e osady Maale Adumim na Izraelem okupovan\u00e9m Z\u00e1padn\u00edm b\u0159ehu Jord\u00e1nu ve \u010dtvrtek 14. srpna 2025.<\/span><\/p>\n<\/div>\n<p><span dir=\"auto\">Izrael ve st\u0159edu\u00a0<\/span><a href=\"https:\/\/apnews.com\/article\/israel-palestinians-west-bank-e1-settlements-8a713939ee6f6552381246dacc8a1301\"><span dir=\"auto\">ozn\u00e1mil<\/span><\/a><span dir=\"auto\">\u00a0pl\u00e1ny na v\u00fdstavbu 3 400 bytov\u00fdch jednotek na Z\u00e1padn\u00edm b\u0159ehu Jord\u00e1nu mezi Jeruzal\u00e9mem a v\u00fdchodn\u00ed osadou Ma&#8217;ale Adumin. Takov\u00fd krok by fakticky rozd\u011blil \u00fazem\u00ed na sever a jih. Izraelsk\u00fd ministr Bezalel Smotrich, kter\u00fd pl\u00e1n\u00a0<\/span><a href=\"https:\/\/www.theguardian.com\/world\/2025\/aug\/14\/israel-appears-set-to-approve-controversial-settlement-of-3400-homes-in-west-bank\"><span dir=\"auto\">ozn\u00e1mil<\/span><\/a><span dir=\"auto\">\u00a0, prohl\u00e1sil, \u017ee by to \u201epoh\u0159bilo my\u0161lenku palestinsk\u00e9ho st\u00e1tu\u201c.<\/span><\/p>\n<p><a href=\"https:\/\/s5.cdnstatic.space\/wp-content\/uploads\/2025\/08\/e1.jpg\" target=\"_blank\" rel=\"noopener\"><img decoding=\"async\" loading=\"lazy\" class=\"aligncenter wp-image-228280\" title=\"S\u00fdrie, Dr\u00fazov\u00e9 a projekt Velk\u00e9ho Izraele\" src=\"https:\/\/s5.cdnstatic.space\/wp-content\/uploads\/2025\/08\/e1-345x300.jpg\" sizes=\"(max-width: 600px) 100vw, 600px\" srcset=\"https:\/\/s5.cdnstatic.space\/wp-content\/uploads\/2025\/08\/e1-345x300.jpg 345w, https:\/\/s5.cdnstatic.space\/wp-content\/uploads\/2025\/08\/e1.jpg 614w\" alt=\"S\u00fdrie, Dr\u00fazov\u00e9 a projekt Velk\u00e9ho Izraele\" width=\"600\" height=\"522\" \/><\/a><\/p>\n<div id=\"attachment_228279\" class=\"wp-caption aligncenter\" style=\"width: 600px;\"><a href=\"https:\/\/s5.cdnstatic.space\/wp-content\/uploads\/2025\/08\/palest.jpg\" target=\"_blank\" rel=\"noopener\"><img decoding=\"async\" loading=\"lazy\" class=\"wp-image-228279\" title=\"S\u00fdrie, Dr\u00fazov\u00e9 a projekt Velk\u00e9ho Izraele\" src=\"https:\/\/s5.cdnstatic.space\/wp-content\/uploads\/2025\/08\/palest-449x300.jpg\" sizes=\"(max-width: 600px) 100vw, 600px\" srcset=\"https:\/\/s5.cdnstatic.space\/wp-content\/uploads\/2025\/08\/palest-449x300.jpg 449w, https:\/\/s5.cdnstatic.space\/wp-content\/uploads\/2025\/08\/palest-768x513.jpg 768w, https:\/\/s5.cdnstatic.space\/wp-content\/uploads\/2025\/08\/palest.jpg 790w\" alt=\"S\u00fdrie, Dr\u00fazov\u00e9 a projekt Velk\u00e9ho Izraele\" width=\"600\" height=\"401\" aria-describedby=\"caption-attachment-228279\" \/><\/a><\/p>\n<p id=\"caption-attachment-228279\" class=\"wp-caption-text\"><span dir=\"auto\">Palestinsk\u00e9 osady jsou vid\u011bt v oblasti E1, otev\u0159en\u00e9m \u00fazem\u00ed v\u00fdchodn\u011b od Jeruzal\u00e9ma, mezi izraelskou osadou Maale Adumim a okupovan\u00fdm m\u011bstem Eizariya na Z\u00e1padn\u00edm b\u0159ehu Jord\u00e1nu, \u010dtvrtek 14. srpna 2025<\/span><\/p>\n<\/div>\n<p><span dir=\"auto\">Loni\u00a0<\/span><a href=\"https:\/\/www.timesofisrael.com\/miriam-adelson-gives-100-million-to-trump-campaign-making-good-on-reported-pledge\/\"><span dir=\"auto\">darovala<\/span><\/a><span dir=\"auto\">\u00a0Miriam Adelsonov\u00e1, man\u017eelka kasinov\u00e9ho magn\u00e1ta Sheldona Adelsona, 100 milion\u016f dolar\u016f na prezidentskou kampa\u0148 Donalda Trumpa. To bylo provedeno pod\u00a0<\/span><a href=\"https:\/\/archive.is\/wggjI\"><span dir=\"auto\">podm\u00ednkou<\/span><\/a><span dir=\"auto\">\u00a0, \u017ee republik\u00e1nsk\u00fd kandid\u00e1t v p\u0159\u00edpad\u011b zvolen\u00ed podpo\u0159\u00ed form\u00e1ln\u00ed izraelskou anexi Z\u00e1padn\u00edho b\u0159ehu Jord\u00e1nu. Sheldon Adelson, kter\u00fd zem\u0159el v roce 2021, ji\u017e d\u0159\u00edve\u00a0<\/span><a href=\"https:\/\/responsiblestatecraft.org\/2022\/10\/07\/new-book-highlights-how-campaign-money-influences-us-foreign-policy\/\"><span dir=\"auto\">daroval<\/span><\/a><span dir=\"auto\">\u00a020 milion\u016f dolar\u016f na Trumpovu prvn\u00ed prezidentskou kampa\u0148 v roce 2016. I k tomu byla p\u0159ipojena podm\u00ednka, \u017ee americk\u00e9 velvyslanectv\u00ed bude p\u0159esunuto z Tel Avivu do Jeruzal\u00e9ma, co\u017e Trump n\u00e1sledn\u011b v prosinci 2017 uskute\u010dnil.<\/span><\/p>\n<div id=\"attachment_228281\" class=\"wp-caption aligncenter\" style=\"width: 647px;\"><a href=\"https:\/\/s5.cdnstatic.space\/wp-content\/uploads\/2025\/08\/ma.jpg\" target=\"_blank\" rel=\"noopener\"><img decoding=\"async\" loading=\"lazy\" class=\"wp-image-228281 \" title=\"S\u00fdrie, Dr\u00fazov\u00e9 a projekt Velk\u00e9ho Izraele\" src=\"https:\/\/s5.cdnstatic.space\/wp-content\/uploads\/2025\/08\/ma.jpg\" sizes=\"(max-width: 647px) 100vw, 647px\" srcset=\"https:\/\/s5.cdnstatic.space\/wp-content\/uploads\/2025\/08\/ma.jpg 647w, https:\/\/s5.cdnstatic.space\/wp-content\/uploads\/2025\/08\/ma-490x284.jpg 490w\" alt=\"S\u00fdrie, Dr\u00fazov\u00e9 a projekt Velk\u00e9ho Izraele\" width=\"647\" height=\"375\" aria-describedby=\"caption-attachment-228281\" \/><\/a><\/p>\n<p id=\"caption-attachment-228281\" class=\"wp-caption-text\"><span dir=\"auto\">Donald Trump v roce 2018 ud\u011blil l\u00e9ka\u0159ce Miriam Adelsonov\u00e9 Prezidentskou medaili svobody.<\/span><\/p>\n<\/div>\n<p><span dir=\"auto\">24 hodin po Trumpov\u011b inauguraci v lednu leto\u0161n\u00edho roku zah\u00e1jil Izrael operaci \u017delezn\u00e1 ze\u010f. Operace\u00a0 \u017delezn\u00e1 ze\u010f,\u00a0<\/span><a href=\"https:\/\/www.newarab.com\/news\/israel-continue-assault-jenin-indefinitely\"><span dir=\"auto\">jej\u00edm\u017e c\u00edlem bylo<\/span><\/a><span dir=\"auto\">\u00a0zni\u010dit uprchlick\u00fd t\u00e1bor D\u017een\u00edn, vedla k\u00a0<\/span><a href=\"https:\/\/archive.is\/5qryK\"><span dir=\"auto\">nejv\u011bt\u0161\u00edmu masov\u00e9mu vyhn\u00e1n\u00ed<\/span><\/a><span dir=\"auto\">\u00a0Palestinc\u016f ze Z\u00e1padn\u00edho b\u0159ehu Jord\u00e1nu od roku 1967.<\/span><\/p>\n<p><span dir=\"auto\">Od 7. \u0159\u00edjna 2023 Izrael v reakci na operaci Ham\u00e1su v r\u00e1mci povodn\u00ed Al-Aks\u00e1 podstupuje vojensk\u00fd \u00fatok na obl\u00e9han\u00e9 p\u00e1smo Gazy. Jednalo se o nejv\u011bt\u0161\u00ed vojensk\u00fd vp\u00e1d do Izraele od \u0159\u00edjnov\u00e9 v\u00e1lky v roce 1973. Pozornost glob\u00e1ln\u00edch m\u00e9di\u00ed byla upout\u00e1na na skute\u010dnost, \u017ee se ve stejnou dobu na hranic\u00edch s Gazou konal hudebn\u00ed festival Supernova. Men\u0161\u00ed pozornost v\u0161ak byla v\u011bnov\u00e1na odhalen\u00ed\u00a0<\/span><a href=\"https:\/\/www.billboard.com\/music\/music-news\/israel-music-festival-attack-artist-manager-account-massacre-1235436829\/\"><span dir=\"auto\">,<\/span><\/a><span dir=\"auto\">\u00a0\u017ee akce byla na toto m\u00edsto p\u0159esunuta teprve dva dny p\u0159edem. To, \u017ee neexistovaly \u017e\u00e1dn\u00e9 bezpe\u010dnostn\u00ed ani pojistn\u00e9 obavy ohledn\u011b po\u0159\u00e1d\u00e1n\u00ed hudebn\u00edho festivalu v p\u0159\u00edm\u00e9 bl\u00edzkosti m\u00edsta, kde\u00a0v l\u00e9t\u011b prob\u011bhly\u00a0<\/span><a href=\"https:\/\/en.wikipedia.org\/wiki\/2022_Gaza%E2%80%93Israel_clashes\"><span dir=\"auto\">st\u0159ety mezi Isl\u00e1msk\u00fdm d\u017eih\u00e1dem a izraelsk\u00fdmi silami, je prost\u011b neuv\u011b\u0159iteln\u00e9.<\/span><\/a><\/p>\n<p><span dir=\"auto\">Dal\u0161\u00ed ot\u00e1zky vyvstaly, kdy\u017e\u00a0<\/span><a href=\"https:\/\/apnews.com\/article\/israel-hamas-gaza-attack-intel-a5287a18773232f26ca171233be01721\"><span dir=\"auto\">vy\u0161lo najevo<\/span><\/a><span dir=\"auto\">\u00a0, \u017ee Egypt, kter\u00fd p\u016fsob\u00ed jako prost\u0159edn\u00edk mezi Ham\u00e1sem a Izraelem, opakovan\u011b varoval Tel Aviv, \u017ee se v obdob\u00ed p\u0159ed 7. \u0159\u00edjnem chyst\u00e1 \u201en\u011bco velk\u00e9ho\u201c. To potvrdily dv\u011b medi\u00e1ln\u00ed zpr\u00e1vy z\u00a0<\/span><a href=\"https:\/\/archive.is\/uLePb\"><span dir=\"auto\">The New York Times<\/span><\/a><span dir=\"auto\">\u00a0a\u00a0<\/span><a href=\"https:\/\/edition.cnn.com\/2023\/10\/13\/politics\/us-intelligence-warnings-potential-gaza-clash-days-before-attack\/index.html?utm_source=twCNNi&amp;utm_medium=social&amp;utm_term=link&amp;utm_content=2023-10-13T17%3A34%3A53\"><span dir=\"auto\">CNN<\/span><\/a><span dir=\"auto\">\u00a0, kter\u00e9 odhalily, \u017ee americk\u00e9 tajn\u00e9 slu\u017eby p\u0159edaly Izraeli podobn\u00e1 varov\u00e1n\u00ed i p\u0159ed povodn\u00ed v al-Aks\u00e1. V prosinci 2023 vy\u0161lo najevo, \u017ee Izrael\u00a0<\/span><a href=\"https:\/\/www.nytimes.com\/2023\/11\/30\/world\/middleeast\/israel-hamas-attack-intelligence.html\"><span dir=\"auto\">v\u011bd\u011bl<\/span><\/a><span dir=\"auto\">\u00a0o pl\u00e1nu \u00fatoku Ham\u00e1su v\u00edce ne\u017e rok p\u0159edem.<\/span><\/p>\n<p><a href=\"https:\/\/s5.cdnstatic.space\/wp-content\/uploads\/2025\/08\/nyt.jpg\" target=\"_blank\" rel=\"noopener\"><img decoding=\"async\" loading=\"lazy\" class=\"aligncenter wp-image-228284\" title=\"S\u00fdrie, Dr\u00fazov\u00e9 a projekt Velk\u00e9ho Izraele\" src=\"https:\/\/s5.cdnstatic.space\/wp-content\/uploads\/2025\/08\/nyt-421x300.jpg\" sizes=\"(max-width: 600px) 100vw, 600px\" srcset=\"https:\/\/s5.cdnstatic.space\/wp-content\/uploads\/2025\/08\/nyt-421x300.jpg 421w, https:\/\/s5.cdnstatic.space\/wp-content\/uploads\/2025\/08\/nyt-768x547.jpg 768w, https:\/\/s5.cdnstatic.space\/wp-content\/uploads\/2025\/08\/nyt.jpg 868w\" alt=\"S\u00fdrie, Dr\u00fazov\u00e9 a projekt Velk\u00e9ho Izraele\" width=\"600\" height=\"427\" \/><\/a><\/p>\n<p><span dir=\"auto\">Sedm m\u011bs\u00edc\u016f p\u0159ed 7. \u0159\u00edjnem ozna\u010dil Orit Strock, izraelsk\u00fd ministr zodpov\u011bdn\u00fd za rozvoj osad na Z\u00e1padn\u00edm b\u0159ehu Jord\u00e1nu, sta\u017een\u00ed Izraele z Gazy v roce 2005 za \u201eh\u0159\u00edch\u201c. Strock hovo\u0159il\u00a0<\/span><a href=\"https:\/\/www.timesofisrael.com\/then-we-retake-gaza-hardline-minister-hails-repealing-of-west-bank-disengagement\/\"><span dir=\"auto\">o<\/span><\/a><span dir=\"auto\">\u00a0zru\u0161en\u00ed legislativy, kter\u00e1 na\u0159izovala demont\u00e1\u017e \u010dty\u0159 osad na Z\u00e1padn\u00edm b\u0159ehu Jord\u00e1nu. Strock to prohl\u00e1sil za p\u0159edzv\u011bst p\u0159\u00edpadn\u00e9 op\u011btovn\u00e9 okupace Gazy, co\u017e by \u201eznamenalo mnoho ob\u011bt\u00ed\u201c.<\/span><\/p>\n<p><span dir=\"auto\">Tento n\u00e1zor pozd\u011bji zopakoval i izraelsk\u00fd ministr bezpe\u010dnosti Yoav Gallant, kter\u00fd v dnech po 7. \u0159\u00edjnu\u00a0<\/span><a href=\"https:\/\/www.timesofisrael.com\/liveblog_entry\/defense-minister-announces-complete-siege-of-gaza-no-power-food-or-fuel\/\"><span dir=\"auto\">ozn\u00e1mil<\/span><\/a><span dir=\"auto\">\u00a0blok\u00e1du Gazy, p\u0159eru\u0161il dod\u00e1vky elekt\u0159iny a zabr\u00e1nil vstupu potravin a pohonn\u00fdch hmot do obl\u00e9han\u00e9ho p\u00e1sma. Gallant popsal Palestince jako \u201elidsk\u00e1 zv\u00ed\u0159ata\u201c, co\u017e byl jazyk, kter\u00fd nelze ozna\u010dit za nic jin\u00e9ho ne\u017e genocidu.<\/span><\/p>\n<p><span dir=\"auto\">V dubnu 2024\u00a0<\/span><a href=\"https:\/\/www.timesofisrael.com\/no-doubt-netanyahu-preventing-hostage-deal-charges-ex-spokesman-of-families-forum\/\"><span dir=\"auto\">zpr\u00e1va<\/span><\/a><span dir=\"auto\">\u00a0den\u00edku The Times of Israel odhalila, \u017ee Tel Aviv odm\u00edtl nab\u00eddku Ham\u00e1su na propu\u0161t\u011bn\u00ed v\u0161ech civiln\u00edch zajatc\u016f v\u00fdm\u011bnou za to, \u017ee izraelsk\u00e9 s\u00edly nevstoup\u00ed do p\u00e1sma Gazy. O t\u0159i m\u011bs\u00edce pozd\u011bji\u00a0<\/span><a href=\"https:\/\/www.abc.net.au\/news\/2024-09-07\/israel-hannibal-directive-kidnap-hamas-gaza-hostages-idf\/104224430\"><span dir=\"auto\">zpr\u00e1va den\u00edku<\/span><\/a><span dir=\"auto\">\u00a0Haaretz odhalila, \u017ee 7. \u0159\u00edjna byla uplatn\u011bna Hannibalova sm\u011brnice. Jedn\u00e1 se o izraelskou vojenskou sm\u011brnici, kter\u00e1 na\u0159izuje st\u0159\u00edlet na vlastn\u00ed jednotky, aby se zabr\u00e1nilo jejich zajet\u00ed. Jej\u00ed pou\u017eit\u00ed 7. \u0159\u00edjna v\u00fdznamn\u011b p\u0159isp\u011blo k po\u010dtu ob\u011bt\u00ed v dan\u00fd den. Navzdory t\u011bmto usv\u011bd\u010duj\u00edc\u00edm odhalen\u00edm izraelsk\u00e9 masakry v Gaze pokra\u010duj\u00ed v nezm\u011bn\u011bn\u00e9 m\u00ed\u0159e ji\u017e t\u00e9m\u011b\u0159 dva roky.<\/span><\/p>\n<p><strong><span dir=\"auto\">V p\u00e1tek zve\u0159ejnila Organizace spojen\u00fdch n\u00e1rod\u016f\u00a0<\/span><a href=\"https:\/\/news.un.org\/en\/story\/2025\/08\/1165702\"><span dir=\"auto\">zpr\u00e1vu<\/span><\/a><span dir=\"auto\">\u00a0, kter\u00e1 ofici\u00e1ln\u011b potvrzuje existenci um\u011ble vyvolan\u00e9ho hladomoru v Gaze. Vysok\u00fd p\u0159edstavitel OSN pro lidsk\u00e1 pr\u00e1va Volker T\u00fcrk se neb\u00e1l svalit vinu na situaci a ozna\u010dil Izrael\u00a0<\/span><a href=\"https:\/\/www.ohchr.org\/en\/press-releases\/2025\/08\/turk-says-gaza-governorate-famine-direct-result-israeli-government-actions\"><span dir=\"auto\">za odpov\u011bdn\u00e9ho<\/span><\/a><span dir=\"auto\">\u00a0za to, co je ve skute\u010dnosti genocidou. Hladov\u011bn\u00ed je zneu\u017e\u00edv\u00e1no k etnick\u00e9mu vy\u010di\u0161t\u011bn\u00ed p\u00e1sma Gazy v souladu s projektem Velk\u00e9ho Izraele. Projekt, kter\u00fd m\u00e1 nyn\u00ed z\u00e1m\u011bry i na Dr\u00fazy a jihoz\u00e1padn\u00ed S\u00fdrii.<\/span><\/strong><\/p>\n<p><img decoding=\"async\" loading=\"lazy\" class=\"alignnone size-full wp-image-1185\" src=\"http:\/\/www.infokuryr.cz\/n\/wp-content\/uploads\/2021\/04\/kuryr-podpis.png\" alt=\"\" width=\"84\" height=\"24\" \/><\/p>\n<p><img decoding=\"async\" loading=\"lazy\" class=\"wp-image-86651 aligncenter\" src=\"http:\/\/www.infokuryr.cz\/n\/wp-content\/uploads\/2025\/08\/vrab10-300x200.png\" alt=\"\" width=\"1121\" height=\"747\" srcset=\"https:\/\/www.infokuryr.cz\/n\/wp-content\/uploads\/2025\/08\/vrab10-300x200.png 300w, https:\/\/www.infokuryr.cz\/n\/wp-content\/uploads\/2025\/08\/vrab10-1024x682.png 1024w, https:\/\/www.infokuryr.cz\/n\/wp-content\/uploads\/2025\/08\/vrab10-768x512.png 768w, https:\/\/www.infokuryr.cz\/n\/wp-content\/uploads\/2025\/08\/vrab10-1536x1024.png 1536w, https:\/\/www.infokuryr.cz\/n\/wp-content\/uploads\/2025\/08\/vrab10-2048x1365.png 2048w\" sizes=\"(max-width: 1121px) 100vw, 1121px\" \/><\/p>\n<p>&nbsp;<\/p>\n","protected":false},"excerpt":{"rendered":"<p>Dne 12. srpna medi\u00e1ln\u00ed agentura Axios\u00a0odhalila\u00a0, \u017ee Spojen\u00e9 st\u00e1ty a Izrael jednaj\u00ed o vytvo\u0159en\u00ed pozemn\u00edho&#8230;<\/p>\n","protected":false},"author":2,"featured_media":57330,"comment_status":"closed","ping_status":"closed","sticky":false,"template":"","format":"standard","meta":[],"categories":[7],"tags":[9520,147,37,8330],"_links":{"self":[{"href":"https:\/\/www.infokuryr.cz\/n\/wp-json\/wp\/v2\/posts\/86883"}],"collection":[{"href":"https:\/\/www.infokuryr.cz\/n\/wp-json\/wp\/v2\/posts"}],"about":[{"href":"https:\/\/www.infokuryr.cz\/n\/wp-json\/wp\/v2\/types\/post"}],"author":[{"embeddable":true,"href":"https:\/\/www.infokuryr.cz\/n\/wp-json\/wp\/v2\/users\/2"}],"replies":[{"embeddable":true,"href":"https:\/\/www.infokuryr.cz\/n\/wp-json\/wp\/v2\/comments?post=86883"}],"version-history":[{"count":1,"href":"https:\/\/www.infokuryr.cz\/n\/wp-json\/wp\/v2\/posts\/86883\/revisions"}],"predecessor-version":[{"id":86884,"href":"https:\/\/www.infokuryr.cz\/n\/wp-json\/wp\/v2\/posts\/86883\/revisions\/86884"}],"wp:featuredmedia":[{"embeddable":true,"href":"https:\/\/www.infokuryr.cz\/n\/wp-json\/wp\/v2\/media\/57330"}],"wp:attachment":[{"href":"https:\/\/www.infokuryr.cz\/n\/wp-json\/wp\/v2\/media?parent=86883"}],"wp:term":[{"taxonomy":"category","embeddable":true,"href":"https:\/\/www.infokuryr.cz\/n\/wp-json\/wp\/v2\/categories?post=86883"},{"taxonomy":"post_tag","embeddable":true,"href":"https:\/\/www.infokuryr.cz\/n\/wp-json\/wp\/v2\/tags?post=86883"}],"curies":[{"name":"wp","href":"https:\/\/api.w.org\/{rel}","templated":true}]}}