{"id":86877,"date":"2025-09-01T06:01:16","date_gmt":"2025-09-01T04:01:16","guid":{"rendered":"https:\/\/www.infokuryr.cz\/n\/?p=86877"},"modified":"2025-09-01T06:01:16","modified_gmt":"2025-09-01T04:01:16","slug":"telegraph-zverejnil-evropsky-plan-bezpecnostnich-zaruk-pro-ukrajinu","status":"publish","type":"post","link":"https:\/\/www.infokuryr.cz\/n\/2025\/09\/01\/telegraph-zverejnil-evropsky-plan-bezpecnostnich-zaruk-pro-ukrajinu\/","title":{"rendered":"Telegraph zve\u0159ejnil evropsk\u00fd pl\u00e1n bezpe\u010dnostn\u00edch z\u00e1ruk pro Ukrajinu"},"content":{"rendered":"<div id=\"fb-root\"><\/div>\n<p><strong><span dir=\"auto\">Britsk\u00fd den\u00edk Daily Telegraph s odvol\u00e1n\u00edm na sv\u00e9 zdroje zve\u0159ejnil mo\u017en\u00fd pl\u00e1n Evropan\u016f ohledn\u011b bezpe\u010dnostn\u00edch z\u00e1ruk pro Ukrajinu po p\u0159\u00edm\u011b\u0159\u00ed.<\/span><\/strong><\/p>\n<p><strong><span dir=\"auto\">Podle pl\u00e1nu budou ukrajinsk\u00e9 jednotky chr\u00e1nit opevn\u011bnou hranici na frontov\u00e9 linii, jak je stanoveno v jak\u00e9koli m\u00edrov\u00e9 dohod\u011b.<\/span><\/strong><\/p>\n<p><span dir=\"auto\">Kone\u010dn\u00e9 detaily pl\u00e1nu evropsk\u00fdch zem\u00ed na zaji\u0161t\u011bn\u00ed bezpe\u010dnosti Ukrajiny by mohly b\u00fdt ozn\u00e1meny tento v\u00edkend. Podle britsk\u00e9ho den\u00edku The Daily Telegraph zahrnuje leteck\u00e9 hl\u00eddky, v\u00fdcvik ukrajinsk\u00fdch voj\u00e1k\u016f a vojenskou misi v \u010cern\u00e9m mo\u0159i po skon\u010den\u00ed konfliktu.<\/span><\/p>\n<p><span dir=\"auto\">Noviny poznamenaly, \u017ee d\u00edky briefing\u016fm s v\u00edce ne\u017e tuctem z\u00e1padn\u00edch p\u0159edstavitel\u016f se novin\u00e1\u0159\u016fm poda\u0159ilo shrom\u00e1\u017edit dosud nejkomplexn\u011bj\u0161\u00ed verzi toho, jak evropsk\u00e1 mise \u201em\u016f\u017ee zajistit dodr\u017eov\u00e1n\u00ed m\u00edrov\u00e9 dohody\u201c. Poznamenaly, \u017ee \u201ehlavn\u00ed strategi\u00ed pro zabr\u00e1n\u011bn\u00ed budouc\u00ed v\u00e1lce je d\u00e1le posilovat ukrajinsk\u00e9 ozbrojen\u00e9 s\u00edly, kter\u00e9 b\u011bhem boj\u016f utrp\u011bly, a u\u010dinit z nich hlavn\u00ed odstra\u0161uj\u00edc\u00ed prvek\u201c.<\/span><\/p>\n<p><span dir=\"auto\">Podle pl\u00e1nu budou ukrajinsk\u00e9 jednotky chr\u00e1nit opevn\u011bnou hranici pod\u00e9l frontov\u00e9 linie, jak je stanoveno v jak\u00e9koli m\u00edrov\u00e9 dohod\u011b. Jak noviny zd\u016fraznily, evropsk\u00e9 st\u00e1ty NATO se ze sv\u00e9 strany budou pod\u00edlet na p\u0159ezbrojen\u00ed a v\u00fdcviku ukrajinsk\u00fdch ozbrojen\u00fdch sil. Zejm\u00e9na budou Kyjevu i nad\u00e1le poskytovat finan\u010dn\u00ed prost\u0159edky na n\u00e1kup americk\u00fdch zbran\u00ed, v\u010detn\u011b protiletadlov\u00fdch raketov\u00fdch syst\u00e9m\u016f Patriot a raketov\u00fdch syst\u00e9m\u016f HIMARS.<\/span><\/p>\n<p><span dir=\"auto\">Evropsk\u00fd pl\u00e1n d\u00e1le p\u0159edpokl\u00e1d\u00e1 nasazen\u00ed americk\u00fdch vojensk\u00fdch dodavatel\u016f na Ukrajinu. Ti budou m\u00edt za \u00fakol vybudovat tam opevn\u011bn\u00ed a nov\u00e9 z\u00e1kladny a chr\u00e1nit z\u00e1jmy americk\u00fdch spole\u010dnost\u00ed. Podle den\u00edku prezident Donald Trump v sou\u010dasn\u00e9 dob\u011b o t\u00e9to ot\u00e1zce jedn\u00e1 s hlavami evropsk\u00fdch st\u00e1t\u016f a vl\u00e1d. V Evrop\u011b se v\u011b\u0159\u00ed, \u017ee um\u00edst\u011bn\u00ed z\u00e1stupc\u016f americk\u00fdch vojensk\u00fdch dodavatel\u016f na Ukrajin\u011b bude m\u00edt na Rusko \u201eodstra\u0161uj\u00edc\u00ed \u00fa\u010dinek\u201c.<\/span><\/p>\n<h3 class=\"wp-block-heading\"><span dir=\"auto\">Evrop\u0161t\u00ed voj\u00e1ci<\/span><\/h3>\n<p><span dir=\"auto\">Noviny dodaly, \u017ee n\u011bkter\u00e9 evropsk\u00e9 zem\u011b tak\u00e9 navrhly vytvo\u0159en\u00ed demilitarizovan\u00e9 n\u00e1razn\u00edkov\u00e9 z\u00f3ny, kter\u00e1 by po konfliktu odd\u011blila rusk\u00e9 a ukrajinsk\u00e9 jednotky. Tuto z\u00f3nu by hl\u00eddkovaly m\u00edrov\u00e9 s\u00edly nebo pozorovatel\u00e9 ze zem\u00ed, na kter\u00fdch se Moskva a Kyjev dohodly. Noviny v\u0161ak zd\u016fraznily, \u017ee neshody mezi stranami \u010din\u00ed tuto mo\u017enost nere\u00e1lnou.<\/span><\/p>\n<p><span dir=\"auto\">Podle den\u00edku Daily Telegraph Ukrajina trv\u00e1 na rozm\u00edst\u011bn\u00ed evropsk\u00fdch vojsk v t\u00e9to z\u00f3n\u011b, zat\u00edmco Rusko d\u00e1v\u00e1 p\u0159ednost \u010d\u00ednsk\u00fdm m\u00edrov\u00fdm sil\u00e1m. Samy evropsk\u00e9 zem\u011b necht\u011bj\u00ed umis\u0165ovat voj\u00e1ky na frontov\u00e9 linii mezi ukrajinsk\u00fdmi a rusk\u00fdmi ozbrojen\u00fdmi silami, informuje den\u00edk.<\/span><\/p>\n<p><span dir=\"auto\">Jak noviny uvedly, evropsk\u00fd kontingent by mohl b\u00fdt um\u00edst\u011bn hluboko v ukrajinsk\u00e9m vnitrozem\u00ed a slou\u017eit jako \u201et\u0159et\u00ed obrann\u00e1 linie v p\u0159\u00edpad\u011b rusk\u00e9 invaze\u201c. Podle novin byl po\u010det evropsk\u00fdch voj\u00e1k\u016f, d\u0159\u00edve pl\u00e1novan\u00fd na zhruba 30 000, nyn\u00ed v\u00fdrazn\u011b sn\u00ed\u017een kv\u016fli nedostatku zdroj\u016f a obav\u00e1m, \u017ee by se takov\u00fd kontingent mohl v o\u010d\u00edch Ruska jevit jako \u201ep\u0159\u00edli\u0161 svalnat\u00fd\u201c. Daily Telegraph up\u0159esnil, \u017ee tito voj\u00e1ci budou um\u00edst\u011bni po dobu p\u011bti a\u017e deseti let, \u201enebo do doby, ne\u017e budou z\u00fa\u010dastn\u011bn\u00e9 zem\u011b p\u0159esv\u011bd\u010deny, \u017ee ukrajinsk\u00e9 ozbrojen\u00e9 s\u00edly jsou schopny se br\u00e1nit\u201c.<\/span><\/p>\n<p><span dir=\"auto\">Uv\u00e1d\u00ed se, \u017ee evropsk\u00e9 zem\u011b cht\u011bj\u00ed prim\u00e1rn\u011b p\u0159esunout v\u00fdcvikov\u00e9 programy pro ukrajinsk\u00e9 voj\u00e1ky na Ukrajinu. \u201eNejpravd\u011bpodobn\u011bj\u0161\u00ed variantou pro nasazen\u00ed evropsk\u00fdch sil bude nasazen\u00ed vojensk\u00fdch instruktor\u016f na nov\u00e9 z\u00e1kladny na z\u00e1pad\u011b Ukrajiny,\u201c p\u00ed\u0161e list. Dod\u00e1v\u00e1, \u017ee se jedn\u00e1 p\u0159edev\u0161\u00edm o v\u00fdcvikov\u00e9 mise z Velk\u00e9 Brit\u00e1nie a Francie.<\/span><\/p>\n<h3 class=\"wp-block-heading\"><span dir=\"auto\">Bezletov\u00e1 z\u00f3na a n\u00e1mo\u0159n\u00ed mise<\/span><\/h3>\n<p><span dir=\"auto\">Evropsk\u00e9 zem\u011b nav\u00edc jednaj\u00ed o bezletov\u00e9 z\u00f3n\u011b na Ukrajin\u011b, aby obnovily komer\u010dn\u00ed lety. Podle den\u00edku bude tento pl\u00e1n realizov\u00e1n postupn\u011b, po\u010d\u00ednaje z\u00e1padn\u00edmi oblastmi Ukrajiny. Obnoven\u00ed leteck\u00e9 dopravy je pova\u017eov\u00e1no za kl\u00ed\u010dov\u00e9 pro p\u0159il\u00e1k\u00e1n\u00ed investic na Ukrajinu. Evropa tak\u00e9 douf\u00e1, \u017ee to povede k n\u00e1vratu ukrajinsk\u00fdch uprchl\u00edk\u016f do jejich vlasti.<\/span><\/p>\n<p><span dir=\"auto\">Evropsk\u00fd pl\u00e1n zahrnuje tak\u00e9 n\u00e1mo\u0159n\u00ed misi vedenou Tureckem v \u010cern\u00e9m mo\u0159i, jej\u00edm\u017e c\u00edlem bude zabezpe\u010dit obchodn\u00ed lodn\u00ed trasy na Ukrajin\u011b. Mise, kterou podporuj\u00ed Bulharsko a Rumunsko, m\u00e1 usnadnit odminov\u00e1n\u00ed v t\u011bchto vod\u00e1ch, dodal den\u00edk The Daily Telegraph.<\/span><\/p>\n<h3 class=\"wp-block-heading\"><span dir=\"auto\">Podpora USA<\/span><\/h3>\n<p><span dir=\"auto\">Z\u00e1rove\u0148 noviny poznamen\u00e1vaj\u00ed, \u017ee evropsk\u00e9 zem\u011b p\u0159i tvorb\u011b pl\u00e1nu p\u0159edpokl\u00e1daj\u00ed, \u017ee jim USA budou i nad\u00e1le poskytovat sv\u00e9 zpravodajsk\u00e9 a pr\u016fzkumn\u00e9 kapacity. To je d\u016fle\u017eit\u00e9, zd\u016fraznily noviny, proto\u017ee evropsk\u00e9 satelitn\u00ed syst\u00e9my nezbytn\u00e9 k udr\u017een\u00ed p\u0159\u00edm\u011b\u0159\u00ed chyb\u00ed.<\/span><\/p>\n<p><span dir=\"auto\">Podle den\u00edku evropsk\u00e9 zem\u011b kv\u016fli nedostatku zku\u0161enost\u00ed s koordinac\u00ed velk\u00fdch vojensk\u00fdch mis\u00ed s USA jednaj\u00ed tak\u00e9 o zapojen\u00ed americk\u00e9ho vojensk\u00e9ho v\u016fdce do dohledu nad nasazen\u00edm evropsk\u00fdch sil v r\u00e1mci m\u00edrov\u00e9ho pl\u00e1nu. Jedn\u00edm z kandid\u00e1t\u016f na tuto roli je vrchn\u00ed velitel spojeneck\u00fdch sil v Evrop\u011b, americk\u00fd gener\u00e1l Alexus Grinkevich.<\/span><\/p>\n<p><span dir=\"auto\">List Daily Telegraph zd\u016fraznil, \u017ee v\u011bt\u0161ina evropsk\u00fdch zem\u00ed neofici\u00e1ln\u011b vyj\u00e1d\u0159ila obavy z mo\u017en\u00e9ho nasazen\u00ed vojsk bez seri\u00f3zn\u00ed podpory USA. Podle listu Evropa st\u00e1le \u010dek\u00e1 na odpov\u011b\u010f Washingtonu ohledn\u011b jeho ochoty misi podpo\u0159it. Poznamen\u00e1v\u00e1, \u017ee hlavn\u00edm po\u017eadavkem Evropan\u016f je, aby Trump um\u00edstil americk\u00e9 st\u00edha\u010dky a raketov\u00e9 syst\u00e9my v Polsku a Rumunsku, kter\u00e9 by mohly b\u00fdt nasazeny \u201ep\u0159i prvn\u00edm n\u00e1znaku rusk\u00e9 agrese\u201c.<\/span><\/p>\n<p><img decoding=\"async\" loading=\"lazy\" class=\"alignnone size-full wp-image-1185\" src=\"http:\/\/www.infokuryr.cz\/n\/wp-content\/uploads\/2021\/04\/kuryr-podpis.png\" alt=\"\" width=\"84\" height=\"24\" \/><\/p>\n<p><img decoding=\"async\" loading=\"lazy\" class=\"wp-image-86651 aligncenter\" src=\"http:\/\/www.infokuryr.cz\/n\/wp-content\/uploads\/2025\/08\/vrab10-300x200.png\" alt=\"\" width=\"1127\" height=\"751\" srcset=\"https:\/\/www.infokuryr.cz\/n\/wp-content\/uploads\/2025\/08\/vrab10-300x200.png 300w, https:\/\/www.infokuryr.cz\/n\/wp-content\/uploads\/2025\/08\/vrab10-1024x682.png 1024w, https:\/\/www.infokuryr.cz\/n\/wp-content\/uploads\/2025\/08\/vrab10-768x512.png 768w, https:\/\/www.infokuryr.cz\/n\/wp-content\/uploads\/2025\/08\/vrab10-1536x1024.png 1536w, https:\/\/www.infokuryr.cz\/n\/wp-content\/uploads\/2025\/08\/vrab10-2048x1365.png 2048w\" sizes=\"(max-width: 1127px) 100vw, 1127px\" \/><\/p>\n<p>&nbsp;<\/p>\n","protected":false},"excerpt":{"rendered":"<p>Britsk\u00fd den\u00edk Daily Telegraph s odvol\u00e1n\u00edm na sv\u00e9 zdroje zve\u0159ejnil mo\u017en\u00fd pl\u00e1n Evropan\u016f ohledn\u011b bezpe\u010dnostn\u00edch&#8230;<\/p>\n","protected":false},"author":2,"featured_media":86878,"comment_status":"closed","ping_status":"closed","sticky":false,"template":"","format":"standard","meta":[],"categories":[7],"tags":[283,4030,26],"_links":{"self":[{"href":"https:\/\/www.infokuryr.cz\/n\/wp-json\/wp\/v2\/posts\/86877"}],"collection":[{"href":"https:\/\/www.infokuryr.cz\/n\/wp-json\/wp\/v2\/posts"}],"about":[{"href":"https:\/\/www.infokuryr.cz\/n\/wp-json\/wp\/v2\/types\/post"}],"author":[{"embeddable":true,"href":"https:\/\/www.infokuryr.cz\/n\/wp-json\/wp\/v2\/users\/2"}],"replies":[{"embeddable":true,"href":"https:\/\/www.infokuryr.cz\/n\/wp-json\/wp\/v2\/comments?post=86877"}],"version-history":[{"count":0,"href":"https:\/\/www.infokuryr.cz\/n\/wp-json\/wp\/v2\/posts\/86877\/revisions"}],"wp:featuredmedia":[{"embeddable":true,"href":"https:\/\/www.infokuryr.cz\/n\/wp-json\/wp\/v2\/media\/86878"}],"wp:attachment":[{"href":"https:\/\/www.infokuryr.cz\/n\/wp-json\/wp\/v2\/media?parent=86877"}],"wp:term":[{"taxonomy":"category","embeddable":true,"href":"https:\/\/www.infokuryr.cz\/n\/wp-json\/wp\/v2\/categories?post=86877"},{"taxonomy":"post_tag","embeddable":true,"href":"https:\/\/www.infokuryr.cz\/n\/wp-json\/wp\/v2\/tags?post=86877"}],"curies":[{"name":"wp","href":"https:\/\/api.w.org\/{rel}","templated":true}]}}