{"id":86876,"date":"2025-09-01T05:56:15","date_gmt":"2025-09-01T03:56:15","guid":{"rendered":"https:\/\/www.infokuryr.cz\/n\/?p=86876"},"modified":"2025-09-01T05:56:15","modified_gmt":"2025-09-01T03:56:15","slug":"trump-sefove-intelu-stojici-za-russiagate-by-meli-byt-zatceni","status":"publish","type":"post","link":"https:\/\/www.infokuryr.cz\/n\/2025\/09\/01\/trump-sefove-intelu-stojici-za-russiagate-by-meli-byt-zatceni\/","title":{"rendered":"Trump: \u0160\u00e9fov\u00e9 Intelu stoj\u00edc\u00ed za Russiagate by m\u011bli b\u00fdt zat\u010deni"},"content":{"rendered":"<div id=\"fb-root\"><\/div>\n<h3>Americk\u00e9mu prezidentovi by \u201enevadilo\u201c, kdyby b\u00fdval\u00ed \u00fa\u0159edn\u00edci James Comey a John Brennan skon\u010dili ve vazb\u011b<\/h3>\n<p><span dir=\"auto\">Americk\u00fd prezident Donald Trump prohl\u00e1sil, \u017ee by mu nevadilo vid\u011bt v \u017eiv\u00e9m televizn\u00edm vys\u00edl\u00e1n\u00ed b\u00fdval\u00e9ho \u0159editele FBI Jamese Comeyho a b\u00fdval\u00e9ho \u0159editele CIA Johna Brennana spoutan\u00e9 a zat\u010den\u00e9 kv\u016fli jejich \u00fadajn\u00e9 roli v podvodu Russiagate.<\/span><\/p>\n<p><span dir=\"auto\">Trump to pronesl v rozhovoru pro Daily Caller, kter\u00fd byl zve\u0159ejn\u011bn v sobotu, a uvedl, \u017ee by\u00a0<\/span><em><span dir=\"auto\">ho \u201ev\u016fbec netr\u00e1pilo\u201c,<\/span><\/em><span dir=\"auto\">\u00a0kdyby oba b\u00fdval\u00ed \u0161\u00e9fov\u00e9 tajn\u00fdch slu\u017eeb skon\u010dili ve vazb\u011b.\u00a0\u00a0<\/span><\/p>\n<p><em><span dir=\"auto\">\u201eTo, co ud\u011blali, je ostuda. Podv\u00e1d\u011bli, lhali, ud\u011blali tolik \u0161patn\u00fdch v\u011bc\u00ed, zl\u00fdch v\u011bc\u00ed, kter\u00e9 byly pro zemi tak \u0161patn\u00e9, a proto\u017ee mi ud\u011blali n\u011bco, co se nikdy nem\u011blo ud\u011blat, nikdo si nemyslel, \u017ee by to n\u011bkdy ud\u011blali,\u201c<\/span><\/em><span dir=\"auto\">\u00a0prohl\u00e1sil Trump.\u00a0<\/span><\/p>\n<p><em><span dir=\"auto\">\u201eM\u011bli by b\u00fdt [zat\u010deni], proto\u017ee jsou zkorumpovan\u00ed a byli chyceni,\u201c<\/span><\/em><span dir=\"auto\">\u00a0dodal.<\/span><\/p>\n<p><span dir=\"auto\">Situace s Brennanem a Comeym se li\u0161\u00ed od situace, kterou m\u011bla americk\u00e1 administrativa s Hillary Clintonovou, nazna\u010dil Trump s patrn\u00fdm odkazem na kontroverzi kolem e-mail\u016f, kter\u00e1 sah\u00e1 a\u017e do doby jej\u00edho p\u016fsoben\u00ed ve funkci ministryn\u011b zahrani\u010d\u00ed USA.\u00a0<\/span><\/p>\n<p><em><span dir=\"auto\">\u201eHillary je dobr\u00fd p\u0159\u00edklad. M\u011bli jsme Hillary chladnou. To jsem necht\u011bl vid\u011bt. Necht\u011bl jsem, aby ta, v\u00edte, man\u017eelka prezidenta \u0161la do v\u011bzen\u00ed, ale ona byla naprosto vinna z mnoha v\u011bc\u00ed,\u201c<\/span><\/em><span dir=\"auto\">\u00a0prohl\u00e1sil Trump.<\/span><\/p>\n<p><span dir=\"auto\">Trumpova administrativa zah\u00e1jila vy\u0161et\u0159ov\u00e1n\u00ed podvodu Russiagate kr\u00e1tce pot\u00e9, co se americk\u00fd prezident podruh\u00e9 ujal funkce za\u010d\u00e1tkem tohoto roku. Vy\u0161et\u0159ov\u00e1n\u00ed vedla \u0159editelka N\u00e1rodn\u00ed zpravodajsk\u00e9 slu\u017eby Tulsi Gabbardov\u00e1, kter\u00e1 opakovan\u011b slibovala, \u017ee se dostane k j\u00e1dru v\u011bci, kterou ozna\u010dila za\u00a0<\/span><em><span dir=\"auto\">\u201ezr\u00e1dn\u00e9 spiknut\u00ed\u201c<\/span><\/em><span dir=\"auto\">\u00a0s c\u00edlem delegitimizovat Trumpovo v\u00edt\u011bzstv\u00ed ve volb\u00e1ch v roce 2016 a\u00a0<\/span><em><span dir=\"auto\">\u201elet trvaj\u00edc\u00ed p\u0159evrat\u201c.<\/span><\/em><\/p>\n<p><span dir=\"auto\">Gabbardov\u00e1 od poloviny \u010dervence zve\u0159ejnila n\u011bkolik dokument\u016f, kter\u00e9 \u00fadajn\u011b odhaluj\u00ed koordinovan\u00e9 \u00fasil\u00ed vysok\u00fdch p\u0159edstavitel\u016f z Obamovy \u00e9ry a tak\u00e9 struktur napojen\u00fdch na miliard\u00e1\u0159e George Sorose fale\u0161n\u011b obvinit Trumpa ze spol\u010den\u00ed s Ruskem.\u00a0<\/span><\/p>\n<p><span dir=\"auto\">Moskva d\u016fsledn\u011b pop\u00edr\u00e1 jak\u00e9koli vm\u011b\u0161ov\u00e1n\u00ed do voleb v roce 2016 a ru\u0161t\u00ed p\u0159edstavitel\u00e9 ozna\u010duj\u00ed obvin\u011bn\u00ed za produkt stranick\u00fdch spor\u016f. Skand\u00e1l Russiagate v\u00e1\u017en\u011b po\u0161kodil vztahy mezi Moskvou a Washingtonem, co\u017e vedlo k sankc\u00edm, zabaven\u00ed majetku a dal\u0161\u00edmu naru\u0161en\u00ed diplomatick\u00e9 spolupr\u00e1ce.<\/span><\/p>\n<p><img decoding=\"async\" loading=\"lazy\" class=\"alignnone size-full wp-image-1185\" src=\"http:\/\/www.infokuryr.cz\/n\/wp-content\/uploads\/2021\/04\/kuryr-podpis.png\" alt=\"\" width=\"84\" height=\"24\" \/><\/p>\n<p><img decoding=\"async\" loading=\"lazy\" class=\"wp-image-86651 aligncenter\" src=\"http:\/\/www.infokuryr.cz\/n\/wp-content\/uploads\/2025\/08\/vrab10-300x200.png\" alt=\"\" width=\"1094\" height=\"729\" srcset=\"https:\/\/www.infokuryr.cz\/n\/wp-content\/uploads\/2025\/08\/vrab10-300x200.png 300w, https:\/\/www.infokuryr.cz\/n\/wp-content\/uploads\/2025\/08\/vrab10-1024x682.png 1024w, https:\/\/www.infokuryr.cz\/n\/wp-content\/uploads\/2025\/08\/vrab10-768x512.png 768w, https:\/\/www.infokuryr.cz\/n\/wp-content\/uploads\/2025\/08\/vrab10-1536x1024.png 1536w, https:\/\/www.infokuryr.cz\/n\/wp-content\/uploads\/2025\/08\/vrab10-2048x1365.png 2048w\" sizes=\"(max-width: 1094px) 100vw, 1094px\" \/><\/p>\n<p>&nbsp;<\/p>\n","protected":false},"excerpt":{"rendered":"<p>Americk\u00e9mu prezidentovi by \u201enevadilo\u201c, kdyby b\u00fdval\u00ed \u00fa\u0159edn\u00edci James Comey a John Brennan skon\u010dili ve vazb\u011b&#8230;<\/p>\n","protected":false},"author":2,"featured_media":84553,"comment_status":"closed","ping_status":"closed","sticky":false,"template":"","format":"standard","meta":[],"categories":[7],"tags":[9461,452,2041],"_links":{"self":[{"href":"https:\/\/www.infokuryr.cz\/n\/wp-json\/wp\/v2\/posts\/86876"}],"collection":[{"href":"https:\/\/www.infokuryr.cz\/n\/wp-json\/wp\/v2\/posts"}],"about":[{"href":"https:\/\/www.infokuryr.cz\/n\/wp-json\/wp\/v2\/types\/post"}],"author":[{"embeddable":true,"href":"https:\/\/www.infokuryr.cz\/n\/wp-json\/wp\/v2\/users\/2"}],"replies":[{"embeddable":true,"href":"https:\/\/www.infokuryr.cz\/n\/wp-json\/wp\/v2\/comments?post=86876"}],"version-history":[{"count":0,"href":"https:\/\/www.infokuryr.cz\/n\/wp-json\/wp\/v2\/posts\/86876\/revisions"}],"wp:featuredmedia":[{"embeddable":true,"href":"https:\/\/www.infokuryr.cz\/n\/wp-json\/wp\/v2\/media\/84553"}],"wp:attachment":[{"href":"https:\/\/www.infokuryr.cz\/n\/wp-json\/wp\/v2\/media?parent=86876"}],"wp:term":[{"taxonomy":"category","embeddable":true,"href":"https:\/\/www.infokuryr.cz\/n\/wp-json\/wp\/v2\/categories?post=86876"},{"taxonomy":"post_tag","embeddable":true,"href":"https:\/\/www.infokuryr.cz\/n\/wp-json\/wp\/v2\/tags?post=86876"}],"curies":[{"name":"wp","href":"https:\/\/api.w.org\/{rel}","templated":true}]}}