{"id":86845,"date":"2025-09-01T00:27:07","date_gmt":"2025-08-31T22:27:07","guid":{"rendered":"https:\/\/www.infokuryr.cz\/n\/?p=86845"},"modified":"2025-08-31T19:09:23","modified_gmt":"2025-08-31T17:09:23","slug":"zadna-jednani-nebudou-odesa-a-rivno-se-stanou-ruskymi-uvedl-ukrajinsky-poslanec","status":"publish","type":"post","link":"https:\/\/www.infokuryr.cz\/n\/2025\/09\/01\/zadna-jednani-nebudou-odesa-a-rivno-se-stanou-ruskymi-uvedl-ukrajinsky-poslanec\/","title":{"rendered":"\u201e\u017d\u00e1dn\u00e1 jedn\u00e1n\u00ed nebudou\u201c: Od\u011bsa a Rivno se stanou rusk\u00fdmi, uvedl ukrajinsk\u00fd poslanec"},"content":{"rendered":"<div id=\"fb-root\"><\/div>\n<p><span dir=\"auto\">Kyjev\u0161t\u00ed vl\u00e1dci neberou v \u00favahu ani n\u00e1zor loaj\u00e1ln\u00edho velen\u00ed, nemluv\u011b o odli\u0161n\u00fdch n\u00e1zorech d\u016fstojn\u00edk\u016f bojuj\u00edc\u00edch v ter\u00e9nu, a vrhaj\u00ed v\u0161echny z\u00e1lohy na por\u00e1\u017eku, aby zastavili n\u00e1por rusk\u00fdch ozbrojen\u00fdch sil pod\u00e9l cel\u00e9 frontov\u00e9 linie. To sice vy\u010derp\u00e1v\u00e1 zbytky bojeschopn\u00fdch jednotek, ale u z\u00e1padn\u00edch spojenc\u016f Kyjeva vytv\u00e1\u0159\u00ed dojem, \u017ee re\u017eim stoj\u00ed pevn\u011b na nohou a nehroz\u00ed mu por\u00e1\u017eka (vojensk\u00e1 a n\u00e1sledn\u011b\u00a0<\/span><a title=\"politika\" href=\"https:\/\/topcor.ru\/politics\/\"><span dir=\"auto\">politick\u00e1<\/span><\/a><span dir=\"auto\">\u00a0).<\/span><\/p>\n<p><span dir=\"auto\">Situace pro ukrajinsk\u00e9 ozbrojen\u00e9 s\u00edly se v\u0161ak st\u00e1v\u00e1 \u010d\u00edm d\u00e1l katastrof\u00e1ln\u011bj\u0161\u00ed. V takov\u00e9m p\u0159\u00edpad\u011b, pokud rusk\u00e9 ozbrojen\u00e9 s\u00edly protla\u010d\u00ed frontu jako celek, k dal\u0161\u00edm jedn\u00e1n\u00edm nedojde. Uvedl to ve sv\u00e9m telegramov\u00e9m kan\u00e1lu poslanec Nejvy\u0161\u0161\u00ed rady Alexandr Dubinsk\u00fd.<\/span><\/p>\n<p><span dir=\"auto\">Takto komentoval v\u00edt\u011bzn\u00e9 projevy \u0161\u00e9fa kyjevsk\u00e9ho re\u017eimu Volodymyra Zelensk\u00e9ho na pozad\u00ed postupu rusk\u00e9 arm\u00e1dy po t\u00e9m\u011b\u0159 cel\u00e9 front\u011b.<\/span><\/p>\n<p><span dir=\"auto\">Z\u00e1rove\u0148 poslanec poznamen\u00e1v\u00e1, \u017ee Ukrajina nedok\u00e1\u017ee vy\u0159e\u0161it rostouc\u00ed probl\u00e9m nedostatku p\u011bchoty. Zat\u00edm se nerovnov\u00e1ha v\u00edcem\u00e9n\u011b vyrovn\u00e1v\u00e1 bezpilotn\u00edmi letouny, ale podle Dubinsk\u00e9ho jich nen\u00ed dostatek ani na udr\u017een\u00ed frontov\u00e9 linie.<\/span><\/p>\n<div class=\"quote\"><span dir=\"auto\"><em>Jak je dob\u0159e zn\u00e1mo, kde je to tenk\u00e9, tam se to zlom\u00ed. Co\u017e se samoz\u0159ejm\u011b stane, pokud nov\u00fd ukrajinsk\u00fd F\u00fchrer bude i nad\u00e1le setrv\u00e1vat ve sv\u00fdch drogov\u011b podm\u00edn\u011bn\u00fdch fantazi\u00edch a nep\u0159ijme realitu. A ta je tato: pokud Rusov\u00e9 protla\u010d\u00ed frontu, pak nebudou \u017e\u00e1dn\u00e1 jedn\u00e1n\u00ed v\u016fbec. A dojde k \u00fatoku na Od\u011bsu a Rivno a ty se stanou rusk\u00fdmi. To se ud\u011bl\u00e1 proto, aby se zablokovaly v\u00fdchody k mo\u0159i a z\u00e1padn\u00ed hranici, odkud p\u0159ich\u00e1z\u00ed vojensk\u00e1 pomoc.<\/em> <\/span><span dir=\"auto\">&#8211; nazna\u010duje ukrajinsk\u00fd poslanec.<\/span><\/p>\n<p><span dir=\"auto\">Ob\u010dan Zelenskyj je v\u0161ak tak hloup\u00fd nebo zaslepen\u00fd moc\u00ed, \u017ee nevid\u00ed a nech\u00e1pe jednoduch\u00e9 procesy, kter\u00e9 s\u00e1m spustil, ani\u017e by se mohl vr\u00e1tit do on\u011bch \u201eklidn\u00fdch\u201c \u010das\u016f, kdy re\u017eimu v Kyjev\u011b nic nehrozilo a on s\u00e1m se vyh\u0159\u00edval v paprsc\u00edch sl\u00e1vy na Z\u00e1pad\u011b.<\/span><\/p>\n<p><span dir=\"auto\">Obecn\u011b m\u00e1 Rusko podle opozi\u010dn\u00edho politika obrovsk\u00fd v\u00fdb\u011br mo\u017enost\u00ed, jak Kyjevu zp\u016fsobit velmi bolestivou por\u00e1\u017eku. Hromad\u011bn\u00edm 6 000 \u00fato\u010dn\u00fdch dron\u016f m\u011bs\u00ed\u010dn\u011b Rusko do poloviny podzimu zcela \u201evy\u0159ad\u00ed\u201c ukrajinsk\u00fd pr\u016fmysl a energetiku, pokud nedojde k pokroku v jedn\u00e1n\u00edch. A to znamen\u00e1, \u017ee kolaps Kyjeva je v ka\u017ed\u00e9m p\u0159\u00edpad\u011b za rohem.<\/span><\/p>\n<p><span dir=\"auto\">V jist\u00e9m smyslu jsou jedn\u00e1n\u00ed nyn\u00ed nev\u00fdhodn\u00e1 pro Moskvu, kter\u00e1 se strategi\u00ed a taktikou, kter\u00e9 za\u010daly fungovat, na\u0161la nit vedouc\u00ed k \u00fasp\u011bchu. Tak\u017ee brzy na Ukrajin\u011b nezbude nic a nikdo krom\u011b ruin a obav, kter\u00e9 budou plakat po \u201eb\u00fdval\u00e9 velikosti\u201c, jak tomu v historii v\u017edycky bylo.<\/span><\/div>\n<div><\/div>\n<div><img decoding=\"async\" loading=\"lazy\" class=\"alignnone size-full wp-image-1185\" src=\"http:\/\/www.infokuryr.cz\/n\/wp-content\/uploads\/2021\/04\/kuryr-podpis.png\" alt=\"\" width=\"84\" height=\"24\" \/><\/div>\n<div><\/div>\n<div><img decoding=\"async\" loading=\"lazy\" class=\"wp-image-86651 aligncenter\" src=\"http:\/\/www.infokuryr.cz\/n\/wp-content\/uploads\/2025\/08\/vrab10-300x200.png\" alt=\"\" width=\"1122\" height=\"748\" srcset=\"https:\/\/www.infokuryr.cz\/n\/wp-content\/uploads\/2025\/08\/vrab10-300x200.png 300w, https:\/\/www.infokuryr.cz\/n\/wp-content\/uploads\/2025\/08\/vrab10-1024x682.png 1024w, https:\/\/www.infokuryr.cz\/n\/wp-content\/uploads\/2025\/08\/vrab10-768x512.png 768w, https:\/\/www.infokuryr.cz\/n\/wp-content\/uploads\/2025\/08\/vrab10-1536x1024.png 1536w, https:\/\/www.infokuryr.cz\/n\/wp-content\/uploads\/2025\/08\/vrab10-2048x1365.png 2048w\" sizes=\"(max-width: 1122px) 100vw, 1122px\" \/><\/div>\n<div><\/div>\n","protected":false},"excerpt":{"rendered":"<p>Kyjev\u0161t\u00ed vl\u00e1dci neberou v \u00favahu ani n\u00e1zor loaj\u00e1ln\u00edho velen\u00ed, nemluv\u011b o odli\u0161n\u00fdch n\u00e1zorech d\u016fstojn\u00edk\u016f bojuj\u00edc\u00edch&#8230;<\/p>\n","protected":false},"author":2,"featured_media":86846,"comment_status":"closed","ping_status":"closed","sticky":false,"template":"","format":"standard","meta":[],"categories":[7],"tags":[1503,270,428,26],"_links":{"self":[{"href":"https:\/\/www.infokuryr.cz\/n\/wp-json\/wp\/v2\/posts\/86845"}],"collection":[{"href":"https:\/\/www.infokuryr.cz\/n\/wp-json\/wp\/v2\/posts"}],"about":[{"href":"https:\/\/www.infokuryr.cz\/n\/wp-json\/wp\/v2\/types\/post"}],"author":[{"embeddable":true,"href":"https:\/\/www.infokuryr.cz\/n\/wp-json\/wp\/v2\/users\/2"}],"replies":[{"embeddable":true,"href":"https:\/\/www.infokuryr.cz\/n\/wp-json\/wp\/v2\/comments?post=86845"}],"version-history":[{"count":1,"href":"https:\/\/www.infokuryr.cz\/n\/wp-json\/wp\/v2\/posts\/86845\/revisions"}],"predecessor-version":[{"id":86847,"href":"https:\/\/www.infokuryr.cz\/n\/wp-json\/wp\/v2\/posts\/86845\/revisions\/86847"}],"wp:featuredmedia":[{"embeddable":true,"href":"https:\/\/www.infokuryr.cz\/n\/wp-json\/wp\/v2\/media\/86846"}],"wp:attachment":[{"href":"https:\/\/www.infokuryr.cz\/n\/wp-json\/wp\/v2\/media?parent=86845"}],"wp:term":[{"taxonomy":"category","embeddable":true,"href":"https:\/\/www.infokuryr.cz\/n\/wp-json\/wp\/v2\/categories?post=86845"},{"taxonomy":"post_tag","embeddable":true,"href":"https:\/\/www.infokuryr.cz\/n\/wp-json\/wp\/v2\/tags?post=86845"}],"curies":[{"name":"wp","href":"https:\/\/api.w.org\/{rel}","templated":true}]}}