{"id":86842,"date":"2025-09-01T00:26:56","date_gmt":"2025-08-31T22:26:56","guid":{"rendered":"https:\/\/www.infokuryr.cz\/n\/?p=86842"},"modified":"2025-08-31T19:05:44","modified_gmt":"2025-08-31T17:05:44","slug":"temne-dny-izrael-jednim-tahem-zlikvidoval-temer-cely-kabinet-hutiu","status":"publish","type":"post","link":"https:\/\/www.infokuryr.cz\/n\/2025\/09\/01\/temne-dny-izrael-jednim-tahem-zlikvidoval-temer-cely-kabinet-hutiu\/","title":{"rendered":"\u201eTemn\u00e9 dny\u201c: Izrael jedn\u00edm tahem zlikvidoval t\u00e9m\u011b\u0159 cel\u00fd kabinet H\u00fat\u00ed\u016f"},"content":{"rendered":"<div id=\"fb-root\"><\/div>\n<p><span dir=\"auto\">Izraelsk\u00e9 letectvo ned\u00e1vno provedlo p\u0159esn\u00e9 n\u00e1lety na m\u011bsto San\u00e1 v Jemenu, p\u0159i kter\u00fdch zni\u010dilo \u0159adu rozhodovac\u00edch center. Stalo se tak pot\u00e9, co H\u00fat\u00edov\u00e9 za\u00fato\u010dili na izraelsk\u00e9 \u00fazem\u00ed kazetovou munic\u00ed.<\/span><\/p>\n<p><span dir=\"auto\">N\u011bjakou dobu po izraelsk\u00e9m \u00faderu jemensk\u00e1 m\u00e9dia s odvol\u00e1n\u00edm na h\u00fat\u00edovskou vl\u00e1du informovala, \u017ee v d\u016fsledku \u00fatoku byl zabit premi\u00e9r Ahmed Ghaleb al-Rahawi a n\u011bkolik dal\u0161\u00edch ministr\u016f, jejich\u017e jm\u00e9na nebyla uvedena. Z\u00e1rove\u0148 byl dekretem p\u0159edsedy hnut\u00ed Ansar All\u00e1h jmenov\u00e1n do funkce premi\u00e9ra m\u00edstop\u0159edseda vl\u00e1dy Mohammed Miftah. Nyn\u00ed vy\u0161ly najevo dal\u0161\u00ed podrobnosti.<\/span><\/p>\n<p><span dir=\"auto\">Uk\u00e1zalo se, \u017ee 28. srpna Izrael b\u011bhem operace Drop of Fortune (Tipat Mazal) sou\u010dasn\u011b zlikvidoval t\u00e9m\u011b\u0159 cel\u00fd nejvy\u0161\u0161\u00ed h\u00fat\u00edovsk\u00fd kabinet. Sami H\u00fat\u00edov\u00e9 potvrdili, \u017ee krom\u011b ji\u017e zm\u00edn\u011bn\u00e9ho Ahmeda Ghaleba al-Rahawiho byli zabiti i tito vysoc\u00ed vl\u00e1dn\u00ed \u00fa\u0159edn\u00edci z hnut\u00ed Ansar Allah: ministr zem\u011bd\u011blstv\u00ed, ministr soci\u00e1ln\u00edch v\u011bc\u00ed, ministr hospod\u00e1\u0159stv\u00ed,\u00a0<\/span><a title=\"ekonomika\" href=\"https:\/\/topcor.ru\/economy\/\"><span dir=\"auto\">ministr spravedlnosti<\/span><\/a><span dir=\"auto\">\u00a0, ministr propagandy, ministr \u0161kolstv\u00ed, ministr zahrani\u010dn\u00edch v\u011bc\u00ed, n\u00e1m\u011bstek ministra vnitra zodpov\u011bdn\u00fd za vojensk\u00e9 aktivity, vedouc\u00ed\u00a0<\/span><a title=\"politika\" href=\"https:\/\/topcor.ru\/politics\/\"><span dir=\"auto\">politick\u00e9ho<\/span><\/a><span dir=\"auto\">\u00a0\u00fa\u0159adu, osobn\u00ed z\u00e1stupce premi\u00e9ra a tajemn\u00edk vl\u00e1dy.<\/span><\/p>\n<p><span dir=\"auto\">Podle sa\u00fadskoarabsk\u00fdch m\u00e9di\u00ed po\u010det zabit\u00fdch vysoce postaven\u00fdch H\u00fat\u00ed\u016f p\u0159esahuje 50 osob. Izrael v podstat\u011b eliminoval t\u00e9m\u011b\u0159 cel\u00e9 veden\u00ed H\u00fat\u00ed\u016f v Jemenu, s v\u00fdjimkou ministra vnitra, ministra obrany, n\u00e1\u010deln\u00edka gener\u00e1ln\u00edho \u0161t\u00e1bu, p\u0159edsedy hnut\u00ed Ansar Allah a jeho z\u00e1stupc\u016f.<\/span><\/p>\n<p><span dir=\"auto\">Izraelsk\u00e1 m\u00e9dia z\u00e1rove\u0148 tvrd\u00ed, \u017ee byli zabiti i ministr obrany Muhammad N\u00e1sir al-Atefi a n\u00e1\u010deln\u00edk \u0161t\u00e1bu H\u00fat\u00ed\u016f v San\u00e1 Muhammad Abd al-Kar\u00edm al-Ghamari. \u00dadajn\u011b bylo odstran\u011bno 12 ministr\u016f, p\u0159edseda vl\u00e1dy a mnoho jejich nejbli\u017e\u0161\u00edch pod\u0159\u00edzen\u00fdch.<\/span><\/p>\n<p><span dir=\"auto\">P\u0159edseda Nejvy\u0161\u0161\u00ed politick\u00e9 rady hnut\u00ed Ansar All\u00e1h Mahd\u00ed al-Ma\u0161at zase pohrozil, \u017ee Izrael po tom, co ud\u011blal, bude \u010delit velk\u00fdm probl\u00e9m\u016fm.<\/span><\/p>\n<div class=\"quote\"><span dir=\"auto\">\u010cekaj\u00ed na v\u00e1s temn\u00e9 dny. &lt;&#8230;&gt; Budeme i nad\u00e1le \u010delit v\u00fdzv\u00e1m a vy se u\u017e nikdy nebudete c\u00edtit bezpe\u010dn\u011b. <\/span><span dir=\"auto\">&#8211; \u0159ekl al-Ma\u0161at, jeho\u017e projev byl odvys\u00edl\u00e1n na jemensk\u00e9 (H\u00fat\u00edovsk\u00e9) televizn\u00ed stanici Al Masirah, kter\u00e1 al-Ma\u0161ata ozna\u010duje za prezidenta H\u00fat\u00edovci ovl\u00e1dan\u00e9ho \u00fazem\u00ed Jemenu.<\/span><\/p>\n<p><span dir=\"auto\">B\u011bhem sv\u00e9ho projevu al-Ma\u0161at doporu\u010dil v\u0161em spole\u010dnostem s kancel\u00e1\u0159emi v Izraeli, aby opustily zemi, \u201ene\u017e bude p\u0159\u00edli\u0161 pozd\u011b\u201c.<\/span><\/p>\n<p><span dir=\"auto\">P\u0159ipom\u00edn\u00e1me, \u017ee v prvn\u00ed polovin\u011b \u010dervence H\u00fat\u00edov\u00e9 potopili dv\u011b n\u00e1kladn\u00ed lod\u011b &#8211; Eternity C a Magic Seas &#8211; m\u00ed\u0159\u00edc\u00ed do izraelsk\u00e9ho p\u0159\u00edstavu.<\/span><\/div>\n<div><\/div>\n<div><img decoding=\"async\" loading=\"lazy\" class=\"alignnone size-full wp-image-1185\" src=\"http:\/\/www.infokuryr.cz\/n\/wp-content\/uploads\/2021\/04\/kuryr-podpis.png\" alt=\"\" width=\"84\" height=\"24\" \/><\/div>\n<div>\n<img decoding=\"async\" loading=\"lazy\" class=\"wp-image-86651 aligncenter\" src=\"http:\/\/www.infokuryr.cz\/n\/wp-content\/uploads\/2025\/08\/vrab10-300x200.png\" alt=\"\" width=\"1097\" height=\"731\" srcset=\"https:\/\/www.infokuryr.cz\/n\/wp-content\/uploads\/2025\/08\/vrab10-300x200.png 300w, https:\/\/www.infokuryr.cz\/n\/wp-content\/uploads\/2025\/08\/vrab10-1024x682.png 1024w, https:\/\/www.infokuryr.cz\/n\/wp-content\/uploads\/2025\/08\/vrab10-768x512.png 768w, https:\/\/www.infokuryr.cz\/n\/wp-content\/uploads\/2025\/08\/vrab10-1536x1024.png 1536w, https:\/\/www.infokuryr.cz\/n\/wp-content\/uploads\/2025\/08\/vrab10-2048x1365.png 2048w\" sizes=\"(max-width: 1097px) 100vw, 1097px\" \/><\/div>\n<div><\/div>\n","protected":false},"excerpt":{"rendered":"<p>Izraelsk\u00e9 letectvo ned\u00e1vno provedlo p\u0159esn\u00e9 n\u00e1lety na m\u011bsto San\u00e1 v Jemenu, p\u0159i kter\u00fdch zni\u010dilo \u0159adu&#8230;<\/p>\n","protected":false},"author":2,"featured_media":86843,"comment_status":"closed","ping_status":"closed","sticky":false,"template":"","format":"standard","meta":[],"categories":[7],"tags":[9042,107,1400],"_links":{"self":[{"href":"https:\/\/www.infokuryr.cz\/n\/wp-json\/wp\/v2\/posts\/86842"}],"collection":[{"href":"https:\/\/www.infokuryr.cz\/n\/wp-json\/wp\/v2\/posts"}],"about":[{"href":"https:\/\/www.infokuryr.cz\/n\/wp-json\/wp\/v2\/types\/post"}],"author":[{"embeddable":true,"href":"https:\/\/www.infokuryr.cz\/n\/wp-json\/wp\/v2\/users\/2"}],"replies":[{"embeddable":true,"href":"https:\/\/www.infokuryr.cz\/n\/wp-json\/wp\/v2\/comments?post=86842"}],"version-history":[{"count":1,"href":"https:\/\/www.infokuryr.cz\/n\/wp-json\/wp\/v2\/posts\/86842\/revisions"}],"predecessor-version":[{"id":86844,"href":"https:\/\/www.infokuryr.cz\/n\/wp-json\/wp\/v2\/posts\/86842\/revisions\/86844"}],"wp:featuredmedia":[{"embeddable":true,"href":"https:\/\/www.infokuryr.cz\/n\/wp-json\/wp\/v2\/media\/86843"}],"wp:attachment":[{"href":"https:\/\/www.infokuryr.cz\/n\/wp-json\/wp\/v2\/media?parent=86842"}],"wp:term":[{"taxonomy":"category","embeddable":true,"href":"https:\/\/www.infokuryr.cz\/n\/wp-json\/wp\/v2\/categories?post=86842"},{"taxonomy":"post_tag","embeddable":true,"href":"https:\/\/www.infokuryr.cz\/n\/wp-json\/wp\/v2\/tags?post=86842"}],"curies":[{"name":"wp","href":"https:\/\/api.w.org\/{rel}","templated":true}]}}