{"id":86828,"date":"2025-09-01T00:24:38","date_gmt":"2025-08-31T22:24:38","guid":{"rendered":"https:\/\/www.infokuryr.cz\/n\/?p=86828"},"modified":"2025-08-31T16:07:37","modified_gmt":"2025-08-31T14:07:37","slug":"putin-prijel-do-ciny-na-summit-sos-a-den-vitezstvi","status":"publish","type":"post","link":"https:\/\/www.infokuryr.cz\/n\/2025\/09\/01\/putin-prijel-do-ciny-na-summit-sos-a-den-vitezstvi\/","title":{"rendered":"Putin p\u0159ijel do \u010c\u00edny na summit \u0160OS a Den v\u00edt\u011bzstv\u00ed"},"content":{"rendered":"<div id=\"fb-root\"><\/div>\n<h3>Rusk\u00fd prezident se b\u011bhem nabit\u00e9 \u010dty\u0159denn\u00ed n\u00e1v\u0161t\u011bvy setk\u00e1 s \u010d\u00ednsk\u00fdmi, indick\u00fdmi a dal\u0161\u00edmi sv\u011btov\u00fdmi v\u016fdci<\/h3>\n<p data-start=\"123\" data-end=\"203\"><span dir=\"auto\">Prezident Vladimir Putin dorazil do Tchien-\u0165inu na zah\u00e1jen\u00ed \u010dty\u0159denn\u00ed ofici\u00e1ln\u00ed n\u00e1v\u0161t\u011bvy \u010c\u00edny, kde se z\u00fa\u010dastn\u00ed summitu \u0160anghajsk\u00e9 organizace pro spolupr\u00e1ci (\u0160OS) a akc\u00ed k 80. v\u00fdro\u010d\u00ed kapitulace Japonska ve druh\u00e9 sv\u011btov\u00e9 v\u00e1lce.<\/span><\/p>\n<p data-start=\"682\" data-end=\"1235\"><span dir=\"auto\">Letadlo Ilju\u0161in Il-96 rusk\u00e9ho v\u016fdce p\u0159ist\u00e1lo v ned\u011bli r\u00e1no v severo\u010d\u00ednsk\u00e9m m\u011bst\u011b, kde prezident Si \u0164in-pching po\u0159\u00e1d\u00e1 setk\u00e1n\u00ed \u0160OS.<\/span><\/p>\n<p data-start=\"682\" data-end=\"1235\"><span dir=\"auto\">O\u010dek\u00e1v\u00e1 se, \u017ee summit, kter\u00fd potrv\u00e1 do 1. z\u00e1\u0159\u00ed, se zam\u011b\u0159\u00ed na pos\u00edlen\u00ed region\u00e1ln\u00ed bezpe\u010dnosti, roz\u0161\u00ed\u0159en\u00ed hospod\u00e1\u0159sk\u00e9 spolupr\u00e1ce a prohlouben\u00ed kulturn\u00edch a humanit\u00e1rn\u00edch vazeb mezi \u010dlensk\u00fdmi st\u00e1ty. Vedouc\u00ed p\u0159edstavitel\u00e9 budou tak\u00e9 diskutovat o doprav\u011b, energetice, digitalizaci, um\u011bl\u00e9 inteligenci a zelen\u00e9m rozvoji. O\u010dek\u00e1v\u00e1 se p\u0159ijet\u00ed z\u00e1v\u011bre\u010dn\u00e9ho prohl\u00e1\u0161en\u00ed a dlouhodob\u00e9 strategie do roku 2035.<\/span><\/p>\n<div style=\"width: 640px;\" class=\"wp-video\"><!--[if lt IE 9]><script>document.createElement('video');<\/script><![endif]-->\n<video class=\"wp-video-shortcode\" id=\"video-86828-1\" width=\"640\" height=\"360\" preload=\"metadata\" controls=\"controls\"><source type=\"video\/mp4\" src=\"http:\/\/www.infokuryr.cz\/n\/wp-content\/uploads\/2025\/08\/p1.mp4?_=1\" \/><a href=\"http:\/\/www.infokuryr.cz\/n\/wp-content\/uploads\/2025\/08\/p1.mp4\">http:\/\/www.infokuryr.cz\/n\/wp-content\/uploads\/2025\/08\/p1.mp4<\/a><\/video><\/div>\n<p>&nbsp;<\/p>\n<p><img decoding=\"async\" loading=\"lazy\" class=\"wp-image-86651 aligncenter\" src=\"http:\/\/www.infokuryr.cz\/n\/wp-content\/uploads\/2025\/08\/vrab10-300x200.png\" alt=\"\" width=\"1109\" height=\"739\" srcset=\"https:\/\/www.infokuryr.cz\/n\/wp-content\/uploads\/2025\/08\/vrab10-300x200.png 300w, https:\/\/www.infokuryr.cz\/n\/wp-content\/uploads\/2025\/08\/vrab10-1024x682.png 1024w, https:\/\/www.infokuryr.cz\/n\/wp-content\/uploads\/2025\/08\/vrab10-768x512.png 768w, https:\/\/www.infokuryr.cz\/n\/wp-content\/uploads\/2025\/08\/vrab10-1536x1024.png 1536w, https:\/\/www.infokuryr.cz\/n\/wp-content\/uploads\/2025\/08\/vrab10-2048x1365.png 2048w\" sizes=\"(max-width: 1109px) 100vw, 1109px\" \/><\/p>\n<p>&nbsp;<\/p>\n<div style=\"width: 640px;\" class=\"wp-video\"><video class=\"wp-video-shortcode\" id=\"video-86828-2\" width=\"640\" height=\"360\" preload=\"metadata\" controls=\"controls\"><source type=\"video\/mp4\" src=\"http:\/\/www.infokuryr.cz\/n\/wp-content\/uploads\/2025\/08\/p2.mp4?_=2\" \/><a href=\"http:\/\/www.infokuryr.cz\/n\/wp-content\/uploads\/2025\/08\/p2.mp4\">http:\/\/www.infokuryr.cz\/n\/wp-content\/uploads\/2025\/08\/p2.mp4<\/a><\/video><\/div>\n<p>&nbsp;<\/p>\n<p><span dir=\"auto\">Putin pozd\u011bji, 2. z\u00e1\u0159\u00ed, odcestuje do Pekingu na bilater\u00e1ln\u00ed jedn\u00e1n\u00ed s Si \u0164in-pchingem. O\u010dek\u00e1v\u00e1 se, \u017ee diskuse se budou t\u00fdkat hospod\u00e1\u0159sk\u00e9 spolupr\u00e1ce, mezin\u00e1rodn\u00ed bezpe\u010dnosti a region\u00e1ln\u00edch ot\u00e1zek, se zvl\u00e1\u0161tn\u00edm zam\u011b\u0159en\u00edm na konflikt na Ukrajin\u011b a vztahy s USA. 3. z\u00e1\u0159\u00ed se z\u00fa\u010dastn\u00ed oslav Dne v\u00edt\u011bzstv\u00ed v \u010d\u00ednsk\u00e9 metropoli.<\/span><\/p>\n<p data-start=\"1625\" data-end=\"1979\"><span dir=\"auto\">B\u011bhem n\u00e1v\u0161t\u011bvy m\u00e1 Putin napl\u00e1nov\u00e1no tak\u00e9 zhruba deset bilater\u00e1ln\u00edch setk\u00e1n\u00ed se zahrani\u010dn\u00edmi l\u00eddry na okraj summitu, v\u010detn\u011b indick\u00e9ho premi\u00e9ra Narendry Modiho, tureck\u00e9ho prezidenta Recepa Tayyipa Erdogana a \u00edr\u00e1nsk\u00e9ho prezidenta Mas\u00fada Pezeshkiana.<\/span><\/p>\n<p data-start=\"1625\" data-end=\"1979\"><img decoding=\"async\" loading=\"lazy\" class=\"alignnone size-full wp-image-1185\" src=\"http:\/\/www.infokuryr.cz\/n\/wp-content\/uploads\/2021\/04\/kuryr-podpis.png\" alt=\"\" width=\"84\" height=\"24\" \/><\/p>\n<p data-start=\"1625\" data-end=\"1979\">\n","protected":false},"excerpt":{"rendered":"<p>Rusk\u00fd prezident se b\u011bhem nabit\u00e9 \u010dty\u0159denn\u00ed n\u00e1v\u0161t\u011bvy setk\u00e1 s \u010d\u00ednsk\u00fdmi, indick\u00fdmi a dal\u0161\u00edmi sv\u011btov\u00fdmi v\u016fdci&#8230;<\/p>\n","protected":false},"author":2,"featured_media":86831,"comment_status":"closed","ping_status":"closed","sticky":false,"template":"","format":"standard","meta":[],"categories":[7],"tags":[30,4097,102,5135],"_links":{"self":[{"href":"https:\/\/www.infokuryr.cz\/n\/wp-json\/wp\/v2\/posts\/86828"}],"collection":[{"href":"https:\/\/www.infokuryr.cz\/n\/wp-json\/wp\/v2\/posts"}],"about":[{"href":"https:\/\/www.infokuryr.cz\/n\/wp-json\/wp\/v2\/types\/post"}],"author":[{"embeddable":true,"href":"https:\/\/www.infokuryr.cz\/n\/wp-json\/wp\/v2\/users\/2"}],"replies":[{"embeddable":true,"href":"https:\/\/www.infokuryr.cz\/n\/wp-json\/wp\/v2\/comments?post=86828"}],"version-history":[{"count":1,"href":"https:\/\/www.infokuryr.cz\/n\/wp-json\/wp\/v2\/posts\/86828\/revisions"}],"predecessor-version":[{"id":86832,"href":"https:\/\/www.infokuryr.cz\/n\/wp-json\/wp\/v2\/posts\/86828\/revisions\/86832"}],"wp:featuredmedia":[{"embeddable":true,"href":"https:\/\/www.infokuryr.cz\/n\/wp-json\/wp\/v2\/media\/86831"}],"wp:attachment":[{"href":"https:\/\/www.infokuryr.cz\/n\/wp-json\/wp\/v2\/media?parent=86828"}],"wp:term":[{"taxonomy":"category","embeddable":true,"href":"https:\/\/www.infokuryr.cz\/n\/wp-json\/wp\/v2\/categories?post=86828"},{"taxonomy":"post_tag","embeddable":true,"href":"https:\/\/www.infokuryr.cz\/n\/wp-json\/wp\/v2\/tags?post=86828"}],"curies":[{"name":"wp","href":"https:\/\/api.w.org\/{rel}","templated":true}]}}