{"id":86825,"date":"2025-09-01T00:23:40","date_gmt":"2025-08-31T22:23:40","guid":{"rendered":"https:\/\/www.infokuryr.cz\/n\/?p=86825"},"modified":"2025-08-31T16:08:33","modified_gmt":"2025-08-31T14:08:33","slug":"iran-identifikoval-izraelske-operatory-dronu-kteri-se-ucastnili-12denni-valky","status":"publish","type":"post","link":"https:\/\/www.infokuryr.cz\/n\/2025\/09\/01\/iran-identifikoval-izraelske-operatory-dronu-kteri-se-ucastnili-12denni-valky\/","title":{"rendered":"\u00cdr\u00e1n identifikoval izraelsk\u00e9 oper\u00e1tory dron\u016f, kte\u0159\u00ed se \u00fa\u010dastnili 12denn\u00ed v\u00e1lky"},"content":{"rendered":"<div id=\"fb-root\"><\/div>\n<p><strong><span dir=\"auto\">\u00cdr\u00e1nsk\u00e1 m\u00e9dia ve sv\u00e9m videu zve\u0159ejn\u011bn\u00e9m 31. srpna odhalila, \u017ee Isl\u00e1msk\u00e1 republika dok\u00e1zala na z\u00e1klad\u011b zpravodajsk\u00fdch informac\u00ed z otev\u0159en\u00fdch zdroj\u016f identifikovat t\u0159i izraelsk\u00e9 oper\u00e1tory dron\u016f, kte\u0159\u00ed se v \u010dervnu lo\u0148sk\u00e9ho roku z\u00fa\u010dastnili dvan\u00e1ctidenn\u00ed v\u00e1lky.<\/span><\/strong><\/p>\n<p><span dir=\"auto\">V\u00e1lka vypukla 13. \u010dervna, kdy Izrael zah\u00e1jil p\u0159ekvapiv\u00fd \u00fatok proti \u00edr\u00e1nsk\u00e9mu jadern\u00e9mu programu. Boje skon\u010dily, kdy\u017e bylo 24. \u010dervna n\u00e1hle vyhl\u00e1\u0161eno p\u0159\u00edm\u011b\u0159\u00ed, pouh\u00e9 dva dny pot\u00e9, co se USA p\u0159ipojily k Izraeli a za\u00fato\u010dily na t\u0159i kl\u00ed\u010dov\u00e1 jadern\u00e1 za\u0159\u00edzen\u00ed v Isl\u00e1msk\u00e9 republice.<\/span><\/p>\n<p><span dir=\"auto\">Protivzdu\u0161n\u00e1 obrana v z\u00e1padn\u00edm \u00cdr\u00e1nu a okol\u00ed hlavn\u00edho m\u011bsta Teher\u00e1nu utrp\u011bla b\u011bhem v\u00e1lky r\u00e1nu, p\u0159i\u010dem\u017e n\u011bkter\u00e9 syst\u00e9my se dokonce staly ter\u010dem bun\u011bk tajn\u00e9 agentury Mossad. P\u0159esto se Isl\u00e1msk\u00e9 republice poda\u0159ilo sest\u0159elit n\u011bkolik izraelsk\u00fdch dron\u016f, v\u010detn\u011b v\u011bt\u0161\u00edch model\u016f, jako jsou Elbit Hermes 900 a IAI Eitan.<\/span><\/p>\n<p><span dir=\"auto\">\u00cdr\u00e1nsk\u00e1 zpr\u00e1va identifikovala t\u0159i oper\u00e1tory dron\u016f, kte\u0159\u00ed se v\u00e1lky z\u00fa\u010dastnili, jako Ofira Tesslera, Edena Vetera a Ofira Islera.<\/span><\/p>\n<p><span dir=\"auto\">Podle zpr\u00e1vy byli provozovatel\u00e9 identifikov\u00e1ni prost\u0159ednictv\u00edm sv\u00fdch profil\u016f na LinkedIn, profesion\u00e1ln\u00ed soci\u00e1ln\u00ed s\u00edti. V\u0161ichni t\u0159i na sv\u00fdch profilech zmi\u0148uj\u00ed sou\u010dasn\u00e9 nebo p\u0159edchoz\u00ed zapojen\u00ed do IAI (Israeli Aerospace Industries), izraelsk\u00e9ho letectva (IAF) nebo soukrom\u00fdch izraelsk\u00fdch pr\u016fmyslov\u00fdch odv\u011btv\u00ed souvisej\u00edc\u00edch s byznysem s drony.<\/span><\/p>\n<p><iframe loading=\"lazy\" src=\"https:\/\/s5.cdnstatic.space\/wp-content\/uploads\/2025\/08\/isdro.mp4\" width=\"600\" height=\"338\" data-mce-fragment=\"1\"><\/iframe><\/p>\n<p><span dir=\"auto\">Zpr\u00e1va je p\u0159ekvapiv\u00e1 vzhledem k mno\u017estv\u00ed \u00fasil\u00ed, kter\u00e9 IAF a zbytek izraelsk\u00fdch obrann\u00fdch sil vynakl\u00e1daj\u00ed na utajen\u00ed identity voj\u00e1k\u016f na citliv\u00fdch pozic\u00edch.<\/span><\/p>\n<p><span dir=\"auto\">A\u010dkoliv IDF uznala, \u017ee jej\u00ed drony byly vyzbrojeny p\u0159ed n\u011bkolika lety, tyto schopnosti a operace p\u0159\u00edsn\u011b taj\u00ed.<\/span><\/p>\n<p><span dir=\"auto\">Zpr\u00e1va p\u0159i\u0161la jen den pot\u00e9, co den\u00edk The New York Times odhalil, \u017ee Izrael byl b\u011bhem v\u00e1lky schopen sledovat a c\u00edlit na vysok\u00e9 \u00edr\u00e1nsk\u00e9 politick\u00e9 p\u0159edstavitele, vojensk\u00e9 velitele a jadern\u00e9 v\u011bdce hackov\u00e1n\u00edm telefon\u016f jejich osobn\u00edch str\u00e1\u017ec\u016f a \u0159idi\u010d\u016f. Je velmi pravd\u011bpodobn\u00e9, \u017ee byla zve\u0159ejn\u011bna v reakci, proto\u017ee odhaluje podobn\u00e9, i kdy\u017e ne tak katastrof\u00e1ln\u00ed, zm\u011bny v izraelsk\u00fdch bezpe\u010dnostn\u00edch opat\u0159en\u00edch.<\/span><\/p>\n<p><img decoding=\"async\" loading=\"lazy\" class=\"alignnone size-full wp-image-1185\" src=\"http:\/\/www.infokuryr.cz\/n\/wp-content\/uploads\/2021\/04\/kuryr-podpis.png\" alt=\"\" width=\"84\" height=\"24\" \/><\/p>\n<p><img decoding=\"async\" loading=\"lazy\" class=\"wp-image-86651 aligncenter\" src=\"http:\/\/www.infokuryr.cz\/n\/wp-content\/uploads\/2025\/08\/vrab10-300x200.png\" alt=\"\" width=\"1116\" height=\"744\" srcset=\"https:\/\/www.infokuryr.cz\/n\/wp-content\/uploads\/2025\/08\/vrab10-300x200.png 300w, https:\/\/www.infokuryr.cz\/n\/wp-content\/uploads\/2025\/08\/vrab10-1024x682.png 1024w, https:\/\/www.infokuryr.cz\/n\/wp-content\/uploads\/2025\/08\/vrab10-768x512.png 768w, https:\/\/www.infokuryr.cz\/n\/wp-content\/uploads\/2025\/08\/vrab10-1536x1024.png 1536w, https:\/\/www.infokuryr.cz\/n\/wp-content\/uploads\/2025\/08\/vrab10-2048x1365.png 2048w\" sizes=\"(max-width: 1116px) 100vw, 1116px\" \/><\/p>\n<p>&nbsp;<\/p>\n","protected":false},"excerpt":{"rendered":"<p>\u00cdr\u00e1nsk\u00e1 m\u00e9dia ve sv\u00e9m videu zve\u0159ejn\u011bn\u00e9m 31. srpna odhalila, \u017ee Isl\u00e1msk\u00e1 republika dok\u00e1zala na z\u00e1klad\u011b&#8230;<\/p>\n","protected":false},"author":2,"featured_media":86826,"comment_status":"closed","ping_status":"closed","sticky":false,"template":"","format":"standard","meta":[],"categories":[7],"tags":[38,107,40,889],"_links":{"self":[{"href":"https:\/\/www.infokuryr.cz\/n\/wp-json\/wp\/v2\/posts\/86825"}],"collection":[{"href":"https:\/\/www.infokuryr.cz\/n\/wp-json\/wp\/v2\/posts"}],"about":[{"href":"https:\/\/www.infokuryr.cz\/n\/wp-json\/wp\/v2\/types\/post"}],"author":[{"embeddable":true,"href":"https:\/\/www.infokuryr.cz\/n\/wp-json\/wp\/v2\/users\/2"}],"replies":[{"embeddable":true,"href":"https:\/\/www.infokuryr.cz\/n\/wp-json\/wp\/v2\/comments?post=86825"}],"version-history":[{"count":0,"href":"https:\/\/www.infokuryr.cz\/n\/wp-json\/wp\/v2\/posts\/86825\/revisions"}],"wp:featuredmedia":[{"embeddable":true,"href":"https:\/\/www.infokuryr.cz\/n\/wp-json\/wp\/v2\/media\/86826"}],"wp:attachment":[{"href":"https:\/\/www.infokuryr.cz\/n\/wp-json\/wp\/v2\/media?parent=86825"}],"wp:term":[{"taxonomy":"category","embeddable":true,"href":"https:\/\/www.infokuryr.cz\/n\/wp-json\/wp\/v2\/categories?post=86825"},{"taxonomy":"post_tag","embeddable":true,"href":"https:\/\/www.infokuryr.cz\/n\/wp-json\/wp\/v2\/tags?post=86825"}],"curies":[{"name":"wp","href":"https:\/\/api.w.org\/{rel}","templated":true}]}}