{"id":86824,"date":"2025-09-01T00:23:48","date_gmt":"2025-08-31T22:23:48","guid":{"rendered":"https:\/\/www.infokuryr.cz\/n\/?p=86824"},"modified":"2025-08-31T15:56:11","modified_gmt":"2025-08-31T13:56:11","slug":"izraelsky-ohnivy-pas-zasahl-jizni-libanon","status":"publish","type":"post","link":"https:\/\/www.infokuryr.cz\/n\/2025\/09\/01\/izraelsky-ohnivy-pas-zasahl-jizni-libanon\/","title":{"rendered":"Izraelsk\u00fd \u201eohniv\u00fd p\u00e1s\u201c zas\u00e1hl ji\u017en\u00ed Libanon"},"content":{"rendered":"<div id=\"fb-root\"><\/div>\n<p><strong><span dir=\"auto\">Prudk\u00e1 vlna izraelsk\u00fdch \u00fader\u016f zas\u00e1hla 31. srpna ji\u017en\u00ed libanonsk\u00fd region, srdce Hizball\u00e1hu, a zp\u016fsobila po\u017e\u00e1ry a materi\u00e1ln\u00ed \u0161kody.\u00a0<\/span><\/strong><\/p>\n<p><span dir=\"auto\">Izraelsk\u00e9 obrann\u00e9 s\u00edly (IDF) ve sv\u00e9m prohl\u00e1\u0161en\u00ed uvedly, \u017ee \u00fadery proveden\u00e9 izraelsk\u00fdm letectvem byly zam\u011b\u0159eny na \u201evojenskou infrastrukturu, v\u010detn\u011b podzemn\u00ed infrastruktury\u201c Hizball\u00e1hu v oblasti Beaufort Ridge v guvernor\u00e1tu Nabatiyeh, kde byly zji\u0161t\u011bny aktivity t\u00e9to skupiny.<\/span><\/p>\n<p><em><span dir=\"auto\">\u201eExistence t\u011bchto m\u00edst a aktivita v nich prob\u00edhaj\u00edc\u00ed p\u0159edstavuje poru\u0161en\u00ed dohod mezi Izraelem a Libanonem,\u201c kter\u00fdch bylo dosa\u017eeno s pomoc\u00ed Spojen\u00fdch st\u00e1t\u016f v listopadu a ukon\u010dilo tak obdob\u00ed otev\u0159en\u00e9ho konfliktu, dodala arm\u00e1da.<\/span><\/em><\/p>\n<p><span dir=\"auto\">Libanonsk\u00e1 ofici\u00e1ln\u00ed n\u00e1rodn\u00ed tiskov\u00e1 agentura uvedla, \u017ee nejm\u00e9n\u011b deset \u00fader\u016f zas\u00e1hlo zalesn\u011bn\u00e9 oblasti na okraji m\u011bst Ali Al-Taher a Kfar Tebnit v Nabatiehu a leteck\u00fd \u00fatok popsala jako \u201ep\u00e1s ohn\u011b\u201c. Agentura hl\u00e1sila lesn\u00ed po\u017e\u00e1ry a materi\u00e1ln\u00ed \u0161kody, ale \u017e\u00e1dn\u00e9 ob\u011bti.<\/span><\/p>\n<p><iframe loading=\"lazy\" src=\"https:\/\/s5.cdnstatic.space\/wp-content\/uploads\/2025\/08\/55.mp4\" width=\"600\" height=\"338\" data-mce-fragment=\"1\"><\/iframe><\/p>\n<p><iframe loading=\"lazy\" src=\"https:\/\/s5.cdnstatic.space\/wp-content\/uploads\/2025\/08\/77.mp4\" width=\"600\" height=\"338\" data-mce-fragment=\"1\"><\/iframe><\/p>\n<p><iframe loading=\"lazy\" src=\"https:\/\/s5.cdnstatic.space\/wp-content\/uploads\/2025\/08\/88.mp4\" width=\"600\" height=\"338\" data-mce-fragment=\"1\"><\/iframe><\/p>\n<p><iframe loading=\"lazy\" src=\"https:\/\/s5.cdnstatic.space\/wp-content\/uploads\/2025\/08\/66.mp4\" width=\"600\" height=\"338\" data-mce-fragment=\"1\"><\/iframe><\/p>\n<p><span dir=\"auto\">Pouh\u00e9 dva dny p\u0159edt\u00edm ozn\u00e1mily izraelsk\u00e9 obrann\u00e9 s\u00edly (IDF), \u017ee Ahmad Naeem Maatouk, \u010dlen elitn\u00ed jednotky Hizball\u00e1hu Radwan Force, byl zabit p\u0159i \u00fatoku dronu na m\u011bsto Sir El Gharbiyeh, severn\u011b od \u0159eky Litani v ji\u017en\u00edm Libanonu. Podle arm\u00e1dy Maatouk slou\u017eil jako opera\u010dn\u00ed d\u016fstojn\u00edk v praporu Radwan a vedl n\u011bkolik \u00fatok\u016f proti Izraeli b\u011bhem 14m\u011bs\u00ed\u010dn\u00ed v\u00e1lky mezi Izraelem a Hizball\u00e1hem, kter\u00e1 skon\u010dila dohodou o p\u0159\u00edm\u011b\u0159\u00ed z 27. listopadu.<\/span><\/p>\n<p><iframe loading=\"lazy\" src=\"https:\/\/s5.cdnstatic.space\/wp-content\/uploads\/2025\/08\/99.mp4\" width=\"600\" height=\"338\" data-mce-fragment=\"1\"><\/iframe><\/p>\n<p><span dir=\"auto\">K nejnov\u011bj\u0161\u00edm izraelsk\u00fdm \u00fader\u016fm do\u0161lo v dob\u011b, kdy libanonsk\u00e1 vl\u00e1da sl\u00edbila, \u017ee podnikne kroky k odzbrojen\u00ed Hizball\u00e1hu. Skupina dosud odm\u00edt\u00e1 spolupracovat.<\/span><\/p>\n<p><span dir=\"auto\">Americk\u00fd vyslanec Tom Barrack, kter\u00fd toto \u00fasil\u00ed vede, minul\u00fd t\u00fdden uvedl, \u017ee se o\u010dek\u00e1v\u00e1, \u017ee vl\u00e1da 31. srpna p\u0159edlo\u017e\u00ed pl\u00e1n, jak p\u0159esv\u011bd\u010dit Hizball\u00e1h k odzbrojen\u00ed.<\/span><\/p>\n<p><span dir=\"auto\">Hizball\u00e1h pravd\u011bpodobn\u011b nep\u0159ijme \u017e\u00e1dn\u00fd pl\u00e1n, kter\u00fd by libanonsk\u00e1 vl\u00e1da mohla p\u0159edlo\u017eit, proto\u017ee z\u00e1sadn\u011b odm\u00edt\u00e1 odzbrojen\u00ed, a to nejen kv\u016fli hrozb\u011b ze strany Izraele, ale tak\u00e9 kv\u016fli rostouc\u00ed hrozb\u011b ze strany nov\u00fdch islamistick\u00fdch vl\u00e1dc\u016f S\u00fdrie.<\/span><\/p>\n<p><span dir=\"auto\">Vl\u00e1da bude \u010delit t\u011b\u017ek\u00fdm mo\u017enostem. Bu\u010f konfrontace s Hizball\u00e1hem t\u00e9m\u011b\u0159 jist\u011b povede k ob\u010dansk\u00e9 v\u00e1lce, nebo prohl\u00e1s\u00ed, \u017ee skupina nespolupracuje, a t\u00edm otev\u0159e dve\u0159e nov\u00e9mu izraelsk\u00e9mu \u00fatoku v zemi, p\u0159\u00edpadn\u011b i pozemn\u00ed operaci.<\/span><\/p>\n<p><img decoding=\"async\" loading=\"lazy\" class=\"alignnone size-full wp-image-1185\" src=\"http:\/\/www.infokuryr.cz\/n\/wp-content\/uploads\/2021\/04\/kuryr-podpis.png\" alt=\"\" width=\"84\" height=\"24\" \/><\/p>\n<p><img decoding=\"async\" loading=\"lazy\" class=\"wp-image-86651 aligncenter\" src=\"http:\/\/www.infokuryr.cz\/n\/wp-content\/uploads\/2025\/08\/vrab10-300x200.png\" alt=\"\" width=\"1082\" height=\"721\" srcset=\"https:\/\/www.infokuryr.cz\/n\/wp-content\/uploads\/2025\/08\/vrab10-300x200.png 300w, https:\/\/www.infokuryr.cz\/n\/wp-content\/uploads\/2025\/08\/vrab10-1024x682.png 1024w, https:\/\/www.infokuryr.cz\/n\/wp-content\/uploads\/2025\/08\/vrab10-768x512.png 768w, https:\/\/www.infokuryr.cz\/n\/wp-content\/uploads\/2025\/08\/vrab10-1536x1024.png 1536w, https:\/\/www.infokuryr.cz\/n\/wp-content\/uploads\/2025\/08\/vrab10-2048x1365.png 2048w\" sizes=\"(max-width: 1082px) 100vw, 1082px\" \/><\/p>\n<p>&nbsp;<\/p>\n","protected":false},"excerpt":{"rendered":"<p>Prudk\u00e1 vlna izraelsk\u00fdch \u00fader\u016f zas\u00e1hla 31. srpna ji\u017en\u00ed libanonsk\u00fd region, srdce Hizball\u00e1hu, a zp\u016fsobila po\u017e\u00e1ry&#8230;<\/p>\n","protected":false},"author":2,"featured_media":64342,"comment_status":"closed","ping_status":"closed","sticky":false,"template":"","format":"standard","meta":[],"categories":[7],"tags":[6772,107,405,5135],"_links":{"self":[{"href":"https:\/\/www.infokuryr.cz\/n\/wp-json\/wp\/v2\/posts\/86824"}],"collection":[{"href":"https:\/\/www.infokuryr.cz\/n\/wp-json\/wp\/v2\/posts"}],"about":[{"href":"https:\/\/www.infokuryr.cz\/n\/wp-json\/wp\/v2\/types\/post"}],"author":[{"embeddable":true,"href":"https:\/\/www.infokuryr.cz\/n\/wp-json\/wp\/v2\/users\/2"}],"replies":[{"embeddable":true,"href":"https:\/\/www.infokuryr.cz\/n\/wp-json\/wp\/v2\/comments?post=86824"}],"version-history":[{"count":0,"href":"https:\/\/www.infokuryr.cz\/n\/wp-json\/wp\/v2\/posts\/86824\/revisions"}],"wp:featuredmedia":[{"embeddable":true,"href":"https:\/\/www.infokuryr.cz\/n\/wp-json\/wp\/v2\/media\/64342"}],"wp:attachment":[{"href":"https:\/\/www.infokuryr.cz\/n\/wp-json\/wp\/v2\/media?parent=86824"}],"wp:term":[{"taxonomy":"category","embeddable":true,"href":"https:\/\/www.infokuryr.cz\/n\/wp-json\/wp\/v2\/categories?post=86824"},{"taxonomy":"post_tag","embeddable":true,"href":"https:\/\/www.infokuryr.cz\/n\/wp-json\/wp\/v2\/tags?post=86824"}],"curies":[{"name":"wp","href":"https:\/\/api.w.org\/{rel}","templated":true}]}}