{"id":86822,"date":"2025-09-01T00:22:47","date_gmt":"2025-08-31T22:22:47","guid":{"rendered":"https:\/\/www.infokuryr.cz\/n\/?p=86822"},"modified":"2025-08-31T15:51:58","modified_gmt":"2025-08-31T13:51:58","slug":"vudce-druzu-v-al-suvajde-pozaduje-nezavislost-na-syrii","status":"publish","type":"post","link":"https:\/\/www.infokuryr.cz\/n\/2025\/09\/01\/vudce-druzu-v-al-suvajde-pozaduje-nezavislost-na-syrii\/","title":{"rendered":"V\u016fdce dr\u00faz\u016f v Al-Suvajd\u011b po\u017eaduje nez\u00e1vislost na S\u00fdrii"},"content":{"rendered":"<div id=\"fb-root\"><\/div>\n<p><strong><span dir=\"auto\">Duchovn\u00ed v\u016fdce dr\u00fazsk\u00e9 komunity v guvernor\u00e1tu as-Suvajda \u0161ejk Hikmat al-Hid\u017er\u00ed poprv\u00e9 otev\u0159en\u011b po\u017eaduje nez\u00e1vislost na S\u00fdrii s odvol\u00e1n\u00edm na strach z nov\u00e9 islamistick\u00e9 vl\u00e1dy zem\u011b.<\/span><\/strong><\/p>\n<p><span dir=\"auto\">V \u010dervenci si \u00fatok veden\u00fd vl\u00e1dou na as-Suvajdu vy\u017e\u00e1dal podle Syrsk\u00e9 observato\u0159e pro lidsk\u00e1 pr\u00e1va \u017eivoty 1 990 lid\u00ed.<\/span><\/p>\n<p><span dir=\"auto\">B\u011bhem \u00fatoku byly hl\u00e1\u0161eny masov\u00e9 poru\u0161ov\u00e1n\u00ed pravidel. Ve skute\u010dnosti po\u010det ob\u011bt\u00ed zahrnuje nejm\u00e9n\u011b 765 dr\u00fazsk\u00fdch civilist\u016f, kte\u0159\u00ed byli popraveni vl\u00e1dn\u00edmi jednotkami a s nimi spojen\u00fdmi bojovn\u00edky z hnut\u00ed Beidouin. Krom\u011b toho se st\u00e1le poh\u0159e\u0161uje nejm\u00e9n\u011b 235 dr\u00fazsk\u00fdch \u017een, kter\u00e9 byly b\u011bhem \u00fatoku uneseny.<\/span><\/p>\n<p><span dir=\"auto\">Izrael b\u011bhem vl\u00e1dou veden\u00e9ho \u00fatoku zas\u00e1hl na podporu Dr\u00faz\u016f s odvol\u00e1n\u00edm na sv\u00e9 historick\u00e9 vztahy s vlastn\u00ed dr\u00fazskou komunitou.<\/span><\/p>\n<p><span dir=\"auto\">Intervence, b\u011bhem n\u00ed\u017e izraelsk\u00e9 \u00fadery zas\u00e1hly Dama\u0161ek, umo\u017enila dr\u00fazsk\u00fdm frakc\u00edm udr\u017eet si kontrolu nad m\u011bstem as-Suvajda a velkou \u010d\u00e1st\u00ed v\u00fdchodn\u00edho a ji\u017en\u00edho venkova provincie. Zbytek z\u016fst\u00e1v\u00e1 okupov\u00e1n vl\u00e1dn\u00edmi silami, kter\u00e9 tak\u00e9 obl\u00e9haj\u00ed as-Suvajdu.<\/span><\/p>\n<p><span dir=\"auto\">Ve videu, kter\u00e9 se objevilo online 30. srpna, Hid\u017era uv\u00e1d\u00ed: \u201eHled\u00e1me to, co n\u00e1m jako spole\u010dnosti vyhovuje, abychom mohli \u0159\u00edct, \u017ee toto je to, co n\u00e1m vyhovuje. Dnes, s ml\u00e1de\u017enick\u00fdmi shrom\u00e1\u017ed\u011bn\u00edmi a rozs\u00e1hlou mobilizac\u00ed na n\u00e1m\u011bst\u00edch a s rozsahem ob\u011bt\u00ed, kter\u00e9 na\u0161i synov\u00e9 p\u0159inesli, u\u017e nem\u00e1me prostor vyjedn\u00e1vat o ni\u010dem jin\u00e9m ne\u017e o nez\u00e1vislosti\u2026 Nez\u00e1vislost u\u017e nen\u00ed mo\u017enost\u00ed k diskusi; stala se absolutn\u00ed nutnost\u00ed.\u201c<\/span><\/p>\n<p><em><span dir=\"auto\">\u201eDr\u00fazsk\u00e1 komunita v S\u00fdrii po\u017eaduje nez\u00e1vislost ji\u017en\u00edho regionu,\u201c dodal s t\u00edm, \u017ee c\u00edlem je \u201ezachovat bezpe\u010dnost a d\u016fstojnost\u201c a \u017ee budouc\u00ed entita \u201emus\u00ed b\u00fdt v souladu s velmocemi a otev\u0159en\u00fdmi a civilizovan\u00fdmi spole\u010dnostmi\u201c.<\/span><\/em><\/p>\n<p><span dir=\"auto\">Hajri d\u00e1le zd\u016fraznil, \u017ee nechov\u00e1 \u017e\u00e1dnou nevra\u017eivost ani mstiv\u00e9 sklony v\u016f\u010di \u017e\u00e1dn\u00e9 stran\u011b, a zd\u016fraznil, \u017ee deklarovan\u00fd po\u017eadavek je \u201eve\u0159ejn\u00fdm m\u00edn\u011bn\u00edm\u201c, kter\u00e9 odr\u00e1\u017e\u00ed my\u0161len\u00ed ml\u00e1de\u017ee al-Suwayda.<\/span><\/p>\n<p><em><span dir=\"auto\">\u201eKa\u017ed\u00e9 slovo, kter\u00e9 sd\u011bluji, poch\u00e1z\u00ed od mlad\u00fdch lid\u00ed, kte\u0159\u00ed tou\u017e\u00ed po lep\u0161\u00ed budoucnosti. Nejsme zast\u00e1nci pomsty ani konflikt\u016f n\u00e1bo\u017eensk\u00e9 \u010di extremistick\u00e9 povahy. Sp\u00ed\u0161e usilujeme o partnerstv\u00ed se zem\u011bmi po cel\u00e9m sv\u011bt\u011b, a\u0165 u\u017e arabsk\u00fdmi nebo nearabsk\u00fdmi,\u201c \u0159ekl v\u016fdce.<\/span><\/em><\/p>\n<p><span dir=\"auto\">V projevu k N\u00e1rodn\u00ed gard\u011b, kter\u00e1 byla ned\u00e1vno zformov\u00e1na v as-Suvajd\u011b, Hajri tuto formaci popsal jako \u201edr\u00fazskou slo\u017eku pro sjednocen\u00ed\u201c. Zm\u00ednil tak\u00e9 existenci \u201epolitick\u00e9 a pr\u00e1vn\u00ed slo\u017eky\u201c zastoupen\u00e9 pr\u00e1vn\u00edm v\u00fdborem guvernor\u00e1tu a zd\u016fraznil, \u017ee tyto struktury jsou p\u0159ipraveny \u0159e\u0161it r\u016fzn\u00e9 budouc\u00ed sc\u00e9n\u00e1\u0159e.<\/span><\/p>\n<p><span dir=\"auto\">Na z\u00e1v\u011br zd\u016fraznil, \u017ee komunita je \u201eodd\u00e1na dohod\u00e1m\u201c a nehled\u00e1 do\u010dasn\u00e1 \u0159e\u0161en\u00ed, a znovu zd\u016fraznil, \u017ee jej\u00edm prim\u00e1rn\u00edm po\u017eadavkem je \u201enez\u00e1vislost\u201c.<\/span><\/p>\n<p><iframe loading=\"lazy\" src=\"https:\/\/s5.cdnstatic.space\/wp-content\/uploads\/2025\/08\/unKku8UAyHUndC38.mp4\" width=\"600\" height=\"338\" data-mce-fragment=\"1\"><\/iframe><\/p>\n<p><span dir=\"auto\">Jen o dva dny d\u0159\u00edve izraelsk\u00fd premi\u00e9r Benjamin Netanjahu zd\u016fraznil, \u017ee jeho zem\u011b bude i nad\u00e1le podporovat Dr\u00fazy v S\u00fdrii, a to i p\u0159es pokro\u010dil\u00e1 jedn\u00e1n\u00ed s vl\u00e1dou zem\u011b o bezpe\u010dnostn\u00ed dohod\u011b.<\/span><\/p>\n<p><em><span dir=\"auto\">\u201eCh\u00e1pu, s k\u00fdm m\u00e1me co do \u010din\u011bn\u00ed, s \u010d\u00edm m\u00e1me co do \u010din\u011bn\u00ed, a proto jsme pou\u017eili s\u00edlu,\u201c \u0159\u00edk\u00e1 b\u011bhem n\u00e1v\u0161t\u011bvy dr\u00fazsk\u00e9ho m\u011bsta Julis v severn\u00edm Izraeli. \u201e\u0158ekl jsem prezidentu Trumpovi: oba v\u011b\u0159\u00edme ve stejnou my\u0161lenku \u2013 \u0159\u00edk\u00e1 se j\u00ed m\u00edr skrze s\u00edlu. Nejd\u0159\u00edv p\u0159ich\u00e1z\u00ed s\u00edla \u2013 pak p\u0159ich\u00e1z\u00ed m\u00edr. Tak to je, jist\u011b v na\u0161em regionu, ale nejen tady. Ale v prvn\u00ed \u0159ad\u011b v na\u0161em regionu.\u201c<\/span><\/em><\/p>\n<p><span dir=\"auto\">Syrsk\u00e1 vl\u00e1da mezit\u00edm trv\u00e1 na tom, \u017ee as-Suvajdu ovl\u00e1daj\u00ed \u201ezlo\u010dineck\u00e9 gangy\u201c. Sliby o vy\u0161et\u0159en\u00ed poru\u0161en\u00ed, k nim\u017e do\u0161lo b\u011bhem \u00fatoku na vl\u00e1du, a o pohn\u00e1n\u00ed odpov\u011bdn\u00fdch osob k odpov\u011bdnosti zat\u00edm nevedly k ni\u010demu.<\/span><\/p>\n<p><span dir=\"auto\">Je vysoce nepravd\u011bpodobn\u00e9, \u017ee by vl\u00e1da podnikla dal\u0161\u00ed \u00fatok v as-Suvajd\u011b, proto\u017ee Dr\u00fazov\u00e9 se zdaj\u00ed b\u00fdt odhodl\u00e1ni bojovat a Izrael je z\u0159ejm\u011b odhodl\u00e1n je chr\u00e1nit. V sou\u010dasn\u00e9 dob\u011b se vl\u00e1dn\u00ed s\u00edly pravd\u011bpodobn\u011b z guvernor\u00e1tu v dohledn\u00e9 dob\u011b nest\u00e1hnou.<\/span><\/p>\n<p><span dir=\"auto\">Nelze pop\u0159\u00edt, \u017ee as-Suvajda zah\u00e1jila proces odtr\u017een\u00ed od S\u00fdrie. Tento proces bude bezpochyby n\u011bjakou dobu trvat. Pokud v\u0161ak bude sou\u010dasn\u00e1 vl\u00e1da u moci ve sv\u00e9 sou\u010dasn\u00e9 islamistick\u00e9 podob\u011b, proces pravd\u011bpodobn\u011b usp\u011bje.<\/span><\/p>\n<p><img decoding=\"async\" loading=\"lazy\" class=\"alignnone size-full wp-image-1185\" src=\"http:\/\/www.infokuryr.cz\/n\/wp-content\/uploads\/2021\/04\/kuryr-podpis.png\" alt=\"\" width=\"84\" height=\"24\" \/><\/p>\n<p><img decoding=\"async\" loading=\"lazy\" class=\"wp-image-86651 aligncenter\" src=\"http:\/\/www.infokuryr.cz\/n\/wp-content\/uploads\/2025\/08\/vrab10-300x200.png\" alt=\"\" width=\"1121\" height=\"747\" srcset=\"https:\/\/www.infokuryr.cz\/n\/wp-content\/uploads\/2025\/08\/vrab10-300x200.png 300w, https:\/\/www.infokuryr.cz\/n\/wp-content\/uploads\/2025\/08\/vrab10-1024x682.png 1024w, https:\/\/www.infokuryr.cz\/n\/wp-content\/uploads\/2025\/08\/vrab10-768x512.png 768w, https:\/\/www.infokuryr.cz\/n\/wp-content\/uploads\/2025\/08\/vrab10-1536x1024.png 1536w, https:\/\/www.infokuryr.cz\/n\/wp-content\/uploads\/2025\/08\/vrab10-2048x1365.png 2048w\" sizes=\"(max-width: 1121px) 100vw, 1121px\" \/><\/p>\n<p>&nbsp;<\/p>\n","protected":false},"excerpt":{"rendered":"<p>Duchovn\u00ed v\u016fdce dr\u00fazsk\u00e9 komunity v guvernor\u00e1tu as-Suvajda \u0161ejk Hikmat al-Hid\u017er\u00ed poprv\u00e9 otev\u0159en\u011b po\u017eaduje nez\u00e1vislost na&#8230;<\/p>\n","protected":false},"author":2,"featured_media":86823,"comment_status":"closed","ping_status":"closed","sticky":false,"template":"","format":"standard","meta":[],"categories":[7],"tags":[9520,3292,147,889],"_links":{"self":[{"href":"https:\/\/www.infokuryr.cz\/n\/wp-json\/wp\/v2\/posts\/86822"}],"collection":[{"href":"https:\/\/www.infokuryr.cz\/n\/wp-json\/wp\/v2\/posts"}],"about":[{"href":"https:\/\/www.infokuryr.cz\/n\/wp-json\/wp\/v2\/types\/post"}],"author":[{"embeddable":true,"href":"https:\/\/www.infokuryr.cz\/n\/wp-json\/wp\/v2\/users\/2"}],"replies":[{"embeddable":true,"href":"https:\/\/www.infokuryr.cz\/n\/wp-json\/wp\/v2\/comments?post=86822"}],"version-history":[{"count":0,"href":"https:\/\/www.infokuryr.cz\/n\/wp-json\/wp\/v2\/posts\/86822\/revisions"}],"wp:featuredmedia":[{"embeddable":true,"href":"https:\/\/www.infokuryr.cz\/n\/wp-json\/wp\/v2\/media\/86823"}],"wp:attachment":[{"href":"https:\/\/www.infokuryr.cz\/n\/wp-json\/wp\/v2\/media?parent=86822"}],"wp:term":[{"taxonomy":"category","embeddable":true,"href":"https:\/\/www.infokuryr.cz\/n\/wp-json\/wp\/v2\/categories?post=86822"},{"taxonomy":"post_tag","embeddable":true,"href":"https:\/\/www.infokuryr.cz\/n\/wp-json\/wp\/v2\/tags?post=86822"}],"curies":[{"name":"wp","href":"https:\/\/api.w.org\/{rel}","templated":true}]}}