{"id":8682,"date":"2022-02-28T02:01:13","date_gmt":"2022-02-28T01:01:13","guid":{"rendered":"http:\/\/www.infokuryr.cz\/n\/?p=8682"},"modified":"2022-02-27T18:01:35","modified_gmt":"2022-02-27T17:01:35","slug":"kuba-vini-z-vyvoje-na-ukrajine-usa-a-nato","status":"publish","type":"post","link":"https:\/\/www.infokuryr.cz\/n\/2022\/02\/28\/kuba-vini-z-vyvoje-na-ukrajine-usa-a-nato\/","title":{"rendered":"Kuba vin\u00ed z v\u00fdvoje na Ukrajin\u011b USA a NATO"},"content":{"rendered":"<div id=\"fb-root\"><\/div>\n<p><strong>Kuba je p\u0159esv\u011bd\u010den\u00e1, \u017ee obavy Ruska z expanze NATO na v\u00fdchod jsou opr\u00e1vn\u011bn\u00e9. Vl\u00e1da v Havan\u011b vin\u00ed z v\u00fdvoje na Ukrajin\u011b USA a NATO.\u00a0Kuba z\u00e1rove\u0148 prosazuje diplomatick\u00e9 \u0159e\u0161en\u00ed krize.<\/strong><\/p>\n<p>Kub\u00e1nsk\u00e1 vl\u00e1da vydala v sobotu prohl\u00e1\u0161en\u00ed k situaci na Ukrajin\u011b.\u00a0Havana\u00a0<a href=\"https:\/\/www.minrex.gob.cu\/es\/cuba-aboga-por-una-solucion-que-garantice-la-seguridad-y-soberania-de-todos-declaracion-del\" target=\"_blank\" rel=\"noopener noreferrer\">odsoudila<\/a>\u00a0roli USA a NATO ve v\u00fdvoji situace v Evrop\u011b.\u00a0V p\u0159\u00edslu\u0161n\u00e9m prohl\u00e1\u0161en\u00ed bylo uvedeno:<\/p>\n<p><strong><em>&#8222;Americk\u00e9 aspirace na postupn\u00e9 roz\u0161i\u0159ov\u00e1n\u00ed NATO k hranic\u00edm Rusk\u00e9 federace vy\u00fastily ve sc\u00e9n\u00e1\u0159 s nep\u0159edv\u00eddateln\u00fdmi d\u016fsledky, kter\u00fdm bylo mo\u017en\u00e9 se vyhnout.&#8220;<\/em><\/strong><\/p>\n<p>Kuba prohl\u00e1sila, \u017ee je nemo\u017en\u00e9 p\u0159esn\u011b a poctiv\u011b analyzovat sou\u010dasnou situaci na Ukrajin\u011b bez zohledn\u011bn\u00ed legitimn\u00edch po\u017eadavk\u016f Ruska na USA a NATO.\u00a0Zem\u011b vyzvala ke zv\u00e1\u017een\u00ed faktor\u016f, kter\u00e9 vedly k pou\u017eit\u00ed s\u00edly a poru\u0161en\u00ed z\u00e1sad mezin\u00e1rodn\u00edho pr\u00e1va.<\/p>\n<p>Kuba ozna\u010dila za chybu ignorovat bezpe\u010dnostn\u00ed po\u017eadavky Moskvy a v\u011b\u0159it, \u017ee Rusko <strong>\u201ez\u016fstane bezbrann\u00e9 tv\u00e1\u0159\u00ed v tv\u00e1\u0159 p\u0159\u00edm\u00e9mu ohro\u017een\u00ed sv\u00e9 n\u00e1rodn\u00ed bezpe\u010dnosti\u201c<\/strong>.\u00a0Je nemo\u017en\u00e9 dos\u00e1hnout m\u00edru p\u0159i obkl\u00ed\u010den\u00ed jin\u00fdch st\u00e1t\u016f:<\/p>\n<p><strong><em>&#8222;Rusko m\u00e1 pr\u00e1vo se br\u00e1nit.&#8220;<\/em><\/strong><\/p>\n<p>Kub\u00e1nsk\u00e1 vl\u00e1da obvinila Spojen\u00e9 st\u00e1ty z pou\u017e\u00edv\u00e1n\u00ed dvoj\u00edch standard\u016f.\u00a0Pouk\u00e1zala na jugosl\u00e1vskou v\u00e1lku v roce 1999 s mnoha tragick\u00fdmi osudy, ve kter\u00e9 USA a NATO napadly a rozsekaly tuto evropskou zemi, aby dos\u00e1hly sv\u00fdch geopolitick\u00fdch c\u00edl\u016f.<\/p>\n<p><strong><em>&#8222;USA a n\u011bkte\u0159\u00ed spojenci opakovan\u011b pou\u017eili s\u00edlu, napadli suver\u00e9nn\u00ed st\u00e1ty, aby provedli zm\u011bnu re\u017eimu, a zasahovali do vnit\u0159n\u00edch z\u00e1le\u017eitost\u00ed jin\u00fdch n\u00e1rod\u016f, kter\u00e9 se nepod\u0159izuj\u00ed z\u00e1jm\u016fm americk\u00e9 dominance a br\u00e1n\u00ed svou vlastn\u00ed nez\u00e1vislost a \u00fazemn\u00ed celistvost.&#8220;<\/em><\/strong><\/p>\n<p>D\u011bjiny po\u017eenou americkou vl\u00e1du k odpov\u011bdnosti za d\u016fsledky ofenzivn\u00ed vojensk\u00e9 doktr\u00edny mimo hranice NATO, kter\u00e1 ohro\u017euje sv\u011btov\u00fd m\u00edr, bezpe\u010dnost a stabilitu.\u00a0Kuba poprv\u00e9 v historii vyj\u00e1d\u0159ila sv\u00e9 znepokojen\u00ed nad rozhodnut\u00edm NATO aktivovat sv\u00e9 z\u00e1vazkov\u00e9 pl\u00e1ny.<\/p>\n<p>Kuba z\u00e1rove\u0148 vyj\u00e1d\u0159ila \u017e\u00e1dost o diplomatick\u00e9 \u0159e\u0161en\u00ed krize. Hluboce litujeme civiln\u00edch \u00famrt\u00ed na Ukrajin\u011b.\u00a0S odkazem na n\u00e1vrh rezoluce, kterou Rusko v p\u00e1tek zablokovalo v Rad\u011b bezpe\u010dnosti OSN, Kuba uvedla, \u017ee tento dokument nijak re\u00e1ln\u011b nep\u0159isp\u011bl k hled\u00e1n\u00ed mo\u017en\u00fdch \u0159e\u0161en\u00ed krize. Dokument\u00a0byl nevyv\u00e1\u017een\u00fd a ne\u0159e\u0161il opr\u00e1vn\u011bn\u00e9 obavy v\u0161ech z\u00fa\u010dastn\u011bn\u00fdch stran. N\u00e1vrh rezoluce p\u0159itom nebral ohled na odpov\u011bdnost t\u011bch, jejich\u017e agresivn\u00ed \u010diny umo\u017enily eskalaci konfliktu.<\/p>\n<p><img decoding=\"async\" loading=\"lazy\" class=\"alignnone size-full wp-image-1185\" src=\"http:\/\/www.infokuryr.cz\/n\/wp-content\/uploads\/2021\/04\/kuryr-podpis.png\" alt=\"\" width=\"84\" height=\"24\" \/><\/p>\n<p>&nbsp;<\/p>\n<p>&nbsp;<\/p>\n<p>&nbsp;<\/p>\n","protected":false},"excerpt":{"rendered":"<p>Kuba je p\u0159esv\u011bd\u010den\u00e1, \u017ee obavy Ruska z expanze NATO na v\u00fdchod jsou opr\u00e1vn\u011bn\u00e9. Vl\u00e1da v&#8230;<\/p>\n","protected":false},"author":2,"featured_media":8683,"comment_status":"closed","ping_status":"closed","sticky":false,"template":"","format":"standard","meta":[],"categories":[7],"tags":[371,135,39,22,26,37],"_links":{"self":[{"href":"https:\/\/www.infokuryr.cz\/n\/wp-json\/wp\/v2\/posts\/8682"}],"collection":[{"href":"https:\/\/www.infokuryr.cz\/n\/wp-json\/wp\/v2\/posts"}],"about":[{"href":"https:\/\/www.infokuryr.cz\/n\/wp-json\/wp\/v2\/types\/post"}],"author":[{"embeddable":true,"href":"https:\/\/www.infokuryr.cz\/n\/wp-json\/wp\/v2\/users\/2"}],"replies":[{"embeddable":true,"href":"https:\/\/www.infokuryr.cz\/n\/wp-json\/wp\/v2\/comments?post=8682"}],"version-history":[{"count":0,"href":"https:\/\/www.infokuryr.cz\/n\/wp-json\/wp\/v2\/posts\/8682\/revisions"}],"wp:featuredmedia":[{"embeddable":true,"href":"https:\/\/www.infokuryr.cz\/n\/wp-json\/wp\/v2\/media\/8683"}],"wp:attachment":[{"href":"https:\/\/www.infokuryr.cz\/n\/wp-json\/wp\/v2\/media?parent=8682"}],"wp:term":[{"taxonomy":"category","embeddable":true,"href":"https:\/\/www.infokuryr.cz\/n\/wp-json\/wp\/v2\/categories?post=8682"},{"taxonomy":"post_tag","embeddable":true,"href":"https:\/\/www.infokuryr.cz\/n\/wp-json\/wp\/v2\/tags?post=8682"}],"curies":[{"name":"wp","href":"https:\/\/api.w.org\/{rel}","templated":true}]}}