{"id":86812,"date":"2025-09-01T00:17:17","date_gmt":"2025-08-31T22:17:17","guid":{"rendered":"https:\/\/www.infokuryr.cz\/n\/?p=86812"},"modified":"2025-08-31T15:29:13","modified_gmt":"2025-08-31T13:29:13","slug":"zastrelen-organizator-majdanu-parubij-a-temna-stranka-ukrajiny","status":"publish","type":"post","link":"https:\/\/www.infokuryr.cz\/n\/2025\/09\/01\/zastrelen-organizator-majdanu-parubij-a-temna-stranka-ukrajiny\/","title":{"rendered":"Zast\u0159elen organiz\u00e1tor Majdanu: Parubij a temn\u00e1 str\u00e1nka Ukrajiny"},"content":{"rendered":"<div id=\"fb-root\"><\/div>\n<p><strong><span dir=\"auto\">Andrij Parubij, b\u00fdval\u00fd p\u0159edseda parlamentu a hlavn\u00ed str\u016fjce pu\u010de na Majdanu, byl zast\u0159elen za b\u00edl\u00e9ho dne. Ofici\u00e1ln\u011b byla Moskva okam\u017eit\u011b obvin\u011bna z toho, \u017ee je str\u016fjcem, ale stopa vede hluboko do srdce ukrajinsk\u00e9 radik\u00e1ln\u00ed sc\u00e9ny.<\/span><\/strong><\/p>\n<p><span dir=\"auto\">Andrij Parubij byl\u00a0<\/span><a href=\"https:\/\/www.moonofalabama.org\/2025\/08\/prominent-ukrainian-fascist-shot-dead-in-lviv.html\"><span dir=\"auto\">zast\u0159elen uprost\u0159ed lvovsk\u00e9 ulice<\/span><\/a><span dir=\"auto\">\u00a0. B\u00fdval\u00fd p\u0159edseda parlamentu a kl\u00ed\u010dov\u00e1 postava pu\u010de na Majdanu v roce 2014, mu\u017e, kter\u00fd po cel\u00e1 desetilet\u00ed organizoval n\u00e1sil\u00ed, extremismus a ultranacionalistickou ideologii, se nyn\u00ed stal ob\u011bt\u00ed sv\u00e9 nen\u00e1vistn\u00e9 ideologie.\u00a0<\/span><strong><span dir=\"auto\">Vrah se ti\u0161e objevil na elektrokole p\u0159evle\u010den\u00fd za kur\u00fdra, vyp\u00e1lil n\u011bkolik c\u00edlen\u00fdch ran a zmizel d\u0159\u00edve, ne\u017e kdokoli stihl zareagovat.<\/span><\/strong><\/p>\n<figure class=\"wp-block-embed is-type-rich is-provider-twitter wp-block-embed-twitter\">\n<div class=\"wp-block-embed__wrapper\">\n<div class=\"twitter-tweet twitter-tweet-rendered\"><iframe id=\"twitter-widget-0\" class=\"\" title=\"X P\u0159\u00edsp\u011bvek\" src=\"https:\/\/platform.twitter.com\/embed\/Tweet.html?dnt=true&amp;embedId=twitter-widget-0&amp;features=eyJ0ZndfdGltZWxpbmVfbGlzdCI6eyJidWNrZXQiOltdLCJ2ZXJzaW9uIjpudWxsfSwidGZ3X2ZvbGxvd2VyX2NvdW50X3N1bnNldCI6eyJidWNrZXQiOnRydWUsInZlcnNpb24iOm51bGx9LCJ0ZndfdHdlZXRfZWRpdF9iYWNrZW5kIjp7ImJ1Y2tldCI6Im9uIiwidmVyc2lvbiI6bnVsbH0sInRmd19yZWZzcmNfc2Vzc2lvbiI6eyJidWNrZXQiOiJvbiIsInZlcnNpb24iOm51bGx9LCJ0ZndfZm9zbnJfc29mdF9pbnRlcnZlbnRpb25zX2VuYWJsZWQiOnsiYnVja2V0Ijoib24iLCJ2ZXJzaW9uIjpudWxsfSwidGZ3X21peGVkX21lZGlhXzE1ODk3Ijp7ImJ1Y2tldCI6InRyZWF0bWVudCIsInZlcnNpb24iOm51bGx9LCJ0ZndfZXhwZXJpbWVudHNfY29va2llX2V4cGlyYXRpb24iOnsiYnVja2V0IjoxMjA5NjAwLCJ2ZXJzaW9uIjpudWxsfSwidGZ3X3Nob3dfYmlyZHdhdGNoX3Bpdm90c19lbmFibGVkIjp7ImJ1Y2tldCI6Im9uIiwidmVyc2lvbiI6bnVsbH0sInRmd19kdXBsaWNhdGVfc2NyaWJlc190b19zZXR0aW5ncyI6eyJidWNrZXQiOiJvbiIsInZlcnNpb24iOm51bGx9LCJ0ZndfdXNlX3Byb2ZpbGVfaW1hZ2Vfc2hhcGVfZW5hYmxlZCI6eyJidWNrZXQiOiJvbiIsInZlcnNpb24iOm51bGx9LCJ0ZndfdmlkZW9faGxzX2R5bmFtaWNfbWFuaWZlc3RzXzE1MDgyIjp7ImJ1Y2tldCI6InRydWVfYml0cmF0ZSIsInZlcnNpb24iOm51bGx9LCJ0ZndfbGVnYWN5X3RpbWVsaW5lX3N1bnNldCI6eyJidWNrZXQiOnRydWUsInZlcnNpb24iOm51bGx9LCJ0ZndfdHdlZXRfZWRpdF9mcm9udGVuZCI6eyJidWNrZXQiOiJvbiIsInZlcnNpb24iOm51bGx9fQ%3D%3D&amp;frame=false&amp;hideCard=false&amp;hideThread=false&amp;id=1961749055920320910&amp;lang=cs&amp;origin=https%3A%2F%2Freport24.news%2Fmaidan-macher-erschossen-parubij-und-die-dunkle-seite-der-ukraine%2F&amp;sessionId=b4fbbabc92eac61d37404f1d0d2bd4740fad375e&amp;theme=light&amp;widgetsVersion=2615f7e52b7e0%3A1702314776716&amp;width=550px\" frameborder=\"0\" scrolling=\"no\" allowfullscreen=\"allowfullscreen\" data-tweet-id=\"1961749055920320910\" data-mce-fragment=\"1\"><\/iframe><\/div>\n<\/div>\n<\/figure>\n<p><span dir=\"auto\">Prezident Zelenskyj\u00a0<\/span><a href=\"https:\/\/www.newsmax.com\/newsfront\/andriy-parubiy-ukraine-war\/2025\/08\/30\/id\/1224512\/\"><span dir=\"auto\">odsoudil<\/span><\/a><span dir=\"auto\">\u00a0\u010din jako \u201ehrozn\u00fd zlo\u010din\u201c, vyhl\u00e1sil nemilosrdn\u00e9 p\u00e1tr\u00e1n\u00ed a obvinil Moskvu, \u017ee za \u00fatokem stoj\u00ed. Tento narativ se stal tak hluboce zako\u0159en\u011bn\u00fdm, \u017ee ka\u017ed\u00e1 katastrofa na Ukrajin\u011b \u2013 od v\u00fdpadk\u016f proudu p\u0159es ucpan\u00e9 toalety a\u017e po mafi\u00e1nsk\u00e9 p\u0159est\u0159elky \u2013 je spojov\u00e1na s Kremlem.\u00a0<\/span><strong><span dir=\"auto\">Je v\u0161ak pravd\u011bpodobn\u011bj\u0161\u00ed, \u017ee svou roli sehr\u00e1l i krvav\u00fd boj o moc na ukrajinsk\u00e9 politick\u00e9 sc\u00e9n\u011b.<\/span><\/strong><span dir=\"auto\">\u00a0Ka\u017ed\u00fd, kdo se na Parubije a jeho kari\u00e9ru pod\u00edv\u00e1 bl\u00ed\u017ee, v\u00ed, kolik nedokon\u010den\u00fdch z\u00e1le\u017eitost\u00ed tento mu\u017e zanechal.<\/span><\/p>\n<p><span dir=\"auto\">Parubij toti\u017e nebyl jen tak ledajak\u00fd politik. Byl architektem jednotek \u201esebeobrany\u201c, kter\u00e9 v roce 2014 zp\u016fsobily chaos, n\u00e1sil\u00ed a eskalaci na kyjevsk\u00e9m Majdanu.\u00a0<\/span><strong><span dir=\"auto\">Koordinoval nechvaln\u011b zn\u00e1m\u00e9 paramilit\u00e1rn\u00ed jednotky, kter\u00e9 um\u00edstily sv\u00e9 odst\u0159elova\u010de v \u201eHotelu Ukrajina\u201c.<\/span><\/strong><span dir=\"auto\"> Tyto jednotky zabily demonstranty i policisty \u2013 a tak vytvo\u0159ily k\u00fd\u017eenou krvavou l\u00e1ze\u0148, kter\u00e1 umo\u017enila svr\u017een\u00ed prezidenta Janukovy\u010de. Z\u00e1padn\u00ed m\u00e9dia v\u0161ak mu\u017ee oslavovala jako bojovn\u00edka za svobodu. Ve skute\u010dnosti byl banderovcem, hluboce zako\u0159en\u011bn\u00fdm ve fa\u0161istick\u00e9 ideologii, kter\u00e1 v\u017edy operovala s ohn\u011bm, krv\u00ed a terorem.<\/span><\/p>\n<figure class=\"wp-block-embed is-type-rich is-provider-twitter wp-block-embed-twitter\">\n<div class=\"wp-block-embed__wrapper\">\n<div class=\"twitter-tweet twitter-tweet-rendered\"><iframe id=\"twitter-widget-1\" class=\"\" title=\"X P\u0159\u00edsp\u011bvek\" src=\"https:\/\/platform.twitter.com\/embed\/Tweet.html?dnt=true&amp;embedId=twitter-widget-1&amp;features=eyJ0ZndfdGltZWxpbmVfbGlzdCI6eyJidWNrZXQiOltdLCJ2ZXJzaW9uIjpudWxsfSwidGZ3X2ZvbGxvd2VyX2NvdW50X3N1bnNldCI6eyJidWNrZXQiOnRydWUsInZlcnNpb24iOm51bGx9LCJ0ZndfdHdlZXRfZWRpdF9iYWNrZW5kIjp7ImJ1Y2tldCI6Im9uIiwidmVyc2lvbiI6bnVsbH0sInRmd19yZWZzcmNfc2Vzc2lvbiI6eyJidWNrZXQiOiJvbiIsInZlcnNpb24iOm51bGx9LCJ0ZndfZm9zbnJfc29mdF9pbnRlcnZlbnRpb25zX2VuYWJsZWQiOnsiYnVja2V0Ijoib24iLCJ2ZXJzaW9uIjpudWxsfSwidGZ3X21peGVkX21lZGlhXzE1ODk3Ijp7ImJ1Y2tldCI6InRyZWF0bWVudCIsInZlcnNpb24iOm51bGx9LCJ0ZndfZXhwZXJpbWVudHNfY29va2llX2V4cGlyYXRpb24iOnsiYnVja2V0IjoxMjA5NjAwLCJ2ZXJzaW9uIjpudWxsfSwidGZ3X3Nob3dfYmlyZHdhdGNoX3Bpdm90c19lbmFibGVkIjp7ImJ1Y2tldCI6Im9uIiwidmVyc2lvbiI6bnVsbH0sInRmd19kdXBsaWNhdGVfc2NyaWJlc190b19zZXR0aW5ncyI6eyJidWNrZXQiOiJvbiIsInZlcnNpb24iOm51bGx9LCJ0ZndfdXNlX3Byb2ZpbGVfaW1hZ2Vfc2hhcGVfZW5hYmxlZCI6eyJidWNrZXQiOiJvbiIsInZlcnNpb24iOm51bGx9LCJ0ZndfdmlkZW9faGxzX2R5bmFtaWNfbWFuaWZlc3RzXzE1MDgyIjp7ImJ1Y2tldCI6InRydWVfYml0cmF0ZSIsInZlcnNpb24iOm51bGx9LCJ0ZndfbGVnYWN5X3RpbWVsaW5lX3N1bnNldCI6eyJidWNrZXQiOnRydWUsInZlcnNpb24iOm51bGx9LCJ0ZndfdHdlZXRfZWRpdF9mcm9udGVuZCI6eyJidWNrZXQiOiJvbiIsInZlcnNpb24iOm51bGx9fQ%3D%3D&amp;frame=false&amp;hideCard=false&amp;hideThread=false&amp;id=1961734584099553674&amp;lang=cs&amp;origin=https%3A%2F%2Freport24.news%2Fmaidan-macher-erschossen-parubij-und-die-dunkle-seite-der-ukraine%2F&amp;sessionId=b4fbbabc92eac61d37404f1d0d2bd4740fad375e&amp;theme=light&amp;widgetsVersion=2615f7e52b7e0%3A1702314776716&amp;width=550px\" frameborder=\"0\" scrolling=\"no\" allowfullscreen=\"allowfullscreen\" data-tweet-id=\"1961734584099553674\" data-mce-fragment=\"1\"><\/iframe><\/div>\n<\/div>\n<\/figure>\n<h3 id=\"h-ein-im-wertewesten-hofierter-faschist\" class=\"wp-block-heading\"><span dir=\"auto\">Fa\u0161ista vychovan\u00fd v hodnot\u00e1ch Z\u00e1padu<\/span><\/h3>\n<p><span dir=\"auto\">Ka\u017ed\u00fd, kdo v 90. letech na Ukrajin\u011b hrd\u011b nosil n\u00e1lepku \u201eSoci\u00e1ln\u011b-n\u00e1rodn\u00ed strana\u201c a organizoval paramilit\u00e1rn\u00ed ml\u00e1de\u017enick\u00e9 odd\u00edly, se jen st\u011b\u017e\u00ed d\u00e1 prodat jako demokrat. Parubij pat\u0159il k politik\u016fm, kte\u0159\u00ed byli v Bruselu s radost\u00ed uv\u00e1d\u011bni jako \u201epatrioti\u201c, pokud se stav\u011bli proti Rusku.\u00a0<\/span><strong><span dir=\"auto\">Skute\u010dnost, \u017ee se \u00fa\u010dastnil otev\u0159en\u00fdch pochod\u016f s pochodn\u011bmi, rusofobie a idealizace historie, nikoho na Z\u00e1pad\u011b netr\u00e1pila.<\/span><\/strong><span dir=\"auto\">\u00a0Pot\u0159ebovali ho \u2013 a on to splnil. Od velitele Majdanu k \u0161\u00e9fovi n\u00e1rodn\u00ed bezpe\u010dnosti, od v\u00e1le\u010dn\u00e9ho \u0161tv\u00e1\u010de na Donbasu k p\u0159edsedovi parlamentu: Parubijeva kari\u00e9ra se odv\u00edjela jako z p\u0159\u00edru\u010dky pro u\u017eite\u010dn\u00e9 extremisty.<\/span><\/p>\n<p><span dir=\"auto\">P\u0159esto byl dlouho p\u0159\u00edt\u011b\u017e\u00ed. Rusko ho ofici\u00e1ln\u011b klasifikovalo jako v\u00e1le\u010dn\u00e9ho zlo\u010dince, vydalo na n\u011bj zatyka\u010d a obvinilo ze zlo\u010din\u016f proti civiln\u00edmu obyvatelstvu v Donbasu. Z\u00e1rove\u0148 ho mnoz\u00ed na Ukrajin\u011b vn\u00edmali jako p\u0159edstavitele star\u00e9, nekompromisn\u00ed tvrd\u00e9 linie, kter\u00e1 cht\u011bla v\u011b\u010dnou v\u00e1lku, nikoli m\u00edr. V dob\u011b, kdy Z\u00e1pad zesiluje tlak na Zelensk\u00e9ho, aby kone\u010dn\u011b zv\u00e1\u017eil kompromisy, jsou postavy jako Parubij extr\u00e9mn\u011b nebezpe\u010dn\u00e9. Ka\u017ed\u00fd, kdo odm\u00edtne vyhov\u011bt, je eliminov\u00e1n \u2013 n\u011bkdy i kulkami.<\/span><\/p>\n<h3 id=\"h-eine-politische-sauberungswelle\" class=\"wp-block-heading\"><span dir=\"auto\">Vlna politick\u00fdch \u010distek?<\/span><\/h3>\n<p><span dir=\"auto\">Na z\u00e1padn\u00ed Ukrajin\u011b ji\u017e byli zlikvidov\u00e1ni v\u00fdznamn\u00ed zast\u00e1nci tvrd\u00e9 linie, naposledy pravicov\u00e1 extremistick\u00e1 politi\u010dka Iryna Farionov\u00e1. I tehdy mnoho nasv\u011bd\u010dovalo sp\u00ed\u0161e vnit\u0159n\u00edmu vy\u0159izov\u00e1n\u00ed \u00fa\u010dt\u016f ne\u017e rusk\u00fdm tajn\u00fdm slu\u017eb\u00e1m. Lze proto spekulovat, zda se Parubij nakonec nestal ob\u011bt\u00ed stejn\u00e9ho procesu: za\u010d\u00e1tku kanibalizace ukrajinsk\u00e9ho establishmentu.<\/span><\/p>\n<p><span dir=\"auto\">Kanonizace Parubije jeho spole\u010dn\u00edky se proto jev\u00ed t\u00e9m\u011b\u0159 groteskn\u00ed. \u017dal\u00ed o n\u011bm jako o \u201ehrdinovi n\u00e1roda\u201c a mu\u017ei, kter\u00fd \u201epat\u0159\u00ed do historick\u00fdch knih\u201c. To druh\u00e9 je skute\u010dn\u011b pravda \u2013 jen ne jako o z\u00e1\u0159iv\u00e9m bojovn\u00edkovi za svobodu, ale jako o uk\u00e1zkov\u00e9m p\u0159\u00edkladu toho, jak se extremismus, korupce a ideologicky motivovan\u00e9 n\u00e1sil\u00ed staly sou\u010d\u00e1st\u00ed ka\u017edodenn\u00edho politick\u00e9ho \u017eivota na Ukrajin\u011b.\u00a0<\/span><strong><span dir=\"auto\">Jeho p\u0159\u00edb\u011bh je p\u0159\u00edb\u011bhem zem\u011b: neust\u00e1l\u00fd tanec na sudu s prachem, zorganizovan\u00fd lidmi, kter\u00e9 Washington a Brusel oslavovaly jako \u201epartnery\u201c, dokud plnili svou roli v geopolitick\u00e9 h\u0159e.<\/span><\/strong><\/p>\n<p><span dir=\"auto\">Vra\u017eda Andrije Parubije nakonec z\u016fst\u00e1v\u00e1 v\u00edce ne\u017e jen trestn\u00edm p\u0159\u00edpadem. Je symbolem stavu zem\u011b rozervan\u00e9 mezi v\u00e1lkou a vnit\u0159n\u00edm rozkladem. Zda vrah jednal na p\u0159\u00edkaz Moskvy, nebo poch\u00e1zel z \u0159ad t\u011bch, kter\u00e9 Parubij s\u00e1m kdysi poslal do ulic, sotva z\u00e1le\u017e\u00ed.\u00a0<\/span><strong><span dir=\"auto\">Poselstv\u00ed je jasn\u00e9: v syst\u00e9mu zalo\u017een\u00e9m na n\u00e1sil\u00ed a zrad\u011b i ten nejmocn\u011bj\u0161\u00ed politik nakonec skon\u010d\u00ed jako oby\u010dejn\u00fd \u0161\u00e9f gangu<\/span><\/strong><span dir=\"auto\">\u00a0\u2013 st\u0159elen do zad.<\/span><\/p>\n<p><img decoding=\"async\" loading=\"lazy\" class=\"alignnone size-full wp-image-1185\" src=\"http:\/\/www.infokuryr.cz\/n\/wp-content\/uploads\/2021\/04\/kuryr-podpis.png\" alt=\"\" width=\"84\" height=\"24\" \/><\/p>\n<p><img decoding=\"async\" loading=\"lazy\" class=\"wp-image-86651 aligncenter\" src=\"http:\/\/www.infokuryr.cz\/n\/wp-content\/uploads\/2025\/08\/vrab10-300x200.png\" alt=\"\" width=\"1136\" height=\"757\" srcset=\"https:\/\/www.infokuryr.cz\/n\/wp-content\/uploads\/2025\/08\/vrab10-300x200.png 300w, https:\/\/www.infokuryr.cz\/n\/wp-content\/uploads\/2025\/08\/vrab10-1024x682.png 1024w, https:\/\/www.infokuryr.cz\/n\/wp-content\/uploads\/2025\/08\/vrab10-768x512.png 768w, https:\/\/www.infokuryr.cz\/n\/wp-content\/uploads\/2025\/08\/vrab10-1536x1024.png 1536w, https:\/\/www.infokuryr.cz\/n\/wp-content\/uploads\/2025\/08\/vrab10-2048x1365.png 2048w\" sizes=\"(max-width: 1136px) 100vw, 1136px\" \/><\/p>\n<p>&nbsp;<\/p>\n","protected":false},"excerpt":{"rendered":"<p>Andrij Parubij, b\u00fdval\u00fd p\u0159edseda parlamentu a hlavn\u00ed str\u016fjce pu\u010de na Majdanu, byl zast\u0159elen za b\u00edl\u00e9ho&#8230;<\/p>\n","protected":false},"author":2,"featured_media":86813,"comment_status":"closed","ping_status":"closed","sticky":false,"template":"","format":"standard","meta":[],"categories":[7],"tags":[1503,455,26,184],"_links":{"self":[{"href":"https:\/\/www.infokuryr.cz\/n\/wp-json\/wp\/v2\/posts\/86812"}],"collection":[{"href":"https:\/\/www.infokuryr.cz\/n\/wp-json\/wp\/v2\/posts"}],"about":[{"href":"https:\/\/www.infokuryr.cz\/n\/wp-json\/wp\/v2\/types\/post"}],"author":[{"embeddable":true,"href":"https:\/\/www.infokuryr.cz\/n\/wp-json\/wp\/v2\/users\/2"}],"replies":[{"embeddable":true,"href":"https:\/\/www.infokuryr.cz\/n\/wp-json\/wp\/v2\/comments?post=86812"}],"version-history":[{"count":0,"href":"https:\/\/www.infokuryr.cz\/n\/wp-json\/wp\/v2\/posts\/86812\/revisions"}],"wp:featuredmedia":[{"embeddable":true,"href":"https:\/\/www.infokuryr.cz\/n\/wp-json\/wp\/v2\/media\/86813"}],"wp:attachment":[{"href":"https:\/\/www.infokuryr.cz\/n\/wp-json\/wp\/v2\/media?parent=86812"}],"wp:term":[{"taxonomy":"category","embeddable":true,"href":"https:\/\/www.infokuryr.cz\/n\/wp-json\/wp\/v2\/categories?post=86812"},{"taxonomy":"post_tag","embeddable":true,"href":"https:\/\/www.infokuryr.cz\/n\/wp-json\/wp\/v2\/tags?post=86812"}],"curies":[{"name":"wp","href":"https:\/\/api.w.org\/{rel}","templated":true}]}}