{"id":86810,"date":"2025-09-01T00:15:11","date_gmt":"2025-08-31T22:15:11","guid":{"rendered":"https:\/\/www.infokuryr.cz\/n\/?p=86810"},"modified":"2025-08-31T16:18:28","modified_gmt":"2025-08-31T14:18:28","slug":"izrael-zlikvidoval-teroristicky-rezim-ansar-allah-v-jemenu","status":"publish","type":"post","link":"https:\/\/www.infokuryr.cz\/n\/2025\/09\/01\/izrael-zlikvidoval-teroristicky-rezim-ansar-allah-v-jemenu\/","title":{"rendered":"Izrael zlikvidoval teroristick\u00fd re\u017eim Ansar All\u00e1h v Jemenu"},"content":{"rendered":"<div id=\"fb-root\"><\/div>\n<p><strong><span dir=\"auto\">Izrael zah\u00e1jil v Jemenu masivn\u00ed a p\u0159esn\u00fd \u00fatok proti veden\u00ed Ansar All\u00e1h, mezin\u00e1rodn\u011b zn\u00e1m\u00e9 jako \u201eH\u00fat\u00edov\u00e9\u201c. \u0160\u00editsk\u00e1 milice potvrdila, \u017ee p\u0159i c\u00edlen\u00e9m izraelsk\u00e9m n\u00e1letu byl zabit jej\u00ed premi\u00e9r Ahmed al-Rahawi a n\u011bkolik dal\u0161\u00edch vysoce postaven\u00fdch osobnost\u00ed.<\/span><\/strong><\/p>\n<p><span dir=\"auto\">Operace se konkr\u00e9tn\u011b zam\u011b\u0159ila na setk\u00e1n\u00ed vysoce postaven\u00fdch civiln\u00edch a vojensk\u00fdch v\u016fdc\u016f \u0161\u00editsk\u00fdch milic\u00ed podporovan\u00fdch \u00cdr\u00e1nem v San\u00e1. A\u010dkoli je ofici\u00e1ln\u00ed prohl\u00e1\u0161en\u00ed Ansar Allah tradi\u010dn\u011b dramatick\u00e9 a ideologicky motivovan\u00e9, neuv\u00e1d\u00ed p\u0159esn\u00fd po\u010det ob\u011bt\u00ed. Izrael na druhou stranu vydal jen m\u00e1lo diplomatick\u00fdch prohl\u00e1\u0161en\u00ed a m\u00edsto toho st\u0159\u00edzliv\u011b pouk\u00e1zal na \u00fasp\u011b\u0161n\u00e9 odstran\u011bn\u00ed teroristick\u00e9ho re\u017eimu, kter\u00fd se po l\u00e9ta jevil jako nedotknuteln\u00fd.<\/span><\/p>\n<figure class=\"wp-block-embed is-type-rich is-provider-twitter wp-block-embed-twitter\">\n<div class=\"wp-block-embed__wrapper\">\n<div class=\"twitter-tweet twitter-tweet-rendered\"><iframe id=\"twitter-widget-0\" class=\"\" title=\"X P\u0159\u00edsp\u011bvek\" src=\"https:\/\/platform.twitter.com\/embed\/Tweet.html?dnt=true&amp;embedId=twitter-widget-0&amp;features=eyJ0ZndfdGltZWxpbmVfbGlzdCI6eyJidWNrZXQiOltdLCJ2ZXJzaW9uIjpudWxsfSwidGZ3X2ZvbGxvd2VyX2NvdW50X3N1bnNldCI6eyJidWNrZXQiOnRydWUsInZlcnNpb24iOm51bGx9LCJ0ZndfdHdlZXRfZWRpdF9iYWNrZW5kIjp7ImJ1Y2tldCI6Im9uIiwidmVyc2lvbiI6bnVsbH0sInRmd19yZWZzcmNfc2Vzc2lvbiI6eyJidWNrZXQiOiJvbiIsInZlcnNpb24iOm51bGx9LCJ0ZndfZm9zbnJfc29mdF9pbnRlcnZlbnRpb25zX2VuYWJsZWQiOnsiYnVja2V0Ijoib24iLCJ2ZXJzaW9uIjpudWxsfSwidGZ3X21peGVkX21lZGlhXzE1ODk3Ijp7ImJ1Y2tldCI6InRyZWF0bWVudCIsInZlcnNpb24iOm51bGx9LCJ0ZndfZXhwZXJpbWVudHNfY29va2llX2V4cGlyYXRpb24iOnsiYnVja2V0IjoxMjA5NjAwLCJ2ZXJzaW9uIjpudWxsfSwidGZ3X3Nob3dfYmlyZHdhdGNoX3Bpdm90c19lbmFibGVkIjp7ImJ1Y2tldCI6Im9uIiwidmVyc2lvbiI6bnVsbH0sInRmd19kdXBsaWNhdGVfc2NyaWJlc190b19zZXR0aW5ncyI6eyJidWNrZXQiOiJvbiIsInZlcnNpb24iOm51bGx9LCJ0ZndfdXNlX3Byb2ZpbGVfaW1hZ2Vfc2hhcGVfZW5hYmxlZCI6eyJidWNrZXQiOiJvbiIsInZlcnNpb24iOm51bGx9LCJ0ZndfdmlkZW9faGxzX2R5bmFtaWNfbWFuaWZlc3RzXzE1MDgyIjp7ImJ1Y2tldCI6InRydWVfYml0cmF0ZSIsInZlcnNpb24iOm51bGx9LCJ0ZndfbGVnYWN5X3RpbWVsaW5lX3N1bnNldCI6eyJidWNrZXQiOnRydWUsInZlcnNpb24iOm51bGx9LCJ0ZndfdHdlZXRfZWRpdF9mcm9udGVuZCI6eyJidWNrZXQiOiJvbiIsInZlcnNpb24iOm51bGx9fQ%3D%3D&amp;frame=false&amp;hideCard=false&amp;hideThread=false&amp;id=1961540121666490870&amp;lang=cs&amp;origin=https%3A%2F%2Freport24.news%2Fisrael-loescht-ansar-allah-terrorregime-in-jemen-aus%2F&amp;sessionId=6b19e7edda6af369df7315352efb784058aa97cf&amp;theme=light&amp;widgetsVersion=2615f7e52b7e0%3A1702314776716&amp;width=550px\" frameborder=\"0\" scrolling=\"no\" allowfullscreen=\"allowfullscreen\" data-tweet-id=\"1961540121666490870\" data-mce-fragment=\"1\"><\/iframe><\/div>\n<\/div>\n<\/figure>\n<p><span dir=\"auto\">Je zaj\u00edmav\u00e9, \u017ee al-Rahawi byl zabit b\u011bhem rutinn\u00ed sch\u016fze, kter\u00e1 m\u011bla zhodnotit v\u00fdkon jeho vl\u00e1dy. Podle izraelsk\u00fdch zdroj\u016f byl al-Rahawi p\u0159\u00edtomen spolu s deseti dal\u0161\u00edmi vysok\u00fdmi \u00fa\u0159edn\u00edky, pravd\u011bpodobn\u011b v\u010detn\u011b ministra obrany Ansar Allah \u2013 co\u017e znamen\u00e1, \u017ee izraelsk\u00e1 arm\u00e1da mohla zlikvidovat t\u00e9m\u011b\u0159 cel\u00fd kabinet.<\/span><\/p>\n<p><span dir=\"auto\">Sn\u00edmky exploz\u00ed v hlavn\u00edm m\u011bst\u011b koluj\u00ed po cel\u00e9m sv\u011bt\u011b: ohniv\u00e9 koule, ho\u0159\u00edc\u00ed budovy, prezidentsk\u00fd pal\u00e1c v chaosu. Izrael nejednal z touhy po n\u00e1sil\u00ed, ale z pragmatick\u00e9 nutnosti. Po letech, kdy H\u00fat\u00edovsk\u00e9 milice mohly neru\u0161en\u011b operovat navzdory masivn\u00edmu bombardov\u00e1n\u00ed sa\u00fadskoarabsk\u00e9 koalice, USA a SAE, tento \u00fatok vys\u00edl\u00e1 jasn\u00fd sign\u00e1l: Ti, kdo blokuj\u00ed mezin\u00e1rodn\u00ed obchod, kdo vyv\u00e1\u017eej\u00ed teror a kdo dr\u017e\u00ed cel\u00fd region jako rukojm\u00ed, budou \u010delit d\u016fsledk\u016fm.<\/span><\/p>\n<figure class=\"wp-block-embed is-type-rich is-provider-twitter wp-block-embed-twitter\">\n<div class=\"wp-block-embed__wrapper\">\n<div class=\"twitter-tweet twitter-tweet-rendered\"><iframe id=\"twitter-widget-1\" class=\"\" title=\"X P\u0159\u00edsp\u011bvek\" src=\"https:\/\/platform.twitter.com\/embed\/Tweet.html?dnt=true&amp;embedId=twitter-widget-1&amp;features=eyJ0ZndfdGltZWxpbmVfbGlzdCI6eyJidWNrZXQiOltdLCJ2ZXJzaW9uIjpudWxsfSwidGZ3X2ZvbGxvd2VyX2NvdW50X3N1bnNldCI6eyJidWNrZXQiOnRydWUsInZlcnNpb24iOm51bGx9LCJ0ZndfdHdlZXRfZWRpdF9iYWNrZW5kIjp7ImJ1Y2tldCI6Im9uIiwidmVyc2lvbiI6bnVsbH0sInRmd19yZWZzcmNfc2Vzc2lvbiI6eyJidWNrZXQiOiJvbiIsInZlcnNpb24iOm51bGx9LCJ0ZndfZm9zbnJfc29mdF9pbnRlcnZlbnRpb25zX2VuYWJsZWQiOnsiYnVja2V0Ijoib24iLCJ2ZXJzaW9uIjpudWxsfSwidGZ3X21peGVkX21lZGlhXzE1ODk3Ijp7ImJ1Y2tldCI6InRyZWF0bWVudCIsInZlcnNpb24iOm51bGx9LCJ0ZndfZXhwZXJpbWVudHNfY29va2llX2V4cGlyYXRpb24iOnsiYnVja2V0IjoxMjA5NjAwLCJ2ZXJzaW9uIjpudWxsfSwidGZ3X3Nob3dfYmlyZHdhdGNoX3Bpdm90c19lbmFibGVkIjp7ImJ1Y2tldCI6Im9uIiwidmVyc2lvbiI6bnVsbH0sInRmd19kdXBsaWNhdGVfc2NyaWJlc190b19zZXR0aW5ncyI6eyJidWNrZXQiOiJvbiIsInZlcnNpb24iOm51bGx9LCJ0ZndfdXNlX3Byb2ZpbGVfaW1hZ2Vfc2hhcGVfZW5hYmxlZCI6eyJidWNrZXQiOiJvbiIsInZlcnNpb24iOm51bGx9LCJ0ZndfdmlkZW9faGxzX2R5bmFtaWNfbWFuaWZlc3RzXzE1MDgyIjp7ImJ1Y2tldCI6InRydWVfYml0cmF0ZSIsInZlcnNpb24iOm51bGx9LCJ0ZndfbGVnYWN5X3RpbWVsaW5lX3N1bnNldCI6eyJidWNrZXQiOnRydWUsInZlcnNpb24iOm51bGx9LCJ0ZndfdHdlZXRfZWRpdF9mcm9udGVuZCI6eyJidWNrZXQiOiJvbiIsInZlcnNpb24iOm51bGx9fQ%3D%3D&amp;frame=false&amp;hideCard=false&amp;hideThread=false&amp;id=1959617271317549531&amp;lang=cs&amp;origin=https%3A%2F%2Freport24.news%2Fisrael-loescht-ansar-allah-terrorregime-in-jemen-aus%2F&amp;sessionId=6b19e7edda6af369df7315352efb784058aa97cf&amp;theme=light&amp;widgetsVersion=2615f7e52b7e0%3A1702314776716&amp;width=550px\" frameborder=\"0\" scrolling=\"no\" allowfullscreen=\"allowfullscreen\" data-tweet-id=\"1959617271317549531\" data-mce-fragment=\"1\"><\/iframe><\/div>\n<\/div>\n<\/figure>\n<p><span dir=\"auto\">Reakce z Tel Avivu byla stejn\u011b jasn\u00e1 jako symbolick\u00e1. Ministr obrany Katz hovo\u0159il o \u201emoru prvorozen\u00fdch po temnot\u011b\u201c \u2013 biblick\u00e9m odkazu, kter\u00fd vyva\u017euje mor\u00e1ln\u00ed odhodl\u00e1n\u00ed a historick\u00e9 uv\u011bdom\u011bn\u00ed. Na rozd\u00edl od propagandy H\u00fat\u00ed\u016f, kter\u00e1 se ztr\u00e1c\u00ed v r\u00e9torice a p\u0159\u00edb\u011bz\u00edch o mu\u010dednictv\u00ed, Izrael zde prokazuje strategickou jasnost: Eliminace islamistick\u00fdch milic\u00ed nen\u00ed pomsta, ale bezpe\u010dnostn\u00ed opat\u0159en\u00ed pro cel\u00fd region.<\/span><\/p>\n<p><span dir=\"auto\">Ansar Allah se ji\u017e l\u00e9ta osv\u011bd\u010duje jako \u00edr\u00e1nsk\u00e1 z\u00e1stupn\u00e1 s\u00edla a py\u0161n\u00ed se svou odolnost\u00ed v\u016f\u010di n\u00e1let\u016fm. Tentokr\u00e1t v\u0161ak zv\u00edt\u011bzila p\u0159esnost, inteligence a ne\u00fastupn\u00e9 odhodl\u00e1n\u00ed Izraele. D\u016fsledky by mohly b\u00fdt dalekos\u00e1hl\u00e9: Z velk\u00e9 \u010d\u00e1sti zdecimovan\u00e9 veden\u00ed Ansar Allah by masivn\u011b oslabilo islamistick\u00e9 milice a alespo\u0148 do\u010dasn\u011b by sn\u00ed\u017eilo jejich schopnost jednat v Rud\u00e9m mo\u0159i.<\/span><\/p>\n<figure class=\"wp-block-embed is-type-rich is-provider-twitter wp-block-embed-twitter\">\n<div class=\"wp-block-embed__wrapper\">\n<div class=\"twitter-tweet twitter-tweet-rendered\"><iframe id=\"twitter-widget-2\" class=\"\" title=\"X P\u0159\u00edsp\u011bvek\" src=\"https:\/\/platform.twitter.com\/embed\/Tweet.html?dnt=true&amp;embedId=twitter-widget-2&amp;features=eyJ0ZndfdGltZWxpbmVfbGlzdCI6eyJidWNrZXQiOltdLCJ2ZXJzaW9uIjpudWxsfSwidGZ3X2ZvbGxvd2VyX2NvdW50X3N1bnNldCI6eyJidWNrZXQiOnRydWUsInZlcnNpb24iOm51bGx9LCJ0ZndfdHdlZXRfZWRpdF9iYWNrZW5kIjp7ImJ1Y2tldCI6Im9uIiwidmVyc2lvbiI6bnVsbH0sInRmd19yZWZzcmNfc2Vzc2lvbiI6eyJidWNrZXQiOiJvbiIsInZlcnNpb24iOm51bGx9LCJ0ZndfZm9zbnJfc29mdF9pbnRlcnZlbnRpb25zX2VuYWJsZWQiOnsiYnVja2V0Ijoib24iLCJ2ZXJzaW9uIjpudWxsfSwidGZ3X21peGVkX21lZGlhXzE1ODk3Ijp7ImJ1Y2tldCI6InRyZWF0bWVudCIsInZlcnNpb24iOm51bGx9LCJ0ZndfZXhwZXJpbWVudHNfY29va2llX2V4cGlyYXRpb24iOnsiYnVja2V0IjoxMjA5NjAwLCJ2ZXJzaW9uIjpudWxsfSwidGZ3X3Nob3dfYmlyZHdhdGNoX3Bpdm90c19lbmFibGVkIjp7ImJ1Y2tldCI6Im9uIiwidmVyc2lvbiI6bnVsbH0sInRmd19kdXBsaWNhdGVfc2NyaWJlc190b19zZXR0aW5ncyI6eyJidWNrZXQiOiJvbiIsInZlcnNpb24iOm51bGx9LCJ0ZndfdXNlX3Byb2ZpbGVfaW1hZ2Vfc2hhcGVfZW5hYmxlZCI6eyJidWNrZXQiOiJvbiIsInZlcnNpb24iOm51bGx9LCJ0ZndfdmlkZW9faGxzX2R5bmFtaWNfbWFuaWZlc3RzXzE1MDgyIjp7ImJ1Y2tldCI6InRydWVfYml0cmF0ZSIsInZlcnNpb24iOm51bGx9LCJ0ZndfbGVnYWN5X3RpbWVsaW5lX3N1bnNldCI6eyJidWNrZXQiOnRydWUsInZlcnNpb24iOm51bGx9LCJ0ZndfdHdlZXRfZWRpdF9mcm9udGVuZCI6eyJidWNrZXQiOiJvbiIsInZlcnNpb24iOm51bGx9fQ%3D%3D&amp;frame=false&amp;hideCard=false&amp;hideThread=false&amp;id=1961416169362973002&amp;lang=cs&amp;origin=https%3A%2F%2Freport24.news%2Fisrael-loescht-ansar-allah-terrorregime-in-jemen-aus%2F&amp;sessionId=6b19e7edda6af369df7315352efb784058aa97cf&amp;theme=light&amp;widgetsVersion=2615f7e52b7e0%3A1702314776716&amp;width=550px\" frameborder=\"0\" scrolling=\"no\" allowfullscreen=\"allowfullscreen\" data-tweet-id=\"1961416169362973002\" data-mce-fragment=\"1\"><\/iframe><\/div>\n<\/div>\n<\/figure>\n<p><span dir=\"auto\">Ansar Allah se pravd\u011bpodobn\u011b znovu vybuduje, jak v posledn\u00edch letech mnohokr\u00e1t dok\u00e1zala. R\u00e1na na vrchol jej\u00ed hierarchie je v\u0161ak jasn\u00fdm varov\u00e1n\u00edm, \u017ee nov\u00e9 veden\u00ed by mohlo b\u00fdt kdykoli eliminov\u00e1no, pokud bude pokra\u010dovat ve sv\u00e9m sou\u010dasn\u00e9m kurzu. Isl\u00e1m\u0161t\u00ed fanatici k tomu v\u0161ak pravd\u011bpodobn\u011b budou relativn\u011b lhostejn\u00ed, zejm\u00e9na proto, \u017ee jejich isl\u00e1msk\u00e1 ideologie jim slibuje r\u00e1j po \u201emu\u010dednictv\u00ed\u201c. S takov\u00fdmi fanatiky je nemo\u017en\u00e9 rozumn\u011b vyjedn\u00e1vat, jak je dob\u0159e zn\u00e1mo v Jeruzal\u00e9m\u011b. A tak n\u00e1stupci na vrcholu \u0161\u00editsk\u00e9 milice budou v\u017edy chodit s k\u0159\u00ed\u017ekem na \u010dele.<\/span><\/p>\n<p><img decoding=\"async\" loading=\"lazy\" class=\"alignnone size-full wp-image-1185\" src=\"http:\/\/www.infokuryr.cz\/n\/wp-content\/uploads\/2021\/04\/kuryr-podpis.png\" alt=\"\" width=\"84\" height=\"24\" \/><\/p>\n<p><img decoding=\"async\" loading=\"lazy\" class=\"wp-image-86651 aligncenter\" src=\"http:\/\/www.infokuryr.cz\/n\/wp-content\/uploads\/2025\/08\/vrab10-300x200.png\" alt=\"\" width=\"1146\" height=\"764\" srcset=\"https:\/\/www.infokuryr.cz\/n\/wp-content\/uploads\/2025\/08\/vrab10-300x200.png 300w, https:\/\/www.infokuryr.cz\/n\/wp-content\/uploads\/2025\/08\/vrab10-1024x682.png 1024w, https:\/\/www.infokuryr.cz\/n\/wp-content\/uploads\/2025\/08\/vrab10-768x512.png 768w, https:\/\/www.infokuryr.cz\/n\/wp-content\/uploads\/2025\/08\/vrab10-1536x1024.png 1536w, https:\/\/www.infokuryr.cz\/n\/wp-content\/uploads\/2025\/08\/vrab10-2048x1365.png 2048w\" sizes=\"(max-width: 1146px) 100vw, 1146px\" \/><\/p>\n<p>&nbsp;<\/p>\n","protected":false},"excerpt":{"rendered":"<p>Izrael zah\u00e1jil v Jemenu masivn\u00ed a p\u0159esn\u00fd \u00fatok proti veden\u00ed Ansar All\u00e1h, mezin\u00e1rodn\u011b zn\u00e1m\u00e9 jako&#8230;<\/p>\n","protected":false},"author":2,"featured_media":86811,"comment_status":"closed","ping_status":"closed","sticky":false,"template":"","format":"standard","meta":[],"categories":[7],"tags":[6184,107,1400,3535],"_links":{"self":[{"href":"https:\/\/www.infokuryr.cz\/n\/wp-json\/wp\/v2\/posts\/86810"}],"collection":[{"href":"https:\/\/www.infokuryr.cz\/n\/wp-json\/wp\/v2\/posts"}],"about":[{"href":"https:\/\/www.infokuryr.cz\/n\/wp-json\/wp\/v2\/types\/post"}],"author":[{"embeddable":true,"href":"https:\/\/www.infokuryr.cz\/n\/wp-json\/wp\/v2\/users\/2"}],"replies":[{"embeddable":true,"href":"https:\/\/www.infokuryr.cz\/n\/wp-json\/wp\/v2\/comments?post=86810"}],"version-history":[{"count":0,"href":"https:\/\/www.infokuryr.cz\/n\/wp-json\/wp\/v2\/posts\/86810\/revisions"}],"wp:featuredmedia":[{"embeddable":true,"href":"https:\/\/www.infokuryr.cz\/n\/wp-json\/wp\/v2\/media\/86811"}],"wp:attachment":[{"href":"https:\/\/www.infokuryr.cz\/n\/wp-json\/wp\/v2\/media?parent=86810"}],"wp:term":[{"taxonomy":"category","embeddable":true,"href":"https:\/\/www.infokuryr.cz\/n\/wp-json\/wp\/v2\/categories?post=86810"},{"taxonomy":"post_tag","embeddable":true,"href":"https:\/\/www.infokuryr.cz\/n\/wp-json\/wp\/v2\/tags?post=86810"}],"curies":[{"name":"wp","href":"https:\/\/api.w.org\/{rel}","templated":true}]}}