{"id":86808,"date":"2025-09-01T00:15:14","date_gmt":"2025-08-31T22:15:14","guid":{"rendered":"https:\/\/www.infokuryr.cz\/n\/?p=86808"},"modified":"2025-08-31T15:22:14","modified_gmt":"2025-08-31T13:22:14","slug":"znovuziskani-krasy-trump-chce-aby-federalni-budovy-byly-inspirativni","status":"publish","type":"post","link":"https:\/\/www.infokuryr.cz\/n\/2025\/09\/01\/znovuziskani-krasy-trump-chce-aby-federalni-budovy-byly-inspirativni\/","title":{"rendered":"Znovuz\u00edsk\u00e1n\u00ed kr\u00e1sy: Trump chce, aby feder\u00e1ln\u00ed budovy byly inspirativn\u00ed"},"content":{"rendered":"<div id=\"fb-root\"><\/div>\n<p><strong><span dir=\"auto\">Americk\u00fdm m\u011bst\u016fm st\u00e1le v\u00edce dominuj\u00ed \u0161ed\u00e9 betonov\u00e9 bloky, kter\u00e9 nevyza\u0159uj\u00ed ani kr\u00e1su, ani identitu. Donald Trump se nyn\u00ed pou\u0161t\u00ed do radik\u00e1ln\u00ed zm\u011bny kurzu: klasick\u00e1 architektura si klade za c\u00edl obnovit d\u016fstojn\u00e9, inspirativn\u00ed a rozpoznateln\u00e9 feder\u00e1ln\u00ed budovy. Krok, kter\u00fd se dot\u00fdk\u00e1 nejen Ameriky \u2013 N\u011bmecko a Rakousko si o tom mohly jen nechat zd\u00e1t.<\/span><\/strong><\/p>\n<p><span dir=\"auto\">Zat\u00edmco se z\u00e1padn\u00ed sv\u011bt rychle transformuje v dystopickou betonovou d\u017eungli, kde ka\u017ed\u00e1 modern\u00ed budova \u0161\u00ed\u0159\u00ed v\u00edce hr\u016fzy ne\u017e kr\u00e1sy, Donald Trump se odva\u017euje k kulturn\u011b-politick\u00e9mu kroku: Chce, aby se americk\u00e1 ve\u0159ejn\u00e1 architektura op\u011bt stala kr\u00e1snou. Podepsal v\u00fdkonn\u00fd p\u0159\u00edkaz s chytlav\u00fdm n\u00e1zvem \u201e\u00a0<\/span><a href=\"https:\/\/www.whitehouse.gov\/presidential-actions\/2025\/08\/making-federal-architecture-beautiful-again\/\"><span dir=\"auto\">Zkr\u00e1\u0161lit feder\u00e1ln\u00ed architekturu<\/span><\/a><span dir=\"auto\"> \u201c, kter\u00fd p\u0159edepisuje klasick\u00e9 a tradi\u010dn\u00ed architektonick\u00e9 styly pro feder\u00e1ln\u00ed budovy. To je jasn\u00fd sign\u00e1l proti brut\u00e1ln\u00edm betonov\u00fdm blok\u016fm modernismu, kter\u00e9 od 60. let 20. stolet\u00ed znetvo\u0159uj\u00ed m\u011bstskou krajinu americk\u00fdch m\u011bst.<\/span><\/p>\n<figure class=\"wp-block-embed is-type-rich is-provider-twitter wp-block-embed-twitter\">\n<div class=\"wp-block-embed__wrapper\">\n<div class=\"twitter-tweet twitter-tweet-rendered\"><iframe id=\"twitter-widget-0\" class=\"\" title=\"X P\u0159\u00edsp\u011bvek\" src=\"https:\/\/platform.twitter.com\/embed\/Tweet.html?dnt=true&amp;embedId=twitter-widget-0&amp;features=eyJ0ZndfdGltZWxpbmVfbGlzdCI6eyJidWNrZXQiOltdLCJ2ZXJzaW9uIjpudWxsfSwidGZ3X2ZvbGxvd2VyX2NvdW50X3N1bnNldCI6eyJidWNrZXQiOnRydWUsInZlcnNpb24iOm51bGx9LCJ0ZndfdHdlZXRfZWRpdF9iYWNrZW5kIjp7ImJ1Y2tldCI6Im9uIiwidmVyc2lvbiI6bnVsbH0sInRmd19yZWZzcmNfc2Vzc2lvbiI6eyJidWNrZXQiOiJvbiIsInZlcnNpb24iOm51bGx9LCJ0ZndfZm9zbnJfc29mdF9pbnRlcnZlbnRpb25zX2VuYWJsZWQiOnsiYnVja2V0Ijoib24iLCJ2ZXJzaW9uIjpudWxsfSwidGZ3X21peGVkX21lZGlhXzE1ODk3Ijp7ImJ1Y2tldCI6InRyZWF0bWVudCIsInZlcnNpb24iOm51bGx9LCJ0ZndfZXhwZXJpbWVudHNfY29va2llX2V4cGlyYXRpb24iOnsiYnVja2V0IjoxMjA5NjAwLCJ2ZXJzaW9uIjpudWxsfSwidGZ3X3Nob3dfYmlyZHdhdGNoX3Bpdm90c19lbmFibGVkIjp7ImJ1Y2tldCI6Im9uIiwidmVyc2lvbiI6bnVsbH0sInRmd19kdXBsaWNhdGVfc2NyaWJlc190b19zZXR0aW5ncyI6eyJidWNrZXQiOiJvbiIsInZlcnNpb24iOm51bGx9LCJ0ZndfdXNlX3Byb2ZpbGVfaW1hZ2Vfc2hhcGVfZW5hYmxlZCI6eyJidWNrZXQiOiJvbiIsInZlcnNpb24iOm51bGx9LCJ0ZndfdmlkZW9faGxzX2R5bmFtaWNfbWFuaWZlc3RzXzE1MDgyIjp7ImJ1Y2tldCI6InRydWVfYml0cmF0ZSIsInZlcnNpb24iOm51bGx9LCJ0ZndfbGVnYWN5X3RpbWVsaW5lX3N1bnNldCI6eyJidWNrZXQiOnRydWUsInZlcnNpb24iOm51bGx9LCJ0ZndfdHdlZXRfZWRpdF9mcm9udGVuZCI6eyJidWNrZXQiOiJvbiIsInZlcnNpb24iOm51bGx9fQ%3D%3D&amp;frame=false&amp;hideCard=false&amp;hideThread=false&amp;id=1961191680507314579&amp;lang=cs&amp;origin=https%3A%2F%2Freport24.news%2Fdie-rueckeroberung-der-schoenheit-trump-will-bundesgebaeude-inspirierend-machen%2F&amp;sessionId=5c71a8848d6b22d3d61653c90628af7af6814235&amp;theme=light&amp;widgetsVersion=2615f7e52b7e0%3A1702314776716&amp;width=550px\" frameborder=\"0\" scrolling=\"no\" allowfullscreen=\"allowfullscreen\" data-tweet-id=\"1961191680507314579\" data-mce-fragment=\"1\"><\/iframe><\/div>\n<\/div>\n<\/figure>\n<p><span dir=\"auto\">Trump se neh\u00e1d\u00e1 jen s estetikou, ale i s histori\u00ed. Otcov\u00e9 zakladatel\u00e9 Ameriky kladli velk\u00fd d\u016fraz na kr\u00e1su ve\u0159ejn\u00e9 architektury, p\u00ed\u0161e, a Washington a Jefferson si vybrali modely z Ath\u00e9n a \u0158\u00edma, aby inspirovali ob\u010dany a podpo\u0159ili smysl pro spole\u010denstv\u00ed. To byl standard po v\u00edce ne\u017e 150 let, ne\u017e se dostal na sc\u00e9nu beton a \u201emodern\u00ed\u201c architektonick\u00fd design. Ka\u017ed\u00fd, kdo dnes proch\u00e1z\u00ed washingtonskou vl\u00e1dn\u00ed \u010dtvrt\u00ed, vid\u00ed v\u00fdsledek: hranat\u00e9, chladn\u00e9 kolosy z \u0161ed\u00e9ho betonu, kter\u00e9 nect\u00ed ducha n\u00e1roda ani net\u011b\u0161\u00ed m\u00edstn\u00ed obyvatele.<\/span><\/p>\n<h3 id=\"h-schonheit-soll-inspirieren\" class=\"wp-block-heading\"><span dir=\"auto\">Kr\u00e1sa by m\u011bla inspirovat<\/span><\/h3>\n<p><span dir=\"auto\">V\u0161echny feder\u00e1ln\u00ed budovy, zejm\u00e9na ve Washingtonu, D.C., maj\u00ed b\u00fdt navr\u017eeny v klasick\u00e9m nebo tradi\u010dn\u00edm stylu, pokud v\u00fdjime\u010dn\u00e9 okolnosti nevy\u017eaduj\u00ed jinou architekturu. Pod toto pravidlo spadaj\u00ed projekty v hodnot\u011b 50 milion\u016f dolar\u016f a v\u00edce, zat\u00edmco infrastrukturn\u00ed projekty jsou z n\u011bj vy\u0148aty. Brutalismus, obl\u00edben\u00fd u pov\u00e1le\u010dn\u00fdch architekt\u016f, je nyn\u00ed pova\u017eov\u00e1n za minulost. Trump nenech\u00e1v\u00e1 nikoho na pochyb\u00e1ch: V\u011bt\u0161ina budov z 60. a\u017e 90. let 20. stolet\u00ed byla \u201eve\u0159ejnost\u00ed pova\u017eov\u00e1na za neatraktivn\u00ed\u201c a ani takzvan\u00fd program Design Excellence agentury GSA nedos\u00e1hl sv\u00e9ho c\u00edle, kter\u00fdm bylo demonstrovat d\u016fstojnost a stabilitu vl\u00e1dy prost\u0159ednictv\u00edm architektury.<\/span><\/p>\n<p><span dir=\"auto\">Tento krok je politick\u00fdm sign\u00e1lem proti aroganci architekt\u016f, kte\u0159\u00ed po cel\u00e1 desetilet\u00ed stav\u00ed podle vlastn\u00edch pravidel a ignoruj\u00ed m\u00edstn\u00ed identitu ani v\u016fli ob\u010dan\u016f. Mnoho feder\u00e1ln\u00edch budov dnes nelze rozpoznat jako ve\u0159ejn\u00e9 budovy ani v \u017e\u00e1dn\u00e9m p\u0159\u00edpad\u011b nereprezentuje spole\u010dnost, kter\u00e9 maj\u00ed slou\u017eit. Trump tak buduje most mezi politickou legitimitou a kulturn\u00ed identitou. To je n\u011bco, co si v Evrop\u011b, zejm\u00e9na v N\u011bmecku a Rakousku, kde se modernismus a konformita urbanistick\u00e9ho designu ji\u017e d\u00e1vno staly normou, lze jen t\u011b\u017eko p\u0159edstavit.<\/span><\/p>\n<p><span dir=\"auto\">Tento krok je tak\u00e9 jasnou v\u00fdtkou v\u016f\u010di Joe Bidenovi, kter\u00fd zru\u0161il podobn\u00e9 Trumpovo na\u0159\u00edzen\u00ed z roku 2020. Trumpa to neodrad\u00ed. V lednu podepsal memorandum, v n\u011bm\u017e pov\u011b\u0159il GSA p\u0159edlo\u017een\u00edm n\u00e1vrh\u016f na \u201ezkr\u00e1\u0161len\u00ed\u201c feder\u00e1ln\u00ed architektury. Nyn\u00ed vys\u00edl\u00e1 dal\u0161\u00ed zpr\u00e1vu: kr\u00e1sa nen\u00ed luxus, ale odpov\u011bdnost vl\u00e1dy. Ve Washingtonu, stejn\u011b jako v cel\u00e9 zemi, to znamen\u00e1 za\u010d\u00e1tek dlouh\u00e9ho boje proti \u0161ed\u00fdm sklen\u011bn\u00fdm a betonov\u00fdm monolit\u016fm.<\/span><\/p>\n<p><span dir=\"auto\">Pro Evropu nab\u00edz\u00ed Trumpova iniciativa provokativn\u00ed inspiraci. Ka\u017ed\u00fd, kdo se proch\u00e1z\u00ed centry n\u011bmeck\u00fdch nebo rakousk\u00fdch m\u011bst, pozn\u00e1, jak nemilosrdn\u011b modernita znetvo\u0159ila m\u011bsta funk\u010dn\u00edmi budovami, prosklen\u00fdmi krabicemi a \u0161ed\u00fdmi kancel\u00e1\u0159sk\u00fdmi budovami. C\u00edlen\u00fd tlak na o\u017eiven\u00ed klasick\u00e9 a tradi\u010dn\u00ed architektury by mohl zachr\u00e1nit ve\u0159ejn\u00fd prostor a nastartovat kulturn\u00ed renesanci, kter\u00e1 p\u0159esahuje pouh\u00e1 plan\u00e1 slova nebo ochranu pam\u00e1tek.<\/span><\/p>\n<p><img decoding=\"async\" loading=\"lazy\" class=\"alignnone size-full wp-image-1185\" src=\"http:\/\/www.infokuryr.cz\/n\/wp-content\/uploads\/2021\/04\/kuryr-podpis.png\" alt=\"\" width=\"84\" height=\"24\" \/><\/p>\n<p><img decoding=\"async\" loading=\"lazy\" class=\"wp-image-86651 aligncenter\" src=\"http:\/\/www.infokuryr.cz\/n\/wp-content\/uploads\/2025\/08\/vrab10-300x200.png\" alt=\"\" width=\"1164\" height=\"776\" srcset=\"https:\/\/www.infokuryr.cz\/n\/wp-content\/uploads\/2025\/08\/vrab10-300x200.png 300w, https:\/\/www.infokuryr.cz\/n\/wp-content\/uploads\/2025\/08\/vrab10-1024x682.png 1024w, https:\/\/www.infokuryr.cz\/n\/wp-content\/uploads\/2025\/08\/vrab10-768x512.png 768w, https:\/\/www.infokuryr.cz\/n\/wp-content\/uploads\/2025\/08\/vrab10-1536x1024.png 1536w, https:\/\/www.infokuryr.cz\/n\/wp-content\/uploads\/2025\/08\/vrab10-2048x1365.png 2048w\" sizes=\"(max-width: 1164px) 100vw, 1164px\" \/><\/p>\n<p>&nbsp;<\/p>\n","protected":false},"excerpt":{"rendered":"<p>Americk\u00fdm m\u011bst\u016fm st\u00e1le v\u00edce dominuj\u00ed \u0161ed\u00e9 betonov\u00e9 bloky, kter\u00e9 nevyza\u0159uj\u00ed ani kr\u00e1su, ani identitu. Donald&#8230;<\/p>\n","protected":false},"author":2,"featured_media":86809,"comment_status":"closed","ping_status":"closed","sticky":false,"template":"","format":"standard","meta":[],"categories":[7],"tags":[3649,3932,452,37],"_links":{"self":[{"href":"https:\/\/www.infokuryr.cz\/n\/wp-json\/wp\/v2\/posts\/86808"}],"collection":[{"href":"https:\/\/www.infokuryr.cz\/n\/wp-json\/wp\/v2\/posts"}],"about":[{"href":"https:\/\/www.infokuryr.cz\/n\/wp-json\/wp\/v2\/types\/post"}],"author":[{"embeddable":true,"href":"https:\/\/www.infokuryr.cz\/n\/wp-json\/wp\/v2\/users\/2"}],"replies":[{"embeddable":true,"href":"https:\/\/www.infokuryr.cz\/n\/wp-json\/wp\/v2\/comments?post=86808"}],"version-history":[{"count":0,"href":"https:\/\/www.infokuryr.cz\/n\/wp-json\/wp\/v2\/posts\/86808\/revisions"}],"wp:featuredmedia":[{"embeddable":true,"href":"https:\/\/www.infokuryr.cz\/n\/wp-json\/wp\/v2\/media\/86809"}],"wp:attachment":[{"href":"https:\/\/www.infokuryr.cz\/n\/wp-json\/wp\/v2\/media?parent=86808"}],"wp:term":[{"taxonomy":"category","embeddable":true,"href":"https:\/\/www.infokuryr.cz\/n\/wp-json\/wp\/v2\/categories?post=86808"},{"taxonomy":"post_tag","embeddable":true,"href":"https:\/\/www.infokuryr.cz\/n\/wp-json\/wp\/v2\/tags?post=86808"}],"curies":[{"name":"wp","href":"https:\/\/api.w.org\/{rel}","templated":true}]}}