{"id":86799,"date":"2025-08-31T04:38:15","date_gmt":"2025-08-31T02:38:15","guid":{"rendered":"https:\/\/www.infokuryr.cz\/n\/?p=86799"},"modified":"2025-08-31T04:38:15","modified_gmt":"2025-08-31T02:38:15","slug":"izrael-nasel-nejvyssi-velitele-iranu-pote-co-hackl-telefony-jejich-osobnich-strazcu","status":"publish","type":"post","link":"https:\/\/www.infokuryr.cz\/n\/2025\/08\/31\/izrael-nasel-nejvyssi-velitele-iranu-pote-co-hackl-telefony-jejich-osobnich-strazcu\/","title":{"rendered":"Izrael na\u0161el nejvy\u0161\u0161\u00ed velitele \u00cdr\u00e1nu pot\u00e9, co hackl telefony jejich osobn\u00edch str\u00e1\u017ec\u016f"},"content":{"rendered":"<div id=\"fb-root\"><\/div>\n<p><strong><span dir=\"auto\">Izrael dok\u00e1zal b\u011bhem dvan\u00e1ctidenn\u00ed v\u00e1lky sledovat a c\u00edlit na vysok\u00e9 \u00edr\u00e1nsk\u00e9 politick\u00e9 p\u0159edstavitele, vojensk\u00e9 velitele a jadern\u00e9 v\u011bdce hackov\u00e1n\u00edm telefon\u016f jejich osobn\u00edch str\u00e1\u017ec\u016f a \u0159idi\u010d\u016f,\u00a0informoval 30. srpna\u00a0<\/span><a href=\"https:\/\/www.nytimes.com\/2025\/08\/30\/us\/politics\/israel-iran-assassination.html\"><span dir=\"auto\">den\u00edk The New York Times s odvol\u00e1n\u00edm na n\u011bkolik \u00edr\u00e1nsk\u00fdch a izraelsk\u00fdch p\u0159edstavitel\u016f.<\/span><\/a><\/strong><\/p>\n<p><span dir=\"auto\">V\u00e1lka vypukla 13. \u010dervna, kdy Izrael zah\u00e1jil p\u0159ekvapiv\u00fd \u00fatok proti \u00edr\u00e1nsk\u00e9mu jadern\u00e9mu programu. Boje skon\u010dily, kdy\u017e bylo 24. \u010dervna n\u00e1hle vyhl\u00e1\u0161eno p\u0159\u00edm\u011b\u0159\u00ed, pouh\u00e9 dva dny pot\u00e9, co se USA p\u0159ipojily k Izraeli a za\u00fato\u010dily na t\u0159i kl\u00ed\u010dov\u00e1 jadern\u00e1 za\u0159\u00edzen\u00ed v Isl\u00e1msk\u00e9 republice.<\/span><\/p>\n<p><span dir=\"auto\">Podle zpr\u00e1vy si byl \u00cdr\u00e1n v\u011bdom izraelsk\u00fdch pl\u00e1n\u016f na zabit\u00ed vysok\u00fdch \u00fa\u0159edn\u00edk\u016f a pos\u00edlil jejich bezpe\u010dnost. T\u00edm v\u0161ak nev\u011bdomky umo\u017enil Izraeli sledovat a c\u00edlit na tyto vysok\u00e9 \u00fa\u0159edn\u00edky.<\/span><\/p>\n<p><em><span dir=\"auto\">\u201eV\u00edme, \u017ee vysoc\u00ed \u00fa\u0159edn\u00edci a velitel\u00e9 u sebe nenosili telefony, ale jejich partne\u0159i, \u010dlenov\u00e9 ostrahy a \u0159idi\u010di telefony m\u011bli, nebrali bezpe\u010dnostn\u00ed opat\u0159en\u00ed v\u00e1\u017en\u011b a t\u00edmto zp\u016fsobem byla v\u011bt\u0161ina z nich vystopov\u00e1na,\u201c \u0159ekl listu NYT Sasan Karimi, b\u00fdval\u00fd viceprezident pro strategii v sou\u010dasn\u00e9 \u00edr\u00e1nsk\u00e9 vl\u00e1d\u011b a nyn\u00ed politick\u00fd analytik a p\u0159edn\u00e1\u0161ej\u00edc\u00ed na Teher\u00e1nsk\u00e9 univerzit\u011b.<\/span><\/em><\/p>\n<p><span dir=\"auto\">Str\u00e1\u017ee nejen\u017ee st\u00e1le nosily telefony, ale tak\u00e9 je pou\u017e\u00edvaly k publikov\u00e1n\u00ed p\u0159\u00edsp\u011bvk\u016f na soci\u00e1ln\u00edch s\u00edt\u00edch, \u0159ekl novin\u00e1m izraelsk\u00fd p\u0159edstavitel obrany.<\/span><\/p>\n<p><em><span dir=\"auto\">\u201ePou\u017e\u00edv\u00e1n\u00ed tolika bodyguard\u016f je slabina, kterou jsme jim vnucovali, a toho jsme dok\u00e1zali vyu\u017e\u00edt,\u201c \u0159ekl \u00fa\u0159edn\u00edk.<\/span><\/em><\/p>\n<p><span dir=\"auto\">B\u011bhem v\u00e1lky bylo zavra\u017ed\u011bno v\u00edce ne\u017e 30 vysok\u00fdch \u00edr\u00e1nsk\u00fdch vojensk\u00fdch velitel\u016f a asi tucet p\u0159edn\u00edch jadern\u00fdch v\u011bdc\u016f Isl\u00e1msk\u00e9 republiky.<\/span><\/p>\n<p><span dir=\"auto\">Izrael pozd\u011bji odhalil, \u017ee tyto vra\u017edy byly sou\u010d\u00e1st\u00ed operace s kryc\u00edm n\u00e1zvem \u201eRud\u00e1 svatba\u201c, nechvaln\u011b zn\u00e1m\u00e9 sc\u00e9ny z kni\u017en\u00ed s\u00e9rie \u201eP\u00edse\u0148 ledu a ohn\u011b\u201c a seri\u00e1lu HBO \u201eHra o tr\u016fny\u201c, v n\u00ed\u017e bylo p\u0159i p\u0159ekvapiv\u00e9m \u00fatoku zabito n\u011bkolik hlavn\u00edch postav.<\/span><\/p>\n<p><span dir=\"auto\">Prvn\u00edm c\u00edlem byl brig\u00e1dn\u00ed gener\u00e1l Amir Ali Hajizadeh, velitel Vzdu\u0161no-leteck\u00fdch sil Sboru isl\u00e1msk\u00fdch revolu\u010dn\u00edch gard, \u0159ekl izraelsk\u00fd \u00fa\u0159edn\u00edk listu NYT. Hajizadeh shrom\u00e1\u017edil sv\u00e9 vy\u0161\u0161\u00ed \u0161t\u00e1b k mimo\u0159\u00e1dn\u00e9 v\u00e1le\u010dn\u00e9 porad\u011b. V\u0161ichni byli n\u00e1sledn\u011b p\u0159i izraelsk\u00e9m \u00faderu eliminov\u00e1ni.<\/span><\/p>\n<p><span dir=\"auto\">Po prvn\u00ed vln\u011b atent\u00e1t\u016f dostali str\u00e1\u017ee rozkaz nosit pouze vys\u00edla\u010dky. Zpr\u00e1va v\u0161ak uv\u00e1d\u00ed, \u017ee nejm\u00e9n\u011b v jednom p\u0159\u00edpad\u011b str\u00e1\u017ee poru\u0161ily rozkazy, co\u017e Izraeli umo\u017enilo znovu zam\u011b\u0159it se na politick\u00e9 v\u016fdce. Tento \u00fatok nakonec minul zam\u00fd\u0161len\u00e9 c\u00edle. Velmi pravd\u011bpodobn\u011b to byl ten, p\u0159i kter\u00e9m byl prezident Mas\u00fad Peze\u0161kijan lehce zran\u011bn.<\/span><\/p>\n<p><span dir=\"auto\">Dvan\u00e1ctidenn\u00ed v\u00e1lka odhalila z\u00e1va\u017en\u00e9 bezpe\u010dnostn\u00ed probl\u00e9my v \u00cdr\u00e1nu. Isl\u00e1msk\u00e1 republika od t\u00e9 doby zatkla mnoho podez\u0159el\u00fdch \u0161pion\u016f. N\u011bkte\u0159\u00ed byli dokonce odsouzeni za pr\u00e1ci pro Izrael a popraveni. Nicm\u00e9n\u011b zat\u00edm nen\u00ed jasn\u00e9, zda v r\u00e1mci bezpe\u010dnostn\u00edho apar\u00e1tu prob\u00edhaly hlub\u0161\u00ed reformy.<\/span><\/p>\n<p><span dir=\"auto\">Isl\u00e1msk\u00e1 republika se bude muset zab\u00fdvat z\u00e1kladn\u00edmi p\u0159\u00ed\u010dinami t\u011bchto probl\u00e9m\u016f, i kdyby to vy\u017eadovalo p\u0159ijet\u00ed drastick\u00fdch opat\u0159en\u00ed, kter\u00e1 nemus\u00ed b\u00fdt popul\u00e1rn\u00ed u t\u011bch ve vy\u0161\u0161\u00edch \u0159ad\u00e1ch vl\u00e1dy nebo ve\u0159ejnosti.<\/span><\/p>\n<p><img decoding=\"async\" loading=\"lazy\" class=\"alignnone size-full wp-image-1185\" src=\"http:\/\/www.infokuryr.cz\/n\/wp-content\/uploads\/2021\/04\/kuryr-podpis.png\" alt=\"\" width=\"84\" height=\"24\" \/><\/p>\n<p><img decoding=\"async\" loading=\"lazy\" class=\"wp-image-86651 aligncenter\" src=\"http:\/\/www.infokuryr.cz\/n\/wp-content\/uploads\/2025\/08\/vrab10-300x200.png\" alt=\"\" width=\"1095\" height=\"730\" srcset=\"https:\/\/www.infokuryr.cz\/n\/wp-content\/uploads\/2025\/08\/vrab10-300x200.png 300w, https:\/\/www.infokuryr.cz\/n\/wp-content\/uploads\/2025\/08\/vrab10-1024x682.png 1024w, https:\/\/www.infokuryr.cz\/n\/wp-content\/uploads\/2025\/08\/vrab10-768x512.png 768w, https:\/\/www.infokuryr.cz\/n\/wp-content\/uploads\/2025\/08\/vrab10-1536x1024.png 1536w, https:\/\/www.infokuryr.cz\/n\/wp-content\/uploads\/2025\/08\/vrab10-2048x1365.png 2048w\" sizes=\"(max-width: 1095px) 100vw, 1095px\" \/><\/p>\n<p>&nbsp;<\/p>\n","protected":false},"excerpt":{"rendered":"<p>Izrael dok\u00e1zal b\u011bhem dvan\u00e1ctidenn\u00ed v\u00e1lky sledovat a c\u00edlit na vysok\u00e9 \u00edr\u00e1nsk\u00e9 politick\u00e9 p\u0159edstavitele, vojensk\u00e9 velitele&#8230;<\/p>\n","protected":false},"author":2,"featured_media":86800,"comment_status":"closed","ping_status":"closed","sticky":false,"template":"","format":"standard","meta":[],"categories":[7],"tags":[38,107,1146],"_links":{"self":[{"href":"https:\/\/www.infokuryr.cz\/n\/wp-json\/wp\/v2\/posts\/86799"}],"collection":[{"href":"https:\/\/www.infokuryr.cz\/n\/wp-json\/wp\/v2\/posts"}],"about":[{"href":"https:\/\/www.infokuryr.cz\/n\/wp-json\/wp\/v2\/types\/post"}],"author":[{"embeddable":true,"href":"https:\/\/www.infokuryr.cz\/n\/wp-json\/wp\/v2\/users\/2"}],"replies":[{"embeddable":true,"href":"https:\/\/www.infokuryr.cz\/n\/wp-json\/wp\/v2\/comments?post=86799"}],"version-history":[{"count":0,"href":"https:\/\/www.infokuryr.cz\/n\/wp-json\/wp\/v2\/posts\/86799\/revisions"}],"wp:featuredmedia":[{"embeddable":true,"href":"https:\/\/www.infokuryr.cz\/n\/wp-json\/wp\/v2\/media\/86800"}],"wp:attachment":[{"href":"https:\/\/www.infokuryr.cz\/n\/wp-json\/wp\/v2\/media?parent=86799"}],"wp:term":[{"taxonomy":"category","embeddable":true,"href":"https:\/\/www.infokuryr.cz\/n\/wp-json\/wp\/v2\/categories?post=86799"},{"taxonomy":"post_tag","embeddable":true,"href":"https:\/\/www.infokuryr.cz\/n\/wp-json\/wp\/v2\/tags?post=86799"}],"curies":[{"name":"wp","href":"https:\/\/api.w.org\/{rel}","templated":true}]}}