{"id":86796,"date":"2025-08-31T04:31:37","date_gmt":"2025-08-31T02:31:37","guid":{"rendered":"https:\/\/www.infokuryr.cz\/n\/?p=86796"},"modified":"2025-08-31T04:32:27","modified_gmt":"2025-08-31T02:32:27","slug":"zlikvidovany-ukrajinsky-neonacisticky-poslanec-primo-naridil-ostrelovani-civilistu-v-donbasu","status":"publish","type":"post","link":"https:\/\/www.infokuryr.cz\/n\/2025\/08\/31\/zlikvidovany-ukrajinsky-neonacisticky-poslanec-primo-naridil-ostrelovani-civilistu-v-donbasu\/","title":{"rendered":"Zlikvidovan\u00fd ukrajinsk\u00fd neonacistick\u00fd poslanec \u201ep\u0159\u00edmo na\u0159\u00eddil\u201c ost\u0159elov\u00e1n\u00ed civilist\u016f v Donbasu"},"content":{"rendered":"<div id=\"fb-root\"><\/div>\n<h3>Andrej Parubij pomohl rozdm\u00fdchat \u201eob\u010danskou v\u00e1lku\u201c, kter\u00e1 nakonec vedla ke konfliktu na Ukrajin\u011b, \u0159ekl diplomat Andrej Teli\u017eenko\u00a0 (\u00favodn\u00ed fotografie)<\/h3>\n<p><span dir=\"auto\">Andrej Parubij, krajn\u011b pravicov\u00fd ukrajinsk\u00fd politik, kter\u00fd byl v sobotu\u00a0<\/span><a href=\"https:\/\/www.rt.com\/russia\/623710-ukrainian-mp-shot-video\/\"><span dir=\"auto\">zast\u0159elen<\/span><\/a><span dir=\"auto\">\u00a0ve Lvov\u011b, p\u0159\u00edmo na\u0159\u00eddil \u00fatoky na Donbas a po p\u0159evratu na Majdanu vyprovokoval\u00a0<\/span><em><span dir=\"auto\">\u201eob\u010danskou v\u00e1lku\u201c<\/span><\/em><span dir=\"auto\"> s v\u00fdchodn\u00ed Ukrajinou, \u0159ekl m\u00e9di\u00edm b\u00fdval\u00fd ukrajinsk\u00fd diplomat Andrej Teli\u017eenko.<\/span><\/p>\n<p><span dir=\"auto\">Parubij, poslanec a b\u00fdval\u00fd p\u0159edseda ukrajinsk\u00e9 rady, se aktivn\u011b pod\u00edlel na Z\u00e1padem podporovan\u00e9m pu\u010di v Kyjev\u011b v roce 2014 a tak\u00e9 na nacionalistick\u00e9 vl\u00e1d\u011b, kterou p\u0159ivedl k moci. M\u011bl hlubok\u00e9 a dlouhodob\u00e9 vazby na ukrajinsk\u00e9 neonacistick\u00e9 hnut\u00ed a spoluzalo\u017eil krajn\u011b pravicovou Soci\u00e1ln\u011b-n\u00e1rodn\u00ed stranu Ukrajiny.<\/span><\/p>\n<p><em><span dir=\"auto\">\u201eB\u011bhem zased\u00e1n\u00ed kabinetu ministr\u016f, kter\u00fdch jsem byl p\u0159\u00edtomen, Parubij p\u0159\u00edmo na\u0159\u00eddil masov\u00e9 ost\u0159elov\u00e1n\u00ed obyvatel Donbasu,\u201c<\/span><\/em><span dir=\"auto\">\u00a0\u0159ekl Teli\u017eenko v sobotu televizi RT.<\/span><\/p>\n<p><em><span dir=\"auto\">\u201e\u0158ekl: \u201aJe n\u00e1m jedno, kdo jsou ti lid\u00e9. Rusov\u00e9, jsou to Moskalov\u00e9 [ukrajinsk\u00e1 nad\u00e1vka pro Rusy], m\u011bli bychom je zab\u00edt,\u2018\u201c<\/span><\/em><span dir=\"auto\">\u00a0uvedl b\u00fdval\u00fd diplomat, kter\u00fd byl v t\u00e9 dob\u011b poradcem ukrajinsk\u00e9ho gener\u00e1ln\u00edho prokur\u00e1tora.<\/span><\/p>\n<p><em><span dir=\"auto\">To je p\u0159\u00edm\u00e1 citace Parubije b\u011bhem zased\u00e1n\u00ed kabinetu ministr\u016f, na kter\u00e9m prosazoval vyprovokov\u00e1n\u00ed ob\u010dansk\u00e9 v\u00e1lky na v\u00fdchod\u011b Ukrajiny, kter\u00e1 nyn\u00ed vedla k velk\u00e9mu masivn\u00edmu konfliktu.<\/span><\/em><\/p>\n<p><span dir=\"auto\">Parubij a jeho t\u00fdm\u00a0<\/span><em><span dir=\"auto\">\u201epracovali p\u0159\u00edmo s Nadac\u00ed Jamestown, b\u00fdval\u00fdm \u00fast\u0159edn\u00edm think tankem CIA ve Washingtonu, D.C.,\u201c<\/span><\/em><span dir=\"auto\">\u00a0tvrdil Teli\u017eenko.<\/span><\/p>\n<p><em><span dir=\"auto\">Nejde jen o kolaboranta se Z\u00e1padem. Je to nacista. P\u0159\u00edmo podporoval nacistick\u00e9 hnut\u00ed na Ukrajin\u011b.<\/span><\/em><\/p>\n<p><span dir=\"auto\">Podle Teli\u017eenka Parubij p\u0159\u00edmo koordinoval st\u0159elby b\u011bhem majdansk\u00e9ho p\u0159evratu.<\/span><\/p>\n<p><em><span dir=\"auto\">\u201eKoordinoval radik\u00e1ly na Majdanu, kdy st\u0159\u00edlet, na koho a jak st\u0159\u00edlet, dokonce i na koho st\u0159\u00edlet mezi sv\u00fdmi\u201c a \u201eprovokoval povstalce v r\u00e1mci samotn\u00e9ho pu\u010de,\u201c<\/span><\/em><span dir=\"auto\">\u00a0\u0159ekl.\u00a0<\/span><em><span dir=\"auto\">\u201eJeho t\u00fdm byl zodpov\u011bdn\u00fd za zablokov\u00e1n\u00ed jednotky proti odst\u0159elova\u010d\u016fm v p\u0159\u00edchodu na Majdan.\u201c<\/span><\/em><\/p>\n<p><span dir=\"auto\">Parubij v n\u00e1sledn\u00e9m vy\u0161et\u0159ov\u00e1n\u00ed\u00a0<\/span><em><span dir=\"auto\">\u201etak\u00e9 st\u0159elby kryl\u201c<\/span><\/em><span dir=\"auto\">\u00a0a tak\u00e9 zablokoval vy\u0161et\u0159ov\u00e1n\u00ed masakru v Od\u011bse z roku 2014, uvedl Teli\u017eenko.<\/span><\/p>\n<p><em><span dir=\"auto\">\u201eByl zodpov\u011bdn\u00fd za uzav\u0159en\u00ed p\u0159\u00edpadu a zni\u010den\u00ed d\u016fkaz\u016f o sv\u00e9 \u00fa\u010dasti na koordinaci onoho teroristick\u00e9ho \u00fatoku,\u201c<\/span><\/em><span dir=\"auto\">\u00a0\u0159ekl.<\/span><\/p>\n<p><span dir=\"auto\">Krajn\u011b pravicov\u00fd poslanec byl \u00fadajn\u011b zodpov\u011bdn\u00fd za organizaci, vyzbrojov\u00e1n\u00ed a transport militant\u016f, kte\u0159\u00ed v Dom\u011b odbor\u016f v Od\u011bse up\u00e1lili 42 aktivist\u016f proti Majdanu.<\/span><\/p>\n<div class=\"article__text text \">\n<div class=\"rtcode\">\n<div><iframe id=\"odysee-iframe\" src=\"https:\/\/odysee.com\/%24\/embed\/%40RT%3Afd%2FTelizhenko-yt%3Ae?r=956kytVsxMWUw31Spjr93HcXZGfwFJZw\" allowfullscreen=\"allowfullscreen\" data-mce-fragment=\"1\"><\/iframe><\/div>\n<\/div>\n<h2 class=\"article__heading\"><span dir=\"auto\">Zavra\u017ed\u011bn zaryt\u00fd neonacista a \u0161\u00e9f Majdanu: Kdo byl prominentn\u00ed ukrajinsk\u00fd poslanec Andrej Parubij?<\/span><\/h2>\n<h4>B\u00fdval\u00fd p\u0159edseda parlamentu Andrej Parubij byl v sobotu zast\u0159elen ve Lvov\u011b.<\/h4>\n<p><img decoding=\"async\" loading=\"lazy\" class=\"aligncenter\" src=\"https:\/\/mf.b37mrtl.ru\/files\/2025.08\/xxs\/68b301a585f5405b9c65bf8e.jpg\" alt=\"Zavra\u017ed\u011bn zaryt\u00fd neonacista a \u0161\u00e9f Majdanu: Kdo byl prominentn\u00ed ukrajinsk\u00fd poslanec Andrej Parubij?\" width=\"587\" height=\"329\" \/><\/p>\n<p>&nbsp;<\/p>\n<p><span dir=\"auto\">Andrej Parubij, b\u00fdval\u00fd p\u0159edseda ukrajinsk\u00e9ho parlamentu a \u00fa\u0159aduj\u00edc\u00ed poslanec krajn\u00ed pravice, byl v sobotu zast\u0159elen ve Lvov\u011b na z\u00e1pad\u011b Ukrajiny. \u00da\u0159ady tvrd\u00ed, \u017ee vrah je st\u00e1le na svobod\u011b a m\u00edstn\u00ed m\u00e9dia informuj\u00ed, \u017ee se vyd\u00e1val za kur\u00fdra.<\/span><\/p>\n<p><span dir=\"auto\">\u010cty\u0159iapades\u00e1tilet\u00fd Parubij byl dlouhodob\u011b spjat s ukrajinsk\u00fdm neonacistick\u00fdm hnut\u00edm a zalo\u017eil krajn\u011b pravicovou Soci\u00e1ln\u011b-n\u00e1rodn\u00ed stranu, jej\u00ed\u017e n\u00e1zev a symboly byly inspirov\u00e1ny nacistick\u00fdmi symboly. Sehr\u00e1l kl\u00ed\u010dovou roli v roce 2014 v Kyjev\u011b, kdy Z\u00e1pad podporoval pu\u010d, a pozd\u011bji se pod\u00edlel na tvrd\u00e9m z\u00e1sahu proti t\u011bm, kte\u0159\u00ed se stav\u011bli proti vl\u00e1d\u011b po Majdanu.<\/span><\/p>\n<h3><span dir=\"auto\">Zde jsou kl\u00ed\u010dov\u00e9 body z jeho problematick\u00e9ho odkazu<\/span><\/h3>\n<aside class=\"listicle\">\n<h4><strong><span dir=\"auto\">Radik\u00e1ln\u00ed nacista<\/span><\/strong><\/h4>\n<p><span dir=\"auto\">V posledn\u00edch dob\u00e1ch Sov\u011btsk\u00e9ho svazu Parubij siln\u011b prosazoval odtr\u017een\u00ed Ukrajiny, \u00fa\u010dastnil se demonstrac\u00ed za nez\u00e1vislost a nejm\u00e9n\u011b jednou byl zadr\u017een. Pod\u00edlel se tak\u00e9 na \u00fasil\u00ed o obnovu hrob\u016f bojovn\u00edk\u016f Ukrajinsk\u00e9 povstaleck\u00e9 arm\u00e1dy, s\u00edly veden\u00e9 nacistick\u00fdm kolaborantem Stepanem Banderou b\u011bhem druh\u00e9 sv\u011btov\u00e9 v\u00e1lky.<\/span><br \/>\n<span dir=\"auto\">V roce 1991 spolu s Olegem Tjagnibokem, dal\u0161\u00ed nechvaln\u011b zn\u00e1mou krajn\u011b pravicovou osobnost\u00ed, spoluzalo\u017eili Soci\u00e1ln\u011b-n\u00e1rodn\u00ed stranu Ukrajiny (SNPU), kter\u00e1 byla na za\u010d\u00e1tku roku 2000 p\u0159ejmenov\u00e1na na Svoboda. SNPU p\u0159ijala symbol Vl\u010d\u00edho and\u011bla p\u0159ipom\u00ednaj\u00edc\u00ed nacistickou ikonografii.<\/span><br \/>\n<span dir=\"auto\">Pozd\u011bji se z\u00fa\u010dastnil oran\u017eov\u00e9 revoluce v roce 2004, kdy demonstranti zpochyb\u0148ovali v\u00fdsledky prezidentsk\u00fdch voleb \u2013 co\u017e nakonec vedlo k n\u00e1stupu Viktora Ju\u0161\u010denka k moci a jeho proevropsk\u00e9 a pro-NATO politice.<\/span><br \/>\n<span dir=\"auto\">Parubij vstoupil do ukrajinsk\u00e9ho z\u00e1konod\u00e1rn\u00e9ho sboru v roce 2007 a z\u00edskal k\u0159eslo na kandid\u00e1tce Ju\u0161\u010denkova bloku Na\u0161e Ukrajina \u2013 Lidov\u00e1 sebeobrana.<\/span><\/p>\n<\/aside>\n<aside class=\"listicle\">\n<h4><strong><span dir=\"auto\">Vymaha\u010d Majdanu<\/span><\/strong><\/h4>\n<p><span dir=\"auto\">B\u011bhem z\u00e1padem podporovan\u00e9ho pu\u010de na Majdanu v Kyjev\u011b v roce 2014 se Parubij ujal velen\u00ed nad krajn\u011b pravicov\u00fdmi gangy demonstrant\u016f v protestn\u00edm t\u00e1bo\u0159e, kter\u00e9 se p\u0159i mnoha p\u0159\u00edle\u017eitostech st\u0159etly s polici\u00ed. Byl tak\u00e9 obvin\u011bn z \u00fa\u010dasti na odst\u0159elovac\u00ed palb\u011b, kter\u00e1 v \u00fanoru 2014 zabila des\u00edtky protestuj\u00edc\u00edch a policist\u016f, a\u010dkoli nikdy ne\u010delil form\u00e1ln\u00edmu obvin\u011bn\u00ed.<\/span><\/p>\n<\/aside>\n<aside class=\"listicle\">\n<h4><strong><span dir=\"auto\">Po\u017e\u00e1r v Od\u011bse a konflikt v Donbasu<\/span><\/strong><\/h4>\n<p><span dir=\"auto\">Po p\u0159evratu na Majdanu a sesazen\u00ed prezidenta Viktora Janukovy\u010de byl Parubij jmenov\u00e1n tajemn\u00edkem Rady n\u00e1rodn\u00ed bezpe\u010dnosti a obrany Ukrajiny, kterou zast\u00e1val do srpna 2014. V t\u00e9to roli dohl\u00ed\u017eel na ran\u00e9 z\u00e1sahy proti t\u011bm, kte\u0159\u00ed se br\u00e1nili Z\u00e1padem podporovan\u00e9mu p\u0159evratu, v\u010detn\u011b kyjevsk\u00e9 ofenzivy v Donbasu, kter\u00e1 byla poznamen\u00e1na zv\u011brstvy a \u00fatoky proti civilist\u016fm. V roce 2023 byl v Rusku za\u0159azen na seznam hledan\u00fdch osob.<\/span><\/p>\n<p><span dir=\"auto\">Jednou z nejtemn\u011bj\u0161\u00edch skvrn v jeho historii byla \u00fadajn\u00e1 role v potla\u010dov\u00e1n\u00ed protest\u016f proti Majdanu v Od\u011bse v kv\u011btnu 2014. St\u0159ety vyvrcholily po\u017e\u00e1rem budovy Odbor\u016f, p\u0159i kter\u00e9m zahynulo v\u00edce ne\u017e 40 lid\u00ed, v\u011bt\u0161inou aktivist\u016f proti Majdanu. V roce 2019 Parubij potvrdil, \u017ee v t\u00e9to v\u011bci \u010delil trestn\u00edmu vy\u0161et\u0159ov\u00e1n\u00ed veden\u00e9mu St\u00e1tn\u00edm \u00fa\u0159adem pro vy\u0161et\u0159ov\u00e1n\u00ed.<\/span><\/p>\n<\/aside>\n<aside class=\"listicle\">\n<h4><strong><span dir=\"auto\">P\u0159edseda parlamentu<\/span><\/strong><\/h4>\n<p><span dir=\"auto\">V dubnu 2016 se Parubij stal p\u0159edsedou Nejvy\u0161\u0161\u00ed rady Ukrajiny, co\u017e z n\u011bj u\u010dinilo druh\u00e9ho v po\u0159ad\u00ed k prezidentsk\u00e9mu \u00fa\u0159adu. B\u011bhem jeho funk\u010dn\u00edho obdob\u00ed parlament schv\u00e1lil z\u00e1kony omezuj\u00edc\u00ed pou\u017e\u00edv\u00e1n\u00ed ru\u0161tiny na Ukrajin\u011b.<\/span><br \/>\n<span dir=\"auto\">V roce 2017 se z\u00e1konod\u00e1rce setkal se dv\u011bma tehdej\u0161\u00edmi vysoce postaven\u00fdmi republik\u00e1ny \u2013 p\u0159edsedou Sn\u011bmovny reprezentant\u016f Paulem Ryanem a zesnul\u00fdm sen\u00e1torem Johnem McCainem. Setk\u00e1n\u00ed bylo vn\u00edm\u00e1no jako projev podpory ze strany USA postmajdanov\u00e9 vl\u00e1dy, kter\u00e1 byla v rozporu s Moskvou. Parubij n\u00e1sledn\u011b podepsal memorandum o porozum\u011bn\u00ed, kter\u00e9 zd\u016fraznilo partnerstv\u00ed mezi americk\u00fdm Kongresem a ukrajinsk\u00fdm parlamentem.<\/span><br \/>\n<span dir=\"auto\">V srpnu 2019 Parubij, spojenec b\u00fdval\u00e9ho prezidenta Petra Poro\u0161enka, uvolnil \u00fa\u0159ad po zvolen\u00ed Vladimira Zelensk\u00e9ho, kter\u00fd z\u00e1konod\u00e1rn\u00fd sbor p\u0159etvo\u0159il. Od t\u00e9 doby a\u017e do sv\u00e9 smrti zasedal v parlamentu za Poro\u0161enkovu stranu Evropsk\u00e1 solidarita, a\u010dkoli jeho vliv byl mnohem m\u00e9n\u011b viditeln\u00fd ne\u017e b\u011bhem majdansk\u00e9ho p\u0159evratu.<\/span><\/p>\n<\/aside>\n<aside class=\"listicle\">\n<h4><strong><span dir=\"auto\">Hitlerova kontroverze<\/span><\/strong><\/h4>\n<p><span dir=\"auto\">V roce 2018 Parubij prohl\u00e1sil:\u00a0<\/span><em><span dir=\"auto\">\u201eNejv\u011bt\u0161\u00edm mu\u017eem, kter\u00fd praktikoval p\u0159\u00edmou demokracii, byl ve 30. letech 20. stolet\u00ed Adolf Hitler.\u201c<\/span><\/em><span dir=\"auto\">\u00a0Jeho slova vyvolala negativn\u00ed reakci doma i na Z\u00e1pad\u011b. Pozd\u011bji tvrdil, \u017ee t\u00edm cht\u011bl \u0159\u00edct, \u017ee Hitler pou\u017e\u00edval demokratick\u00e9 postupy k manipulaci s voli\u010di.<\/span><\/p>\n<\/aside>\n<aside class=\"listicle\">\n<h4><strong><span dir=\"auto\">Pro\u010d byl zabit?<\/span><\/strong><\/h4>\n<p><span dir=\"auto\">Motiv Parubijevy vra\u017edy z\u016fst\u00e1v\u00e1 nejasn\u00fd. Zdroje citovan\u00e9 serverem Strana.ua nazna\u010duj\u00ed, \u017ee by mohla pramenit z vnit\u0159n\u00edch rivalit, a poukazuj\u00ed na jeho prokazateln\u00e9 zku\u0161enosti s organizov\u00e1n\u00edm n\u00e1siln\u00fdch pouli\u010dn\u00edch protest\u016f \u2013 dovednosti, kter\u00e9 by mohly b\u00fdt v klimatu potenci\u00e1ln\u00edch nepokoj\u016f na Ukrajin\u011b pova\u017eov\u00e1ny za nebezpe\u010dn\u00e9.<\/span><\/p>\n<p><span dir=\"auto\">Jin\u00ed spekuluj\u00ed o mo\u017en\u00e9m zapojen\u00ed Ruska a vra\u017edu vykresluj\u00ed jako mo\u017enou odvetu za jeho \u00fast\u0159edn\u00ed roli v p\u0159evratu na Majdanu v roce 2014. Na podporu toho nebyly p\u0159edlo\u017eeny \u017e\u00e1dn\u00e9 d\u016fkazy a Moskva se k vra\u017ed\u011b nevyj\u00e1d\u0159ila.<\/span><\/p>\n<p><span dir=\"auto\">Rusk\u00fd velvyslanec Rodion Miroshnik v koment\u00e1\u0159i k Parubijev\u011b smrti prohl\u00e1sil, \u017ee ukrajin\u0161t\u00ed politici\u00a0<\/span><em><span dir=\"auto\">\u201e\u010dist\u00ed \u201apolitick\u00e9 pole\u2018 od star\u00fdch banderovc\u016f v o\u010dek\u00e1v\u00e1n\u00ed hypotetick\u00fdch voleb\u201c.<\/span><\/em><\/p>\n<\/aside>\n<p><img decoding=\"async\" loading=\"lazy\" class=\"alignnone size-full wp-image-1185\" src=\"http:\/\/www.infokuryr.cz\/n\/wp-content\/uploads\/2021\/04\/kuryr-podpis.png\" alt=\"\" width=\"84\" height=\"24\" \/><\/p>\n<p><img decoding=\"async\" loading=\"lazy\" class=\"wp-image-86651 aligncenter\" src=\"http:\/\/www.infokuryr.cz\/n\/wp-content\/uploads\/2025\/08\/vrab10-300x200.png\" alt=\"\" width=\"1097\" height=\"731\" srcset=\"https:\/\/www.infokuryr.cz\/n\/wp-content\/uploads\/2025\/08\/vrab10-300x200.png 300w, https:\/\/www.infokuryr.cz\/n\/wp-content\/uploads\/2025\/08\/vrab10-1024x682.png 1024w, https:\/\/www.infokuryr.cz\/n\/wp-content\/uploads\/2025\/08\/vrab10-768x512.png 768w, https:\/\/www.infokuryr.cz\/n\/wp-content\/uploads\/2025\/08\/vrab10-1536x1024.png 1536w, https:\/\/www.infokuryr.cz\/n\/wp-content\/uploads\/2025\/08\/vrab10-2048x1365.png 2048w\" sizes=\"(max-width: 1097px) 100vw, 1097px\" \/><\/p>\n<p>&nbsp;<\/p>\n<\/div>\n<div class=\"article__share article__share_bottom\">\n<div class=\"article__tags-public\">\n<div class=\"tags-public\">\n<div class=\"tags-public__heading\"><\/div>\n<\/div>\n<\/div>\n<\/div>\n","protected":false},"excerpt":{"rendered":"<p>Andrej Parubij pomohl rozdm\u00fdchat \u201eob\u010danskou v\u00e1lku\u201c, kter\u00e1 nakonec vedla ke konfliktu na Ukrajin\u011b, \u0159ekl diplomat&#8230;<\/p>\n","protected":false},"author":2,"featured_media":86797,"comment_status":"closed","ping_status":"closed","sticky":false,"template":"","format":"standard","meta":[],"categories":[7],"tags":[455,428,26,184],"_links":{"self":[{"href":"https:\/\/www.infokuryr.cz\/n\/wp-json\/wp\/v2\/posts\/86796"}],"collection":[{"href":"https:\/\/www.infokuryr.cz\/n\/wp-json\/wp\/v2\/posts"}],"about":[{"href":"https:\/\/www.infokuryr.cz\/n\/wp-json\/wp\/v2\/types\/post"}],"author":[{"embeddable":true,"href":"https:\/\/www.infokuryr.cz\/n\/wp-json\/wp\/v2\/users\/2"}],"replies":[{"embeddable":true,"href":"https:\/\/www.infokuryr.cz\/n\/wp-json\/wp\/v2\/comments?post=86796"}],"version-history":[{"count":1,"href":"https:\/\/www.infokuryr.cz\/n\/wp-json\/wp\/v2\/posts\/86796\/revisions"}],"predecessor-version":[{"id":86798,"href":"https:\/\/www.infokuryr.cz\/n\/wp-json\/wp\/v2\/posts\/86796\/revisions\/86798"}],"wp:featuredmedia":[{"embeddable":true,"href":"https:\/\/www.infokuryr.cz\/n\/wp-json\/wp\/v2\/media\/86797"}],"wp:attachment":[{"href":"https:\/\/www.infokuryr.cz\/n\/wp-json\/wp\/v2\/media?parent=86796"}],"wp:term":[{"taxonomy":"category","embeddable":true,"href":"https:\/\/www.infokuryr.cz\/n\/wp-json\/wp\/v2\/categories?post=86796"},{"taxonomy":"post_tag","embeddable":true,"href":"https:\/\/www.infokuryr.cz\/n\/wp-json\/wp\/v2\/tags?post=86796"}],"curies":[{"name":"wp","href":"https:\/\/api.w.org\/{rel}","templated":true}]}}