{"id":86791,"date":"2025-08-31T04:16:31","date_gmt":"2025-08-31T02:16:31","guid":{"rendered":"https:\/\/www.infokuryr.cz\/n\/?p=86791"},"modified":"2025-08-31T04:16:31","modified_gmt":"2025-08-31T02:16:31","slug":"proc-vlady-pokracuji-v-sireni-lzi-o-uhlikove-neutralite","status":"publish","type":"post","link":"https:\/\/www.infokuryr.cz\/n\/2025\/08\/31\/proc-vlady-pokracuji-v-sireni-lzi-o-uhlikove-neutralite\/","title":{"rendered":"Pro\u010d vl\u00e1dy pokra\u010duj\u00ed v \u0161\u00ed\u0159en\u00ed l\u017e\u00ed o uhl\u00edkov\u00e9 neutralit\u011b?"},"content":{"rendered":"<div id=\"fb-root\"><\/div>\n<div class=\"podcarou\">\n<p><strong><span dir=\"auto\">Politici neust\u00e1le opakuj\u00ed, \u017ee iniciativy uhl\u00edkov\u00e9 neutrality, respektive nulov\u00e9ho uhl\u00edku, zachr\u00e1n\u00ed planetu a vytvo\u0159\u00ed \u010dist\u0161\u00ed a zelen\u011bj\u0161\u00ed budoucnost s ni\u017e\u0161\u00edmi \u00fa\u010dty a lep\u0161\u00edmi pracovn\u00edmi m\u00edsty.<\/span><\/strong><\/p>\n<p><span dir=\"auto\">Realita pro b\u011b\u017en\u00e9 lidi je v\u0161ak p\u0159esn\u011b opa\u010dn\u00e1: vy\u0161\u0161\u00ed n\u00e1klady na dom\u00e1cnosti, v\u00edce omezen\u00ed a postupuj\u00edc\u00ed pocit kontroly nad jejich \u017eivoty.<\/span><\/p>\n<p><span dir=\"auto\">Pro\u010d se tedy v\u017edy zd\u00e1, \u017ee za v\u0161emi t\u011bmi \u0159e\u010dmi o nulov\u00e9m uhl\u00edku na Z\u00e1pad\u011b stoj\u00ed i jin\u00e9 motivy? A pokud je to tak d\u016fle\u017eit\u00e9, pro\u010d se k nim nep\u0159idaj\u00ed dal\u0161\u00ed velk\u00e9 mocnosti s obrovskou populac\u00ed, jako jsou \u010c\u00edna a Indie?<\/span><\/p>\n<p><span dir=\"auto\">Poj\u010fme si postupn\u011b rozebrat, co se ve skute\u010dnosti d\u011bje a jako p\u0159\u00edb\u011bh, kter\u00fd v\u00e1m pov\u00eddaj\u00ed, zcela neodpov\u00edd\u00e1 fakt\u016fm.<\/span><\/p>\n<h2><span dir=\"auto\">Ot\u00e1zka velk\u00fdch pen\u011bz: Kdo to cel\u00e9 plat\u00ed a kdo na tom profituje?<\/span><\/h2>\n<p><span dir=\"auto\">Pl\u00e1ny uhl\u00edkov\u00e9 neutrality jsou s postupem let st\u00e1le dra\u017e\u0161\u00ed, ale lidem se \u0159\u00edk\u00e1, \u017ee to jejich zemi nep\u0159ivede k bankrotu.<\/span><\/p>\n<p><span dir=\"auto\">Nap\u0159\u00edklad,\u00a0<\/span><em><span dir=\"auto\">V\u00fdbor pro zm\u011bnu klimatu<\/span><\/em><span dir=\"auto\">\u00a0ve Velk\u00e9 Brit\u00e1nii tvrd\u00ed, \u017ee dlouhodob\u00e9 n\u00e1klady uhl\u00edkv\u00e9 neutrality budou do roku 2050 v pr\u016fm\u011bru p\u0159edstavovat jen 0,2% HDP.<\/span><\/p>\n<p><span dir=\"auto\">V USA zase Bidenova administrativa tvrdila, \u017ee z\u00e1kon o sni\u017eov\u00e1n\u00ed inflace podepsan\u00fd je\u0161t\u011b v roce 2022 m\u011bl za c\u00edl sn\u00ed\u017eit inflaci investov\u00e1n\u00edm do \u010dist\u00e9 energie jako \u201enejv\u011bt\u0161\u00ed investice do pracovn\u00edch m\u00edst v oblasti klimatu v historii, ze kter\u00e9 budou profitovat v\u0161ichni Ameri\u010dan\u00e9\u201c.<\/span><\/p>\n<p><span dir=\"auto\">Tak pro\u010d se \u010d\u00edsla neshoduj\u00ed?<\/span><\/p>\n<p><span dir=\"auto\">O\u010dek\u00e1v\u00e1 se, \u017ee do roku 2030 politiky uhl\u00edkov\u00e9 neutrality p\u0159idaj\u00ed k \u00fa\u010dt\u016fm za energie v ka\u017ed\u00e9 britsk\u00e9 dom\u00e1cnosti 389 liber ro\u010dn\u011b, co\u017e p\u0159edstavuje celkem 22,8 miliardy liber ro\u010dn\u011b.<\/span><\/p>\n<p><span dir=\"auto\">Ve zpr\u00e1v\u011b z roku 2025 se uv\u00e1d\u00ed, \u017ee pokud by Velk\u00e1 Brit\u00e1nie z\u016fstala p\u0159i dod\u00e1vk\u00e1ch plynu od roku 2006, spot\u0159ebitel\u00e9 by si polep\u0161ili o 220 miliard liber.<\/span><\/p>\n<p><span dir=\"auto\">V USA vy\u010dlenil z\u00e1kon o sni\u017eov\u00e1n\u00ed inflace 369 miliard dolar\u016f na dotace, ale n\u00e1klady na modernizaci rodinn\u00e9ho domu s izolac\u00ed, sol\u00e1rn\u00edmi panely, nab\u00edje\u010dkami pro elektromobily a tepeln\u00fdm \u010derpadlem se st\u00e1le odhaduj\u00ed na 30 000 dolar\u016f na nemovitost.<\/span><\/p>\n<p><span dir=\"auto\">Jak vid\u00edme, ka\u017ed\u00fd plat\u00ed v\u00edc, tak\u017ee kdo dost\u00e1v\u00e1 v\u0161echny ty pen\u00edze?<\/span><\/p>\n<p><span dir=\"auto\">Jsou to energetick\u00e9 spole\u010dnosti, stavebn\u00ed firmy, develope\u0159i obnoviteln\u00fdch zdroj\u016f energie a glob\u00e1ln\u00ed finan\u010dn\u00ed instituce, kter\u00e9 obchoduj\u00ed s uhl\u00edkov\u00fdmi povolenkami. Neust\u00e1le v\u00e1m \u0159\u00edkaj\u00ed, \u017ee va\u0161e n\u00e1klady klesnou, ale v\u011bt\u0161ina zpr\u00e1v poukazuje na dal\u0161\u00ed n\u00e1r\u016fst.<\/span><\/p>\n<h2><span dir=\"auto\">Za\u010d\u00edn\u00e1 odpor proti \u201ezelen\u00e9\u201c agend\u011b<\/span><\/h2>\n<p><span dir=\"auto\">Lid\u00e9 po cel\u00e9m sv\u011bt\u011b si tuto situaci za\u010d\u00ednaj\u00ed uv\u011bdomovat a zelenou agendu odm\u00edtat. Farm\u00e1\u0159i, majitel\u00e9 dom\u016f, vedouc\u00ed p\u0159edstavitel\u00e9 firem a da\u0148ov\u00ed poplatn\u00edci vid\u00ed, co se d\u011bje.<\/span><\/p>\n<h3><span dir=\"auto\">1. Austr\u00e1lie<\/span><\/h3>\n<p><span dir=\"auto\">Miliard\u00e1\u0159ka z odv\u011btv\u00ed d\u016fln\u00edho pr\u016fmyslu Gina Rinehartov\u00e1 na\u00a0<\/span><em><span dir=\"auto\">N\u00e1rodn\u00edm Bushov\u011b summitu<\/span><\/em><span dir=\"auto\">\u00a0\u0159ekla, \u017ee politika nulov\u00fdch \u010dist\u00fdch emis\u00ed omezuje zem\u011bd\u011blce regulacemi a zvy\u0161uje ceny potravin.<\/span><\/p>\n<h3><span dir=\"auto\">2. USA<\/span><\/h3>\n<p><span dir=\"auto\">Ofici\u00e1ln\u011b odm\u00edtli navrhovan\u00fd r\u00e1mec uhl\u00edkov\u00e9 neutrality od\u00a0<\/span><em><span dir=\"auto\">Mezin\u00e1rodn\u00ed n\u00e1mo\u0159n\u00ed organizace<\/span><\/em><span dir=\"auto\">\u00a0, jeho\u017e p\u016fvodn\u00edm c\u00edlem bylo dos\u00e1hnout klimatick\u00e9 neutrality emis\u00ed z lodn\u00ed dopravy do roku 2050, a varovali p\u0159ed v\u0161emi n\u00e1rody, kter\u00e9 jej podporuj\u00ed.<\/span><\/p>\n<h3><span dir=\"auto\">3. Velk\u00e1 Brit\u00e1nie<\/span><\/h3>\n<p><span dir=\"auto\">Negativn\u00ed reakce na sol\u00e1rn\u00ed panely v hrabstv\u00edch jako Lincolnshire, kde se cel\u00e1 pole prom\u011bnila na v\u00fdrobce \u201ezelen\u00e9\u201c energie. V\u011btrn\u00e9 a sol\u00e1rn\u00ed parky nahrazuj\u00ed pracovn\u00ed m\u00edsta, po\u0161kozuj\u00ed zemi a prosp\u00edvaj\u00ed pouze lidem zven\u010d\u00ed.<\/span><\/p>\n<h2><span dir=\"auto\">Je politika uhl\u00edkov\u00e9 neutrality skute\u010dn\u011b kontroln\u00edm n\u00e1strojem?<\/span><\/h2>\n<p><span dir=\"auto\">Nar\u016fst\u00e1 podez\u0159en\u00ed, \u017ee uhl\u00edkov\u00e1 neutralita v\u016fbec nen\u00ed o uhl\u00edku, ale sp\u00ed\u0161e o na\u0161\u00ed kontrole.<\/span><\/p>\n<p><span dir=\"auto\">Rodiny jsou st\u00e1le v\u00edce nuceny kupovat drah\u00e9 elektromobily kv\u016fli rostouc\u00ed s\u00edti \u201ez\u00f3n \u010dist\u00e9ho ovzdu\u0161\u00ed\u201c a \u201en\u00edzkoemisn\u00edch z\u00f3n\u201c v britsk\u00fdch m\u011bstech, p\u0159i\u010dem\u017e benzinov\u00e1 a naftov\u00e1 auta \u010del\u00ed \u00fapln\u00e9mu z\u00e1kazu prodeje do roku 2035.<\/span><\/p>\n<p><span dir=\"auto\">V Lond\u00fdn\u011b majitel\u00e9 byt\u016f hl\u00e1s\u00ed n\u00e1klady a\u017e do v\u00fd\u0161e 66 000 liber na zaveden\u00ed povinn\u00fdch modernizac\u00ed zelen\u00e9ho vyt\u00e1p\u011bn\u00ed a politici nad\u00e1le diskutuj\u00ed o dan\u00edch z masa a ml\u00e9\u010dn\u00fdch v\u00fdrobk\u016f, kter\u00e9 jsou koncipov\u00e1ny jako iniciativy \u0161etrn\u00e9 ke klimatu.<\/span><\/p>\n<p><span dir=\"auto\">Postupem \u010dasu se lid\u00e9 c\u00edt\u00ed nuceni utr\u00e1cet v\u00edce, aby se p\u0159izp\u016fsobili zm\u011bn\u00e1m. Pomalu m\u011bn\u00ed zp\u016fsob, jak\u00fdm jezd\u00ed, jed\u00ed, cestuj\u00ed a vyt\u00e1p\u011bj\u00ed sv\u00e9 domovy.<\/span><\/p>\n<p><span dir=\"auto\">Klamstvo o dostupnosti je jednoduch\u00fd zp\u016fsob, jak p\u0159esv\u011bd\u010dit lidi, kte\u0159\u00ed se ji\u017e stejn\u011b c\u00edt\u00ed pod tlakem rostouc\u00edch \u017eivotn\u00edch n\u00e1klad\u016f, aby se p\u0159idali k uhl\u00edkov\u00e9 agend\u011b, co\u017e umo\u017e\u0148uje vl\u00e1d\u00e1m m\u00edt na lidi a jejich ka\u017edodenn\u00ed rozhodnut\u00ed v\u011bt\u0161\u00ed vliv ne\u017e kdykoli p\u0159edt\u00edm.<\/span><\/p>\n<h2><span dir=\"auto\">Sledov\u00e1n\u00ed emis\u00ed uhl\u00edku a digit\u00e1ln\u00ed m\u011bna<\/span><\/h2>\n<p><span dir=\"auto\">Rostou i obavy t\u00fdkaj\u00edc\u00ed se implementace digit\u00e1ln\u00ed m\u011bny a jej\u00ed n\u00e1vaznosti na spot\u0159ebu uhl\u00edku.<\/span><\/p>\n<p><span dir=\"auto\">O digit\u00e1ln\u00edch m\u011bn\u00e1ch centr\u00e1ln\u00edch bank (\u00a0<\/span><a href=\"https:\/\/www.badatel.net\/financna-inkluzia-pri-digitalnej-mene-cbdc-znamena-zahrnutie-vsetkych-transakcii-nie-ludi\/\"><span dir=\"auto\">CBDC<\/span><\/a><span dir=\"auto\">\u00a0) se diskutuje po cel\u00e9m Z\u00e1pad\u011b, p\u0159i\u010dem\u017e pl\u00e1ny jsou na stole nebo ji\u017e prob\u00edhaj\u00ed v r\u016fzn\u00fdch zem\u00edch. Dosledovateln\u00e1 m\u011bna by mohla p\u0159in\u00e9st i formu uhl\u00edkov\u00fdch kv\u00f3t s pozastaven\u00edm nadm\u011brn\u00fdch n\u00e1kup\u016f po\u0161kozuj\u00edc\u00edch klima, jako jsou letenky nebo palivo.<\/span><\/p>\n<p><span dir=\"auto\">M\u011bjte na pam\u011bti, \u017ee sledov\u00e1n\u00ed uhl\u00edkov\u00e9 stopy na z\u00e1klad\u011b transak\u010dn\u00edch \u00fadaj\u016f je ji\u017e spu\u0161t\u011bno. Natwest spustil pilotn\u00ed aplikaci v Brit\u00e1nii pro mal\u00e9 podniky a Yayzy je lond\u00fdnsk\u00fd startup, kter\u00fd d\u011bl\u00e1 tot\u00e9\u017e pro individu\u00e1ln\u00ed u\u017eivatele propojen\u00edm n\u00e1kup\u016f p\u0159es bankovn\u00ed \u00fa\u010det a navrhov\u00e1n\u00edm \u201eekologi\u010dt\u011bj\u0161\u00edch alternativn\u00edch obchodn\u00edk\u016f\u201c.<\/span><\/p>\n<p><span dir=\"auto\">Na Slovensku ji\u017e n\u011bkolik let Tatra banka p\u0159i\u0159azuje ke ka\u017ed\u00e9 transakci na b\u011b\u017en\u00e9m bankovn\u00edm \u00fa\u010dtu hmotnost emis\u00ed uhl\u00edku a lid\u00e9 tak mohou vid\u011bt, jak\u00e1 je jejich \u201eosobn\u00ed uhl\u00edkov\u00e1 stopa\u201c. \u0158\u00edkaj\u00ed tomu \u201e\u00da\u010det pro modrou planetu\u201c.<\/span><\/p>\n<p><span dir=\"auto\">V syst\u00e9mu, kde je ka\u017ed\u00fd n\u00e1kup monitorov\u00e1n, se lid\u00e9 st\u00e1vaj\u00ed zraniteln\u00fdmi v\u016f\u010di tomu, aby jim bylo na\u0159\u00edzeno, co si mohou a nemohou koupit \u2013 a nen\u00ed t\u011b\u017ek\u00e9 si p\u0159edstavit, \u017ee vl\u00e1dy posedl\u00e9 uhl\u00edkovou neutralitou budou takov\u00fd n\u00e1stroj vyu\u017e\u00edvat.<\/span><\/p>\n<h2><span dir=\"auto\">Pokud je to tak kritick\u00e9, pro\u010d to ned\u011bl\u00e1 ka\u017ed\u00fd?<\/span><\/h2>\n<p><span dir=\"auto\">Pokud je ohro\u017eena cel\u00e1 planeta, \u010dlov\u011bk by o\u010dek\u00e1val glob\u00e1ln\u00ed opat\u0159en\u00ed. Zat\u00edmco rodiny na Z\u00e1pad\u011b plat\u00ed st\u00e1le v\u00edce n\u00e1klad\u016f na dom\u00e1cnosti a \u010del\u00ed rostouc\u00edm omezen\u00edm, \u010c\u00edna pokra\u010duje ve v\u00fdstavb\u011b uheln\u00fdch elektr\u00e1ren rekordn\u00ed rychlost\u00ed a Indie tak\u00e9 roz\u0161i\u0159uje spot\u0159ebu fosiln\u00edch paliv.<\/span><\/p>\n<p><span dir=\"auto\">V prvn\u00ed polovin\u011b roku 2025 \u010c\u00edna uvedla do provozu 21 GW nov\u00fdch uheln\u00fdch elektr\u00e1ren \u2013 nejv\u00fd\u0161e za posledn\u00edch 6 m\u011bs\u00edc\u016f od roku 2016.<\/span><\/p>\n<p><span dir=\"auto\">Jen v prvn\u00edm \u010dtvrtlet\u00ed 2025 schv\u00e1lila \u010c\u00edna nov\u00e9 uheln\u00e9 projekty s v\u00fdkonem 11,29 GW, co\u017e je v\u00edce ne\u017e za cel\u00fd rok 2024 dohromady (10,34 GW). A\u017e 75% elekt\u0159iny v Indii se vyr\u00e1b\u00ed z fosiln\u00edch paliv<\/span><\/p>\n<p><span dir=\"auto\">Tak\u017ee, navzdory ned\u00e1vn\u00e9mu rozhodnut\u00ed\u00a0<\/span><em><span dir=\"auto\">Mezin\u00e1rodn\u00edho soudn\u00edho dvora<\/span><\/em><span dir=\"auto\">\u00a0(ICJ), \u017ee ne\u010dinnost v oblasti klimatu je nyn\u00ed poru\u0161en\u00edm lidsk\u00fdch pr\u00e1v (co\u017e kritici ozna\u010duj\u00ed za p\u0159ekro\u010den\u00ed pravomoci soudu), glob\u00e1ln\u00ed mocnosti na v\u00fdchod\u011b nevykazuj\u00ed \u017e\u00e1dn\u00e9 zn\u00e1mky \u00fapln\u00e9ho odklonu od fosiln\u00edch paliv a p\u0159echodu na zelenou energii.<\/span><\/p>\n<p><span dir=\"auto\">Zat\u00edmco zem\u011b jako N\u011bmecko a \u0160v\u00e9dsko jsou ze z\u00e1kona zav\u00e1z\u00e1ny dos\u00e1hnout nulov\u00fdch \u010dist\u00fdch emis\u00ed uhl\u00edku do roku 2045, c\u00edle \u010c\u00edny a Indie jsou a\u017e na roky 2060 a 2070.<\/span><\/p>\n<p><span dir=\"auto\">Pro\u010d tedy z\u00e1padn\u00ed zem\u011b nesou n\u00e1klady a jsou siln\u011b vedeny sv\u00fdmi vl\u00e1dami, aby p\u0159ijaly nov\u00fd zp\u016fsob \u017eivota, pokud se o to nejv\u011bt\u0161\u00ed p\u0159isp\u011bvatel\u00e9 emis\u00ed uhl\u00edku je\u0161t\u011b ani nepokou\u0161ej\u00ed?<\/span><\/p>\n<h2><span dir=\"auto\">Z\u00e1v\u011bre\u010dn\u00e1 my\u0161lenka<\/span><\/h2>\n<p><span dir=\"auto\">Klame va\u0161e vl\u00e1da o uhl\u00edkov\u00e9 neotralit\u011b a sv\u00fdch skute\u010dn\u00fdch motivech, proto\u017ee pravda by zni\u010dila ve\u0159ejnou podporu?<\/span><\/p>\n<p><span dir=\"auto\">Nen\u00ed to levn\u00e9, rovnom\u011brn\u011b uplat\u0148ovan\u00e9 ani bezbolestn\u00e9. Je to drastick\u00e1 zm\u011bna ka\u017edodenn\u00edho \u017eivota b\u011b\u017en\u00fdch lid\u00ed a otev\u00edr\u00e1 dve\u0159e k v\u011bt\u0161\u00edmu dohledu nad obyvatelstvem a v\u011bt\u0161\u00edm ziskem pro privilegovan\u00e9 korporace.<\/span><\/p>\n<p><span dir=\"auto\">Realita, \u017ee uhl\u00edkov\u00e1 neutralita je drah\u00e1, omezuj\u00edc\u00ed a destabilizuj\u00edc\u00ed, si pomalu uv\u011bdomuj\u00ed lid\u00e9 i politici. A\u0165 u\u017e s \u00famyslem nebo pro nekompetentnost, v\u00fdsledek je stejn\u00fd: b\u011b\u017en\u00e9 rodiny plat\u00ed, vl\u00e1dy z\u00edsk\u00e1vaj\u00ed moc a korporace dosahuj\u00ed obrovsk\u00fdch zisk\u016f.<\/span><\/p>\n<p><span dir=\"auto\">Autor G. Calder, Zdroj:\u00a0<\/span><a href=\"https:\/\/expose-news.com\/2025\/08\/26\/governments-lying-about-net-zero\/\" target=\"_blank\" rel=\"noopener\"><span dir=\"auto\">expose-news.com<\/span><\/a><\/p>\n<p><img decoding=\"async\" loading=\"lazy\" class=\"wp-image-86651 aligncenter\" src=\"http:\/\/www.infokuryr.cz\/n\/wp-content\/uploads\/2025\/08\/vrab10-300x200.png\" alt=\"\" width=\"1025\" height=\"683\" srcset=\"https:\/\/www.infokuryr.cz\/n\/wp-content\/uploads\/2025\/08\/vrab10-300x200.png 300w, https:\/\/www.infokuryr.cz\/n\/wp-content\/uploads\/2025\/08\/vrab10-1024x682.png 1024w, https:\/\/www.infokuryr.cz\/n\/wp-content\/uploads\/2025\/08\/vrab10-768x512.png 768w, https:\/\/www.infokuryr.cz\/n\/wp-content\/uploads\/2025\/08\/vrab10-1536x1024.png 1536w, https:\/\/www.infokuryr.cz\/n\/wp-content\/uploads\/2025\/08\/vrab10-2048x1365.png 2048w\" sizes=\"(max-width: 1025px) 100vw, 1025px\" \/><\/p>\n<p>&nbsp;<\/p>\n<p>&nbsp;<\/p>\n<\/div>\n","protected":false},"excerpt":{"rendered":"<p>Politici neust\u00e1le opakuj\u00ed, \u017ee iniciativy uhl\u00edkov\u00e9 neutrality, respektive nulov\u00e9ho uhl\u00edku, zachr\u00e1n\u00ed planetu a vytvo\u0159\u00ed \u010dist\u0161\u00ed&#8230;<\/p>\n","protected":false},"author":2,"featured_media":86792,"comment_status":"closed","ping_status":"closed","sticky":false,"template":"","format":"standard","meta":[],"categories":[7],"tags":[2692,229,872,2452],"_links":{"self":[{"href":"https:\/\/www.infokuryr.cz\/n\/wp-json\/wp\/v2\/posts\/86791"}],"collection":[{"href":"https:\/\/www.infokuryr.cz\/n\/wp-json\/wp\/v2\/posts"}],"about":[{"href":"https:\/\/www.infokuryr.cz\/n\/wp-json\/wp\/v2\/types\/post"}],"author":[{"embeddable":true,"href":"https:\/\/www.infokuryr.cz\/n\/wp-json\/wp\/v2\/users\/2"}],"replies":[{"embeddable":true,"href":"https:\/\/www.infokuryr.cz\/n\/wp-json\/wp\/v2\/comments?post=86791"}],"version-history":[{"count":0,"href":"https:\/\/www.infokuryr.cz\/n\/wp-json\/wp\/v2\/posts\/86791\/revisions"}],"wp:featuredmedia":[{"embeddable":true,"href":"https:\/\/www.infokuryr.cz\/n\/wp-json\/wp\/v2\/media\/86792"}],"wp:attachment":[{"href":"https:\/\/www.infokuryr.cz\/n\/wp-json\/wp\/v2\/media?parent=86791"}],"wp:term":[{"taxonomy":"category","embeddable":true,"href":"https:\/\/www.infokuryr.cz\/n\/wp-json\/wp\/v2\/categories?post=86791"},{"taxonomy":"post_tag","embeddable":true,"href":"https:\/\/www.infokuryr.cz\/n\/wp-json\/wp\/v2\/tags?post=86791"}],"curies":[{"name":"wp","href":"https:\/\/api.w.org\/{rel}","templated":true}]}}