{"id":8675,"date":"2022-02-28T02:00:41","date_gmt":"2022-02-28T01:00:41","guid":{"rendered":"http:\/\/www.infokuryr.cz\/n\/?p=8675"},"modified":"2022-02-27T15:41:32","modified_gmt":"2022-02-27T14:41:32","slug":"putin-uvadi-jaderne-sily-do-pohotovosti","status":"publish","type":"post","link":"https:\/\/www.infokuryr.cz\/n\/2022\/02\/28\/putin-uvadi-jaderne-sily-do-pohotovosti\/","title":{"rendered":"Putin uv\u00e1d\u00ed jadern\u00e9 s\u00edly do nejvy\u0161\u0161\u00ed pohotovosti"},"content":{"rendered":"<div id=\"fb-root\"><\/div>\n<p><strong>Rusk\u00fd prezident Vladimir Putin v televizn\u00edm rozhovoru s nejvy\u0161\u0161\u00edmi p\u0159edstaviteli na\u0159\u00eddil uveden\u00ed jadern\u00fdch sil do pohotovosti.<\/strong><\/p>\n<p>Rusk\u00fd prezident Vladimir Putin na\u0159\u00eddil rusk\u00fdm ozbrojen\u00fdm sil\u00e1m ke strategick\u00e9mu odstra\u0161ov\u00e1n\u00ed uv\u00e9st je do &#8222;zvl\u00e1\u0161tn\u00ed pohotovosti&#8220;. Prezident v rozhovoru s ministrem obrany \u0160ojgu a n\u00e1\u010deln\u00edkem gener\u00e1ln\u00edho \u0161t\u00e1bu Gerasimovem uvedl jako d\u016fvod tohoto kroku agresivn\u00ed prohl\u00e1\u0161en\u00ed Z\u00e1padu, na kter\u00fd se mus\u00ed reagovat. Doslova \u0159ekl:<\/p>\n<p><strong><em>&#8222;Vid\u00edte, \u017ee z\u00e1padn\u00ed zem\u011b nepodnikaj\u00ed v\u016f\u010di na\u0161\u00ed zemi jen nep\u0159\u00e1telsk\u00e1 opat\u0159en\u00ed v ekonomick\u00e9 oblasti. Mluv\u00edm o nez\u00e1konn\u00fdch sankc\u00edch, jak v\u0161ichni dob\u0159e v\u00ed. Ale i vrcholn\u00ed p\u0159edstavitel\u00e9 p\u0159edn\u00edch zem\u00ed NATO se o na\u0161\u00ed zemi vyjad\u0159uj\u00ed agresivn\u00edmi slovy.&#8220; Proto jsem moud\u0159e na\u0159\u00eddil ministru obrany a n\u00e1\u010deln\u00edku gener\u00e1ln\u00edho \u0161t\u00e1bu, aby uvedli odstra\u0161uj\u00edc\u00ed s\u00edly rusk\u00e9 arm\u00e1dy do zvl\u00e1\u0161tn\u00ed pohotovosti.\u201c<\/em><\/strong><\/p>\n<p>Ministr obrany Sergej \u0160ojgu potvrdil &#8222;Ano.&#8220;\u00a0a n\u00e1\u010deln\u00edk gener\u00e1ln\u00edho \u0161t\u00e1bu Valeri Gerasimov dodal: &#8222;To d\u011bl\u00e1me.&#8220;<\/p>\n<p><img decoding=\"async\" loading=\"lazy\" class=\"alignnone size-full wp-image-1185\" src=\"http:\/\/www.infokuryr.cz\/n\/wp-content\/uploads\/2021\/04\/kuryr-podpis.png\" alt=\"\" width=\"84\" height=\"24\" \/><\/p>\n<p>&nbsp;<\/p>\n<p>&nbsp;<\/p>\n<p>&nbsp;<\/p>\n","protected":false},"excerpt":{"rendered":"<p>Rusk\u00fd prezident Vladimir Putin v televizn\u00edm rozhovoru s nejvy\u0161\u0161\u00edmi p\u0159edstaviteli na\u0159\u00eddil uveden\u00ed jadern\u00fdch sil do&#8230;<\/p>\n","protected":false},"author":2,"featured_media":992,"comment_status":"closed","ping_status":"closed","sticky":false,"template":"","format":"standard","meta":[],"categories":[7],"tags":[1069,1964,102],"_links":{"self":[{"href":"https:\/\/www.infokuryr.cz\/n\/wp-json\/wp\/v2\/posts\/8675"}],"collection":[{"href":"https:\/\/www.infokuryr.cz\/n\/wp-json\/wp\/v2\/posts"}],"about":[{"href":"https:\/\/www.infokuryr.cz\/n\/wp-json\/wp\/v2\/types\/post"}],"author":[{"embeddable":true,"href":"https:\/\/www.infokuryr.cz\/n\/wp-json\/wp\/v2\/users\/2"}],"replies":[{"embeddable":true,"href":"https:\/\/www.infokuryr.cz\/n\/wp-json\/wp\/v2\/comments?post=8675"}],"version-history":[{"count":0,"href":"https:\/\/www.infokuryr.cz\/n\/wp-json\/wp\/v2\/posts\/8675\/revisions"}],"wp:featuredmedia":[{"embeddable":true,"href":"https:\/\/www.infokuryr.cz\/n\/wp-json\/wp\/v2\/media\/992"}],"wp:attachment":[{"href":"https:\/\/www.infokuryr.cz\/n\/wp-json\/wp\/v2\/media?parent=8675"}],"wp:term":[{"taxonomy":"category","embeddable":true,"href":"https:\/\/www.infokuryr.cz\/n\/wp-json\/wp\/v2\/categories?post=8675"},{"taxonomy":"post_tag","embeddable":true,"href":"https:\/\/www.infokuryr.cz\/n\/wp-json\/wp\/v2\/tags?post=8675"}],"curies":[{"name":"wp","href":"https:\/\/api.w.org\/{rel}","templated":true}]}}