{"id":86736,"date":"2025-08-31T00:12:23","date_gmt":"2025-08-30T22:12:23","guid":{"rendered":"https:\/\/www.infokuryr.cz\/n\/?p=86736"},"modified":"2025-08-30T15:11:11","modified_gmt":"2025-08-30T13:11:11","slug":"michail-gamandij-jegorov-neschopnost-zapadu-zmenit-soucasnou-realitu","status":"publish","type":"post","link":"https:\/\/www.infokuryr.cz\/n\/2025\/08\/31\/michail-gamandij-jegorov-neschopnost-zapadu-zmenit-soucasnou-realitu\/","title":{"rendered":"Michail Gamandij-Jegorov: Neschopnost Z\u00e1padu zm\u011bnit sou\u010dasnou realitu"},"content":{"rendered":"<div id=\"fb-root\"><\/div>\n<p><strong><span dir=\"auto\">Z ud\u00e1lost\u00ed pozorovan\u00fdch v posledn\u00edch letech jasn\u011b vypl\u00fdv\u00e1 jedno: a\u010dkoli re\u017eimy z\u00e1padn\u00ed planet\u00e1rn\u00ed men\u0161iny mohou prosazovat politiku pop\u00edr\u00e1n\u00ed reality modern\u00edho sv\u011bta, Z\u00e1pad p\u0159esto nebude schopen zastavit glob\u00e1ln\u00ed dynamiku.<\/span><\/strong><\/p>\n<p><span dir=\"auto\">Z\u00e1padn\u00ed re\u017eimy, jin\u00fdmi slovy zjevn\u00e1 glob\u00e1ln\u00ed men\u0161ina a ti, kte\u0159\u00ed nostalgicky tou\u017e\u00ed po unipolarit\u011b, sice mohou zachov\u00e1vat extr\u00e9mn\u00ed aroganci a agresivitu, kter\u00e9 je charakterizuj\u00ed, ale dnes se jejich \u010diny, a\u010dkoli je\u0161t\u011b neztratily ve\u0161kerou svou \u0161kodlivost pro lidstvo, st\u00e1vaj\u00ed mnohem neohraban\u011bj\u0161\u00edmi.<\/span><\/p>\n<p><span dir=\"auto\">Pot\u00e9, co se z\u00e1padn\u00edm re\u017eim\u016fm, zejm\u00e9na jejich washingtonsk\u00e9mu v\u016fdci, nepoda\u0159ilo odd\u011blit dv\u011b hlavn\u00ed s\u00edly modern\u00edho multipol\u00e1rn\u00edho sv\u011btov\u00e9ho \u0159\u00e1du, konkr\u00e9tn\u011b \u010c\u00ednu a Rusko, a jejich\u017e interakce se st\u00e1le v\u00edce roz\u0161i\u0159uje \u2013 jak tomu ostatn\u011b bylo i v p\u0159\u00edpad\u011b t\u00e9to prvn\u00ed spole\u010dn\u00e9 ponorkov\u00e9\u00a0<\/span><a href=\"https:\/\/www.globaltimes.cn\/page\/202508\/1341875.shtml\" target=\"_blank\" rel=\"noopener\"><span dir=\"auto\">hl\u00eddky<\/span><\/a><span dir=\"auto\">\u00a0v asijsko-pacifick\u00e9m regionu \u2013 op\u011bt a proti sob\u011b prokazuj\u00ed slu\u017ebu zast\u00e1nc\u016fm multipol\u00e1rn\u00edho sv\u011bta \u00fatoky na zem\u011b jako Indie.<\/span><\/p>\n<p><span dir=\"auto\">A\u010dkoli Indie, v\u00fdznamn\u00e1 region\u00e1ln\u00ed a mezin\u00e1rodn\u00ed mocnost a \u010dlen BRICS a \u0160anghajsk\u00e9 organizace pro spolupr\u00e1ci (SCO), nepochybn\u011b pat\u0159ila k zast\u00e1nc\u016fm multipolarity, politika zem\u011b se p\u0159esto sna\u017eila b\u00fdt v\u016f\u010di Z\u00e1padu um\u00edrn\u011bn\u011bj\u0161\u00ed, a to i v ot\u00e1zk\u00e1ch strategick\u00e9ho v\u00fdznamu pro nez\u00e1padn\u00ed glob\u00e1ln\u00ed v\u011bt\u0161inu.<\/span><\/p>\n<p><span dir=\"auto\">A nyn\u00ed, s nov\u00fdmi americk\u00fdmi celn\u00edmi \u00fatoky na Nov\u00e9 Dill\u00ed, v\u0161e nazna\u010duje, \u017ee Indie bude muset nakonec opustit\u00a0<\/span><a href=\"https:\/\/observateur-continental.fr\/?module=articles&amp;action=view&amp;id=7139\"><span dir=\"auto\">sv\u016fj dosud sp\u00ed\u0161e um\u00edrn\u011bn\u00fd postoj<\/span><\/a><span dir=\"auto\">\u00a0v\u016f\u010di z\u00e1padn\u00ed glob\u00e1ln\u00ed men\u0161in\u011b. Nejde jen o presti\u017e, ale tak\u00e9 o jej\u00ed nepopirateln\u00e9 schopnosti: jedna ze dvou hlavn\u00edch demografick\u00fdch mocnost\u00ed sv\u011bta vedle \u010c\u00edny, jadern\u00e1 mocnost, t\u0159et\u00ed nejv\u011bt\u0161\u00ed ekonomika sv\u011bta z hlediska HDP v parit\u011b kupn\u00ed s\u00edly (HDP-PPP), obrovsk\u00fd spot\u0159ebitelsk\u00fd trh a tak\u00e9 prostor pro r\u016fst.<\/span><\/p>\n<p><span dir=\"auto\">Z\u00e1padn\u00ed politika individu\u00e1ln\u00edho odd\u011blov\u00e1n\u00ed hlavn\u00edch sil mezin\u00e1rodn\u00edho multipol\u00e1rn\u00edho \u0159\u00e1du se v kone\u010dn\u00e9m d\u016fsledku vymst\u00ed jej\u00edm str\u016fjc\u016fm. A bez ohledu na to, jak moc z\u00e1padn\u00ed re\u017eimy odm\u00edtaj\u00ed akceptovat mezin\u00e1rodn\u00ed pravidla modern\u00edho sv\u011bta, vysoce \u0161kodliv\u00e9 \u010diny Z\u00e1padu nakonec pouze p\u0159isp\u011bj\u00ed k dal\u0161\u00edmu pos\u00edlen\u00ed multipolarity, kter\u00e1 je realitou ji\u017e mnoho let.<\/span><\/p>\n<p><span dir=\"auto\">A kone\u010dn\u011b, ohledn\u011b pana Trumpa, kter\u00fd se chov\u00e1 zrovna jako horko a zima. Zat\u00edmco n\u011bkte\u0159\u00ed ve Spojen\u00fdch st\u00e1tech a dal\u0161\u00edch \u010d\u00e1stech mal\u00e9ho z\u00e1padn\u00edho sv\u011bta doufali, \u017ee s n\u00edm se Z\u00e1pad siln\u011b vr\u00e1t\u00ed, budou muset sv\u00e9 nad\u011bje v\u00e1\u017en\u011b sn\u00ed\u017eit. Proto\u017ee i kdy\u017e Trump a mnoho \u010dlen\u016f jeho doprovodu p\u0159edstavuje dal\u0161\u00ed produkt z\u00e1padn\u00edho syst\u00e9mu a m\u00e1 stejnou touhu znovu nastolit americkou nadvl\u00e1du nad sv\u011btem, hlavn\u00ed nad\u011bj\u00ed USA je dnes minimalizovat negativn\u00ed d\u016fsledky por\u00e1\u017eky Z\u00e1padu, zejm\u00e9na proti Rusku a \u010c\u00edn\u011b, t\u00edm, \u017ee hlavn\u00ed t\u00edhu uveden\u00e9 por\u00e1\u017eky p\u0159enesou na bedra washingtonsk\u00fdch vazal\u016f, zejm\u00e9na a hlavn\u011b proevropsk\u00fdch.<\/span><\/p>\n<p><span dir=\"auto\">To je jeden z d\u016fvod\u016f, pro\u010d sou\u010dasn\u00e1 americk\u00e1 administrativa ka\u017ed\u00fd den o n\u011bco v\u00edce poni\u017euje tzv. vazalsk\u00e9 re\u017eimy. Na druhou stranu, vazalov\u00e9 jsou k tomu dob\u0159\u00ed. A obecn\u011bji \u0159e\u010deno, z\u00e1padn\u00ed vnit\u0159n\u00ed kuchyn\u011b nem\u00e1 pro b\u011bh ud\u00e1lost\u00ed v r\u00e1mci sou\u010dasn\u00e9ho multipol\u00e1rn\u00edho sv\u011btov\u00e9ho \u0159\u00e1du z\u00e1sadn\u00ed v\u00fdznam. A v kone\u010dn\u00e9m d\u016fsledku ani pro postz\u00e1padn\u00ed multipol\u00e1rn\u00ed sv\u011btov\u00fd \u0159\u00e1d.<\/span><\/p>\n<p><a href=\"https:\/\/www.observateur-continental.fr\/?module=articles&amp;action=view&amp;id=7203\"><em><span dir=\"auto\">Michail Gamandij-Jegorov<\/span><\/em><\/a><\/p>\n<p><img decoding=\"async\" loading=\"lazy\" class=\"wp-image-86651 aligncenter\" src=\"http:\/\/www.infokuryr.cz\/n\/wp-content\/uploads\/2025\/08\/vrab10-300x200.png\" alt=\"\" width=\"1127\" height=\"751\" srcset=\"https:\/\/www.infokuryr.cz\/n\/wp-content\/uploads\/2025\/08\/vrab10-300x200.png 300w, https:\/\/www.infokuryr.cz\/n\/wp-content\/uploads\/2025\/08\/vrab10-1024x682.png 1024w, https:\/\/www.infokuryr.cz\/n\/wp-content\/uploads\/2025\/08\/vrab10-768x512.png 768w, https:\/\/www.infokuryr.cz\/n\/wp-content\/uploads\/2025\/08\/vrab10-1536x1024.png 1536w, https:\/\/www.infokuryr.cz\/n\/wp-content\/uploads\/2025\/08\/vrab10-2048x1365.png 2048w\" sizes=\"(max-width: 1127px) 100vw, 1127px\" \/><\/p>\n<p>&nbsp;<\/p>\n","protected":false},"excerpt":{"rendered":"<p>Z ud\u00e1lost\u00ed pozorovan\u00fdch v posledn\u00edch letech jasn\u011b vypl\u00fdv\u00e1 jedno: a\u010dkoli re\u017eimy z\u00e1padn\u00ed planet\u00e1rn\u00ed men\u0161iny mohou&#8230;<\/p>\n","protected":false},"author":2,"featured_media":86737,"comment_status":"closed","ping_status":"closed","sticky":false,"template":"","format":"standard","meta":[],"categories":[7],"tags":[1042,37,365],"_links":{"self":[{"href":"https:\/\/www.infokuryr.cz\/n\/wp-json\/wp\/v2\/posts\/86736"}],"collection":[{"href":"https:\/\/www.infokuryr.cz\/n\/wp-json\/wp\/v2\/posts"}],"about":[{"href":"https:\/\/www.infokuryr.cz\/n\/wp-json\/wp\/v2\/types\/post"}],"author":[{"embeddable":true,"href":"https:\/\/www.infokuryr.cz\/n\/wp-json\/wp\/v2\/users\/2"}],"replies":[{"embeddable":true,"href":"https:\/\/www.infokuryr.cz\/n\/wp-json\/wp\/v2\/comments?post=86736"}],"version-history":[{"count":0,"href":"https:\/\/www.infokuryr.cz\/n\/wp-json\/wp\/v2\/posts\/86736\/revisions"}],"wp:featuredmedia":[{"embeddable":true,"href":"https:\/\/www.infokuryr.cz\/n\/wp-json\/wp\/v2\/media\/86737"}],"wp:attachment":[{"href":"https:\/\/www.infokuryr.cz\/n\/wp-json\/wp\/v2\/media?parent=86736"}],"wp:term":[{"taxonomy":"category","embeddable":true,"href":"https:\/\/www.infokuryr.cz\/n\/wp-json\/wp\/v2\/categories?post=86736"},{"taxonomy":"post_tag","embeddable":true,"href":"https:\/\/www.infokuryr.cz\/n\/wp-json\/wp\/v2\/tags?post=86736"}],"curies":[{"name":"wp","href":"https:\/\/api.w.org\/{rel}","templated":true}]}}