{"id":86674,"date":"2025-08-29T05:33:56","date_gmt":"2025-08-29T03:33:56","guid":{"rendered":"https:\/\/www.infokuryr.cz\/n\/?p=86674"},"modified":"2025-08-29T05:33:56","modified_gmt":"2025-08-29T03:33:56","slug":"polsky-pilot-zemrel-pri-hruzne-havarii-letounu-f-16","status":"publish","type":"post","link":"https:\/\/www.infokuryr.cz\/n\/2025\/08\/29\/polsky-pilot-zemrel-pri-hruzne-havarii-letounu-f-16\/","title":{"rendered":"Polsk\u00fd pilot zem\u0159el p\u0159i hr\u016fzn\u00e9 hav\u00e1rii letounu F-16"},"content":{"rendered":"<div id=\"fb-root\"><\/div>\n<h3>\u010clen elitn\u00edho akrobatick\u00e9ho t\u00fdmu Tiger Demo zem\u0159el na m\u00edst\u011b p\u0159i n\u00e1cviku v\u00fdkrutu p\u0159ed nyn\u00ed zru\u0161enou leteckou show<\/h3>\n<p data-start=\"165\" data-end=\"222\"><span dir=\"auto\">Polsk\u00e1 arm\u00e1da dnes potvrdila, \u017ee b\u011bhem zkou\u0161ek na leteckou show v Radomi havaroval st\u00edhac\u00ed letoun F-16 polsk\u00e9ho letectva, kter\u00fd byl sou\u010d\u00e1st\u00ed elitn\u00edho akrobatick\u00e9ho t\u00fdmu Tiger Demo. Pilot zahynul na m\u00edst\u011b.<\/span><\/p>\n<p data-start=\"565\" data-end=\"759\"><span dir=\"auto\">K incidentu do\u0161lo na leteck\u00e9 z\u00e1kladn\u011b Radom, asi 100 km ji\u017en\u011b od Var\u0161avy, ve \u010dtvrtek p\u0159ibli\u017en\u011b v 19:25 m\u00edstn\u00edho \u010dasu (17:25 GMT), kdy\u017e pilot prov\u00e1d\u011bl man\u00e9vr s v\u00fdkyvem ve vysok\u00e9 rychlosti.<\/span><\/p>\n<p data-start=\"761\" data-end=\"1094\"><span dir=\"auto\">N\u011bkolik vide\u00ed po\u0159\u00edzen\u00fdch \u0161okovan\u00fdmi div\u00e1ky z r\u016fzn\u00fdch \u00fahl\u016f ukazovalo, jak F-16 prudce kles\u00e1 s pln\u00fdm p\u0159\u00eddavn\u00fdm spalov\u00e1n\u00edm, ne\u017e naraz\u00ed na ranvej, ani\u017e by man\u00e9vr dokon\u010dil. N\u00e1raz vyslal k nebi ohnivou kouli a hust\u00fd kou\u0159, zat\u00edmco ho\u0159\u00edc\u00ed letoun klouzal po ranveji, ani\u017e by se pilot pokusil o katapultaci.<\/span><\/p>\n<div class=\"rtcode\">\n<div class=\"twitter-tweet twitter-tweet-rendered\"><iframe id=\"twitter-widget-0\" class=\"\" title=\"X P\u0159\u00edsp\u011bvek\" src=\"https:\/\/platform.twitter.com\/embed\/Tweet.html?creatorScreenName=RT_com&amp;dnt=false&amp;embedId=twitter-widget-0&amp;features=eyJ0ZndfdGltZWxpbmVfbGlzdCI6eyJidWNrZXQiOltdLCJ2ZXJzaW9uIjpudWxsfSwidGZ3X2ZvbGxvd2VyX2NvdW50X3N1bnNldCI6eyJidWNrZXQiOnRydWUsInZlcnNpb24iOm51bGx9LCJ0ZndfdHdlZXRfZWRpdF9iYWNrZW5kIjp7ImJ1Y2tldCI6Im9uIiwidmVyc2lvbiI6bnVsbH0sInRmd19yZWZzcmNfc2Vzc2lvbiI6eyJidWNrZXQiOiJvbiIsInZlcnNpb24iOm51bGx9LCJ0ZndfZm9zbnJfc29mdF9pbnRlcnZlbnRpb25zX2VuYWJsZWQiOnsiYnVja2V0Ijoib24iLCJ2ZXJzaW9uIjpudWxsfSwidGZ3X21peGVkX21lZGlhXzE1ODk3Ijp7ImJ1Y2tldCI6InRyZWF0bWVudCIsInZlcnNpb24iOm51bGx9LCJ0ZndfZXhwZXJpbWVudHNfY29va2llX2V4cGlyYXRpb24iOnsiYnVja2V0IjoxMjA5NjAwLCJ2ZXJzaW9uIjpudWxsfSwidGZ3X3Nob3dfYmlyZHdhdGNoX3Bpdm90c19lbmFibGVkIjp7ImJ1Y2tldCI6Im9uIiwidmVyc2lvbiI6bnVsbH0sInRmd19kdXBsaWNhdGVfc2NyaWJlc190b19zZXR0aW5ncyI6eyJidWNrZXQiOiJvbiIsInZlcnNpb24iOm51bGx9LCJ0ZndfdXNlX3Byb2ZpbGVfaW1hZ2Vfc2hhcGVfZW5hYmxlZCI6eyJidWNrZXQiOiJvbiIsInZlcnNpb24iOm51bGx9LCJ0ZndfdmlkZW9faGxzX2R5bmFtaWNfbWFuaWZlc3RzXzE1MDgyIjp7ImJ1Y2tldCI6InRydWVfYml0cmF0ZSIsInZlcnNpb24iOm51bGx9LCJ0ZndfbGVnYWN5X3RpbWVsaW5lX3N1bnNldCI6eyJidWNrZXQiOnRydWUsInZlcnNpb24iOm51bGx9LCJ0ZndfdHdlZXRfZWRpdF9mcm9udGVuZCI6eyJidWNrZXQiOiJvbiIsInZlcnNpb24iOm51bGx9fQ%3D%3D&amp;frame=false&amp;hideCard=false&amp;hideThread=false&amp;id=1961130770157666425&amp;lang=cs&amp;origin=https%3A%2F%2Fwww.rt.com%2Fnews%2F623653-poland-fighter-jet-crash%2F&amp;sessionId=6be525ba954494a0124edac9eb315024cbffc404&amp;siteScreenName=RT_com&amp;theme=light&amp;widgetsVersion=2615f7e52b7e0%3A1702314776716&amp;width=550px\" frameborder=\"0\" scrolling=\"no\" allowfullscreen=\"allowfullscreen\" data-tweet-id=\"1961130770157666425\" data-mce-fragment=\"1\"><\/iframe><\/div>\n<\/div>\n<p data-start=\"1096\" data-end=\"1474\"><span dir=\"auto\">Z\u00e1chrann\u00e9 jednotky se na m\u00edsto rychle dostavily, ale pilot byl na m\u00edst\u011b prohl\u00e1\u0161en za mrtv\u00e9ho. Polsk\u00fd ministr obrany W\u0142adys\u0142aw Kosiniak-Kamysz ozna\u010dil incident za\u00a0<\/span><em><span dir=\"auto\">\u201evelkou ztr\u00e1tu pro letectvo a celou polskou arm\u00e1du\u201c<\/span><\/em><span dir=\"auto\">\u00a0a vyj\u00e1d\u0159il soustrast rodin\u011b pilota. Premi\u00e9r Donald Tusk se k \u00fact\u011b p\u0159ipojil a smrt pilota ozna\u010dil za\u00a0<\/span><em><span dir=\"auto\">\u201etrag\u00e9dii, kter\u00e1 n\u00e1s napl\u0148uje z\u00e1rmutkem\u201c.<\/span><\/em><\/p>\n<div class=\"rtcode\">\n<div class=\"twitter-tweet twitter-tweet-rendered\"><iframe id=\"twitter-widget-1\" class=\"\" title=\"X P\u0159\u00edsp\u011bvek\" src=\"https:\/\/platform.twitter.com\/embed\/Tweet.html?creatorScreenName=RT_com&amp;dnt=false&amp;embedId=twitter-widget-1&amp;features=eyJ0ZndfdGltZWxpbmVfbGlzdCI6eyJidWNrZXQiOltdLCJ2ZXJzaW9uIjpudWxsfSwidGZ3X2ZvbGxvd2VyX2NvdW50X3N1bnNldCI6eyJidWNrZXQiOnRydWUsInZlcnNpb24iOm51bGx9LCJ0ZndfdHdlZXRfZWRpdF9iYWNrZW5kIjp7ImJ1Y2tldCI6Im9uIiwidmVyc2lvbiI6bnVsbH0sInRmd19yZWZzcmNfc2Vzc2lvbiI6eyJidWNrZXQiOiJvbiIsInZlcnNpb24iOm51bGx9LCJ0ZndfZm9zbnJfc29mdF9pbnRlcnZlbnRpb25zX2VuYWJsZWQiOnsiYnVja2V0Ijoib24iLCJ2ZXJzaW9uIjpudWxsfSwidGZ3X21peGVkX21lZGlhXzE1ODk3Ijp7ImJ1Y2tldCI6InRyZWF0bWVudCIsInZlcnNpb24iOm51bGx9LCJ0ZndfZXhwZXJpbWVudHNfY29va2llX2V4cGlyYXRpb24iOnsiYnVja2V0IjoxMjA5NjAwLCJ2ZXJzaW9uIjpudWxsfSwidGZ3X3Nob3dfYmlyZHdhdGNoX3Bpdm90c19lbmFibGVkIjp7ImJ1Y2tldCI6Im9uIiwidmVyc2lvbiI6bnVsbH0sInRmd19kdXBsaWNhdGVfc2NyaWJlc190b19zZXR0aW5ncyI6eyJidWNrZXQiOiJvbiIsInZlcnNpb24iOm51bGx9LCJ0ZndfdXNlX3Byb2ZpbGVfaW1hZ2Vfc2hhcGVfZW5hYmxlZCI6eyJidWNrZXQiOiJvbiIsInZlcnNpb24iOm51bGx9LCJ0ZndfdmlkZW9faGxzX2R5bmFtaWNfbWFuaWZlc3RzXzE1MDgyIjp7ImJ1Y2tldCI6InRydWVfYml0cmF0ZSIsInZlcnNpb24iOm51bGx9LCJ0ZndfbGVnYWN5X3RpbWVsaW5lX3N1bnNldCI6eyJidWNrZXQiOnRydWUsInZlcnNpb24iOm51bGx9LCJ0ZndfdHdlZXRfZWRpdF9mcm9udGVuZCI6eyJidWNrZXQiOiJvbiIsInZlcnNpb24iOm51bGx9fQ%3D%3D&amp;frame=false&amp;hideCard=false&amp;hideThread=false&amp;id=1961130887388827797&amp;lang=cs&amp;maxWidth=560px&amp;origin=https%3A%2F%2Fwww.rt.com%2Fnews%2F623653-poland-fighter-jet-crash%2F&amp;sessionId=6be525ba954494a0124edac9eb315024cbffc404&amp;siteScreenName=RT_com&amp;theme=light&amp;widgetsVersion=2615f7e52b7e0%3A1702314776716&amp;width=550px\" frameborder=\"0\" scrolling=\"no\" allowfullscreen=\"allowfullscreen\" data-tweet-id=\"1961130887388827797\" data-mce-fragment=\"1\"><\/iframe><\/div>\n<\/div>\n<p data-start=\"1476\" data-end=\"1846\"><span dir=\"auto\">Ob\u011b\u0165 byla identifikov\u00e1na jako major Maciej\u00a0<\/span><em><span dir=\"auto\">\u201eSLAB\u201c<\/span><\/em><span dir=\"auto\">\u00a0Krakowian, jeden z nejzku\u0161en\u011bj\u0161\u00edch polsk\u00fdch akrobatick\u00fdch pilot\u016f a hlavn\u00ed p\u0159edstavitel t\u00fdmu Tiger Demo Team. Podle ofici\u00e1ln\u00edho programu leteck\u00e9 show m\u011blo b\u00fdt jeho vystoupen\u00ed v letounu F-16 Fighting Falcon vrcholem leto\u0161n\u00ed akce a p\u0159edstavit extr\u00e9mn\u00ed man\u00e9vry\u00a0<\/span><em><span dir=\"auto\">\u201epln\u00e9 dynamiky, p\u0159esnosti a extr\u00e9mn\u00edch faktor\u016f zat\u00ed\u017een\u00ed\u201c.<\/span><\/em><\/p>\n<div class=\"rtcode\">\n<div class=\"twitter-tweet twitter-tweet-rendered\"><iframe id=\"twitter-widget-2\" class=\"\" title=\"X P\u0159\u00edsp\u011bvek\" src=\"https:\/\/platform.twitter.com\/embed\/Tweet.html?creatorScreenName=RT_com&amp;dnt=false&amp;embedId=twitter-widget-2&amp;features=eyJ0ZndfdGltZWxpbmVfbGlzdCI6eyJidWNrZXQiOltdLCJ2ZXJzaW9uIjpudWxsfSwidGZ3X2ZvbGxvd2VyX2NvdW50X3N1bnNldCI6eyJidWNrZXQiOnRydWUsInZlcnNpb24iOm51bGx9LCJ0ZndfdHdlZXRfZWRpdF9iYWNrZW5kIjp7ImJ1Y2tldCI6Im9uIiwidmVyc2lvbiI6bnVsbH0sInRmd19yZWZzcmNfc2Vzc2lvbiI6eyJidWNrZXQiOiJvbiIsInZlcnNpb24iOm51bGx9LCJ0ZndfZm9zbnJfc29mdF9pbnRlcnZlbnRpb25zX2VuYWJsZWQiOnsiYnVja2V0Ijoib24iLCJ2ZXJzaW9uIjpudWxsfSwidGZ3X21peGVkX21lZGlhXzE1ODk3Ijp7ImJ1Y2tldCI6InRyZWF0bWVudCIsInZlcnNpb24iOm51bGx9LCJ0ZndfZXhwZXJpbWVudHNfY29va2llX2V4cGlyYXRpb24iOnsiYnVja2V0IjoxMjA5NjAwLCJ2ZXJzaW9uIjpudWxsfSwidGZ3X3Nob3dfYmlyZHdhdGNoX3Bpdm90c19lbmFibGVkIjp7ImJ1Y2tldCI6Im9uIiwidmVyc2lvbiI6bnVsbH0sInRmd19kdXBsaWNhdGVfc2NyaWJlc190b19zZXR0aW5ncyI6eyJidWNrZXQiOiJvbiIsInZlcnNpb24iOm51bGx9LCJ0ZndfdXNlX3Byb2ZpbGVfaW1hZ2Vfc2hhcGVfZW5hYmxlZCI6eyJidWNrZXQiOiJvbiIsInZlcnNpb24iOm51bGx9LCJ0ZndfdmlkZW9faGxzX2R5bmFtaWNfbWFuaWZlc3RzXzE1MDgyIjp7ImJ1Y2tldCI6InRydWVfYml0cmF0ZSIsInZlcnNpb24iOm51bGx9LCJ0ZndfbGVnYWN5X3RpbWVsaW5lX3N1bnNldCI6eyJidWNrZXQiOnRydWUsInZlcnNpb24iOm51bGx9LCJ0ZndfdHdlZXRfZWRpdF9mcm9udGVuZCI6eyJidWNrZXQiOiJvbiIsInZlcnNpb24iOm51bGx9fQ%3D%3D&amp;frame=false&amp;hideCard=false&amp;hideThread=false&amp;id=1961132147449974867&amp;lang=cs&amp;origin=https%3A%2F%2Fwww.rt.com%2Fnews%2F623653-poland-fighter-jet-crash%2F&amp;sessionId=6be525ba954494a0124edac9eb315024cbffc404&amp;siteScreenName=RT_com&amp;theme=light&amp;widgetsVersion=2615f7e52b7e0%3A1702314776716&amp;width=550px\" frameborder=\"0\" scrolling=\"no\" allowfullscreen=\"allowfullscreen\" data-tweet-id=\"1961132147449974867\" data-mce-fragment=\"1\"><\/iframe><\/div>\n<\/div>\n<p data-start=\"1848\" data-end=\"2091\"><span dir=\"auto\">Polsk\u00e9 ozbrojen\u00e9 s\u00edly uvedly, \u017ee letoun pat\u0159il 31. taktick\u00e9 leteck\u00e9 z\u00e1kladn\u011b v Krzesin\u00e1ch nedaleko Poznan\u011b. \u00da\u0159edn\u00edci zd\u016fraznili, \u017ee nikdo na zemi nebyl zran\u011bn a \u017ee bylo zah\u00e1jeno form\u00e1ln\u00ed vy\u0161et\u0159ov\u00e1n\u00ed p\u0159\u00ed\u010diny nehody.<\/span><\/p>\n<p data-start=\"2093\" data-end=\"2420\"><span dir=\"auto\">K nehod\u011b do\u0161lo b\u011bhem Polsk\u00e9ho leteck\u00e9ho dne jen n\u011bkolik dn\u00ed p\u0159ed zah\u00e1jen\u00edm Radom Air Show, jedn\u00e9 z nejv\u011bt\u0161\u00edch evropsk\u00fdch leteck\u00fdch akc\u00ed, kter\u00e1 m\u011bla p\u0159il\u00e1kat mezin\u00e1rodn\u00ed t\u00fdmy a des\u00edtky tis\u00edc div\u00e1k\u016f. Organiz\u00e1to\u0159i po trag\u00e9dii ozn\u00e1mili okam\u017eit\u00e9 zru\u0161en\u00ed leteck\u00e9 show.<\/span><\/p>\n<p data-start=\"2093\" data-end=\"2420\"><img decoding=\"async\" loading=\"lazy\" class=\"alignnone size-full wp-image-1185\" src=\"http:\/\/www.infokuryr.cz\/n\/wp-content\/uploads\/2021\/04\/kuryr-podpis.png\" alt=\"\" width=\"84\" height=\"24\" \/><\/p>\n<p data-start=\"2093\" data-end=\"2420\"><img decoding=\"async\" loading=\"lazy\" class=\"wp-image-86651 aligncenter\" src=\"http:\/\/www.infokuryr.cz\/n\/wp-content\/uploads\/2025\/08\/vrab10-300x200.png\" alt=\"\" width=\"1131\" height=\"754\" srcset=\"https:\/\/www.infokuryr.cz\/n\/wp-content\/uploads\/2025\/08\/vrab10-300x200.png 300w, https:\/\/www.infokuryr.cz\/n\/wp-content\/uploads\/2025\/08\/vrab10-1024x682.png 1024w, https:\/\/www.infokuryr.cz\/n\/wp-content\/uploads\/2025\/08\/vrab10-768x512.png 768w, https:\/\/www.infokuryr.cz\/n\/wp-content\/uploads\/2025\/08\/vrab10-1536x1024.png 1536w, https:\/\/www.infokuryr.cz\/n\/wp-content\/uploads\/2025\/08\/vrab10-2048x1365.png 2048w\" sizes=\"(max-width: 1131px) 100vw, 1131px\" \/><\/p>\n<p data-start=\"2093\" data-end=\"2420\">\n","protected":false},"excerpt":{"rendered":"<p>\u010clen elitn\u00edho akrobatick\u00e9ho t\u00fdmu Tiger Demo zem\u0159el na m\u00edst\u011b p\u0159i n\u00e1cviku v\u00fdkrutu p\u0159ed nyn\u00ed zru\u0161enou&#8230;<\/p>\n","protected":false},"author":2,"featured_media":86675,"comment_status":"closed","ping_status":"closed","sticky":false,"template":"","format":"standard","meta":[],"categories":[7],"tags":[4978,1421,1314,31],"_links":{"self":[{"href":"https:\/\/www.infokuryr.cz\/n\/wp-json\/wp\/v2\/posts\/86674"}],"collection":[{"href":"https:\/\/www.infokuryr.cz\/n\/wp-json\/wp\/v2\/posts"}],"about":[{"href":"https:\/\/www.infokuryr.cz\/n\/wp-json\/wp\/v2\/types\/post"}],"author":[{"embeddable":true,"href":"https:\/\/www.infokuryr.cz\/n\/wp-json\/wp\/v2\/users\/2"}],"replies":[{"embeddable":true,"href":"https:\/\/www.infokuryr.cz\/n\/wp-json\/wp\/v2\/comments?post=86674"}],"version-history":[{"count":0,"href":"https:\/\/www.infokuryr.cz\/n\/wp-json\/wp\/v2\/posts\/86674\/revisions"}],"wp:featuredmedia":[{"embeddable":true,"href":"https:\/\/www.infokuryr.cz\/n\/wp-json\/wp\/v2\/media\/86675"}],"wp:attachment":[{"href":"https:\/\/www.infokuryr.cz\/n\/wp-json\/wp\/v2\/media?parent=86674"}],"wp:term":[{"taxonomy":"category","embeddable":true,"href":"https:\/\/www.infokuryr.cz\/n\/wp-json\/wp\/v2\/categories?post=86674"},{"taxonomy":"post_tag","embeddable":true,"href":"https:\/\/www.infokuryr.cz\/n\/wp-json\/wp\/v2\/tags?post=86674"}],"curies":[{"name":"wp","href":"https:\/\/api.w.org\/{rel}","templated":true}]}}