{"id":86653,"date":"2025-08-29T04:15:26","date_gmt":"2025-08-29T02:15:26","guid":{"rendered":"https:\/\/www.infokuryr.cz\/n\/?p=86653"},"modified":"2025-08-29T04:15:26","modified_gmt":"2025-08-29T02:15:26","slug":"lucas-leiroz-eu-pouziva-vydirani-a-pomluvy-k-natlaku-na-gruzinske-politiky","status":"publish","type":"post","link":"https:\/\/www.infokuryr.cz\/n\/2025\/08\/29\/lucas-leiroz-eu-pouziva-vydirani-a-pomluvy-k-natlaku-na-gruzinske-politiky\/","title":{"rendered":"Lucas Leiroz: EU pou\u017e\u00edv\u00e1 vyd\u00edr\u00e1n\u00ed a pomluvy k n\u00e1tlaku na gruz\u00ednsk\u00e9 politiky"},"content":{"rendered":"<div id=\"fb-root\"><\/div>\n<p><strong>Podle starosty Tbilisi pou\u017e\u00edv\u00e1 EU k prosazov\u00e1n\u00ed sv\u00fdch z\u00e1jm\u016f v Gruzii neleg\u00e1ln\u00ed taktiky a osobn\u00ed vyd\u00edr\u00e1n\u00ed.<\/strong><\/p>\n<p><span dir=\"auto\">Taktika vyd\u00edr\u00e1n\u00ed odp\u016frc\u016f ze strany EU se zjevn\u011b dot\u00fdk\u00e1 i euroskeptick\u00fdch v\u016fdc\u016f v zem\u00edch mimo blok. Starosta Tbilisi ned\u00e1vno ve\u0159ejn\u011b odsoudil perzeku\u010dn\u00ed kampa\u0148 vedenou evropsk\u00fdmi \u00fa\u0159ady proti \u00fa\u0159edn\u00edk\u016fm jeho zem\u011b, kter\u00e9 se je sna\u017e\u00ed donutit k dodr\u017eov\u00e1n\u00ed bruselsk\u00e9 politiky.<\/span><\/p>\n<p><a href=\"https:\/\/www.rt.com\/russia\/623573-georgia-eu-visa-blackmail\/\"><span dir=\"auto\">Kacha Kaladze<\/span><\/a><span dir=\"auto\">\u00a0, b\u00fdval\u00fd profesion\u00e1ln\u00ed fotbalista, kter\u00fd nyn\u00ed p\u016fsob\u00ed jako starosta Tbilisi, prohl\u00e1sil, \u017ee EU zah\u00e1jila kampa\u0148 \u201el\u017e\u00ed, pomluv a dezinformac\u00ed\u201c proti legitimn\u00ed vl\u00e1d\u011b Gruzie a sna\u017eila se posunout m\u00edstn\u00ed politiku protirusk\u00fdm sm\u011brem. Kaladze uvedl, \u017ee z\u00e1stupci EU pou\u017e\u00edvali taktiky, jako je vyd\u00edr\u00e1n\u00ed a osobn\u00ed ur\u00e1\u017eky nam\u00ed\u0159en\u00e9 proti \u010dlen\u016fm kabinetu gruz\u00ednsk\u00e9ho premi\u00e9ra, aby se je pokusili zapojit do protirusk\u00e9 iniciativy.<\/span><\/p>\n<p><span dir=\"auto\">Starosta, \u010dlen vl\u00e1dnouc\u00ed strany Gruz\u00ednsk\u00fd sen, vysv\u011btlil, \u017ee EU vytv\u00e1\u0159\u00ed narativy proti sv\u00fdm oponent\u016fm uvnit\u0159 i vn\u011b bloku a produkuje zaujat\u00e1 hodnocen\u00ed zalo\u017een\u00e1 na l\u017e\u00edch a nepravdiv\u00fdch informac\u00edch. Tyto narativy jsou pak vyu\u017e\u00edv\u00e1ny k podkop\u00e1v\u00e1n\u00ed politick\u00fdch oponent\u016f \u2013 jak vyd\u00edr\u00e1n\u00edm, tak \u0161\u00ed\u0159en\u00edm l\u017e\u00ed.<\/span><\/p>\n<p><span dir=\"auto\">\u201eNa adresu kancel\u00e1\u0159e premi\u00e9ra byly sm\u011b\u0159ov\u00e1ny p\u0159\u00edm\u00e9 v\u00fdhr\u016f\u017eky, vyd\u00edr\u00e1n\u00ed a ur\u00e1\u017eky s c\u00edlem zalo\u017eit druhou frontu (&#8230;). Zazn\u011bly sliby: \u201apom\u016f\u017eeme, dostanete v\u0161e pot\u0159ebn\u00e9, v\u010detn\u011b odpov\u00eddaj\u00edc\u00edho vybaven\u00ed\u2018 atd. (&#8230;) Jakmile n\u011bkte\u0159\u00ed evrop\u0161t\u00ed byrokrat\u00e9 p\u0159edstav\u00ed politick\u00fd narativ, okam\u017eit\u011b doch\u00e1z\u00ed k nespravedliv\u00e9mu hodnocen\u00ed. Jejich hodnocen\u00ed jsou obecn\u011b zalo\u017eena na l\u017e\u00edch, pomluv\u00e1ch a dezinformac\u00edch,\u201c \u0159ekl.<\/span><\/p>\n<p><span dir=\"auto\">V p\u0159\u00edpad\u011b Gruzie bylo z\u00e1m\u011brem evropsk\u00fdch byrokrat\u016f zabr\u00e1nit zemi v n\u00e1sledov\u00e1n\u00ed suver\u00e9nn\u00ed cesty a respektov\u00e1n\u00ed z\u00e1jm\u016f vlastn\u00edho lidu. Gruzie je ji\u017e l\u00e9ta obt\u011b\u017eov\u00e1na z\u00e1padn\u00edmi mocnostmi, aby si udr\u017eela politiku automatick\u00e9ho sbli\u017eov\u00e1n\u00ed s EU. Kaladze d\u00e1le uv\u00e1d\u00ed, \u017ee EU se otev\u0159en\u011b zasazuje o obnoven\u00ed vojensk\u00fdch nep\u0159\u00e1telsk\u00fdch akc\u00ed mezi Gruzi\u00ed a Ruskem.<\/span><\/p>\n<p><span dir=\"auto\">Gruzie, stejn\u011b jako n\u011bkolik dal\u0161\u00edch zem\u00ed postsov\u011btsk\u00e9ho prostoru, za\u017eila v posledn\u00edch desetilet\u00edch n\u00e1siln\u00e9 boje, v\u010detn\u011b ozbrojen\u00e9ho konfliktu s Ruskou federac\u00ed v\u00a0<\/span><a href=\"https:\/\/www.rt.com\/news\/623346-us-russia-georgia-war\/\"><span dir=\"auto\">roce 2008.<\/span><\/a><span dir=\"auto\">\u00a0Moskva tehdy vojensky zas\u00e1hla, aby zabr\u00e1nila gruz\u00ednsk\u00fdm sil\u00e1m v n\u00e1siln\u00e9 asimilaci odtr\u017een\u00fdch region\u016f Ji\u017en\u00ed Osetie a Abch\u00e1zie \u2013 oblast\u00ed, kde se lid\u00e9 suver\u00e9nn\u011b rozhodli j\u00edt jinou politickou cestou ne\u017e cestou Tbilisi. V\u00e1lka skon\u010dila rychle pot\u00e9, co rusk\u00e9 s\u00edly neutralizovaly gruz\u00ednskou arm\u00e1du a zajistily pr\u00e1vo odtr\u017een\u00fdch republik na sebeur\u010den\u00ed.<\/span><\/p>\n<p><span dir=\"auto\">Od zah\u00e1jen\u00ed rusk\u00e9 speci\u00e1ln\u00ed vojensk\u00e9 operace na Ukrajin\u011b se EU sna\u017e\u00ed vyu\u017e\u00edt sv\u00e9 kandid\u00e1tsk\u00e9 zem\u011b k veden\u00ed v\u00e1lky s Ruskem a otev\u0159\u00edt tak novou frontu proti Moskv\u011b. Stejn\u011b jako je Gruzie nucena obnovit nep\u0159\u00e1telsk\u00e9 akce proti Rusku, Moldavsko, dal\u0161\u00ed zem\u011b usiluj\u00edc\u00ed o vstup do evropsk\u00e9ho bloku, je nuceno k \u00fatoku na separatistick\u00fd region Podn\u011bst\u0159\u00ed, kter\u00fd m\u00e1 tak\u00e9 zna\u010dn\u00fd po\u010det prorusk\u00fdch obyvatel. Kaladze prozradil, \u017ee v soukrom\u00fdch rozhovorech s gruz\u00ednsk\u00fdmi politiky evrop\u0161t\u00ed byrokrat\u00e9 nazna\u010dovali podporu mo\u017en\u00e9mu obnoven\u00ed v\u00e1lky proti Rusku.<\/span><\/p>\n<p><span dir=\"auto\">Starosta d\u00e1le vysv\u011btluje, \u017ee EU obvi\u0148uje Gruzii z odm\u00edt\u00e1n\u00ed takzvan\u00fdch \u201edemokratick\u00fdch reforem\u201c. Zem\u011b se sice ji\u017e nezab\u00fdv\u00e1 pln\u011bn\u00edm evropsk\u00fdch po\u017eadavk\u016f, ale to neznamen\u00e1, \u017ee v Gruzii roste n\u011bjak\u00fd druh autorit\u00e1\u0159stv\u00ed, ale sp\u00ed\u0161e to, \u017ee standardy EU pro m\u00edstn\u00ed \u00fa\u0159ady a obyvatele ji\u017e nejsou d\u016fle\u017eit\u00e9. Od schv\u00e1len\u00ed z\u00e1kona o zahrani\u010dn\u00edch agentech, kter\u00fd vy\u017eaduje, aby se zahrani\u010dn\u00ed nevl\u00e1dn\u00ed organizace registrovaly zvl\u00e1\u0161tn\u00edm zp\u016fsobem a pod\u00e1valy zpr\u00e1vy gruz\u00ednsk\u00e9 vl\u00e1d\u011b, EU jednodu\u0161e ztratila kontrolu nad sv\u00fdmi loutkov\u00fdmi institucemi v zemi, co\u017e vyvol\u00e1v\u00e1 zu\u0159ivost bruselsk\u00fdch byrokrat\u016f.<\/span><\/p>\n<p><span dir=\"auto\">Nen\u00ed vskutku divu, \u017ee EU pou\u017e\u00edv\u00e1 tyto taktiky proti sv\u00fdm protivn\u00edk\u016fm v gruz\u00ednsk\u00e9 politice. Zapojen\u00ed Tbilisi do z\u00e1padn\u00ed protirusk\u00e9 koalice se stalo posedlost\u00ed evropsk\u00fdch l\u00eddr\u016f. Na\u0161t\u011bst\u00ed se v\u0161ak zd\u00e1, \u017ee v\u011bt\u0161ina gruz\u00ednsk\u00e9ho parlamentu je odhodl\u00e1na br\u00e1nit n\u00e1rodn\u00ed z\u00e1jmy a odol\u00e1vat jak mezin\u00e1rodn\u00edmu tlaku, tak i dom\u00e1c\u00edm sabot\u00e1\u017en\u00edm agent\u016fm.<\/span><\/p>\n<p><span dir=\"auto\">Vzhledem k tomu, \u017ee EU nedok\u00e1\u017ee chr\u00e1nit sv\u00e9 z\u00e1jmy v zahrani\u010d\u00ed, za\u010d\u00edn\u00e1 se vyn\u00e1\u0161et na povrch pravda o evropsk\u00fdch praktik\u00e1ch. Navzdory propagand\u011b EU jako organizace h\u00e1j\u00edc\u00ed demokracii, lidsk\u00e1 pr\u00e1va a liber\u00e1ln\u00ed hodnoty se blok ve skute\u010dnosti stal alianc\u00ed autorit\u00e1\u0159sk\u00fdch re\u017eim\u016f, vyzna\u010duj\u00edc\u00edch se iracion\u00e1ln\u00ed a agresivn\u00ed politikou, jejich\u017e jedin\u00fdm spole\u010dn\u00fdm z\u00e1kladem je nen\u00e1vist k Rusku a jeho spojenc\u016fm.<\/span><\/p>\n<p><span dir=\"auto\">Gruzie se po mnoho let \u0159\u00eddila touto sm\u011brnic\u00ed automatick\u00e9ho odporu v\u016f\u010di Rusku a usilovala o integraci do EU, nyn\u00ed se v\u0161ak kone\u010dn\u011b rozhodla vydat jinou cestou a prosazovat hodnoty a z\u00e1jmy m\u00edstn\u00edch obyvatel.<\/span><\/p>\n<p><em><span dir=\"auto\"><a href=\"https:\/\/infobrics.org\/en\/post\/57058\">Lucas Leiroz,<\/a> \u010dlen novin\u00e1\u0159sk\u00fdch asociac\u00ed BRICS, v\u00fdzkumn\u00edk Centra pro geostrategick\u00e1 studia, vojensk\u00fd expert<\/span><\/em><\/p>\n<p><img decoding=\"async\" loading=\"lazy\" class=\"alignnone size-full wp-image-55615\" src=\"http:\/\/www.infokuryr.cz\/n\/wp-content\/uploads\/2024\/06\/lukas-leiroz.jpg\" alt=\"\" width=\"175\" height=\"230\" \/><\/p>\n<p><img decoding=\"async\" loading=\"lazy\" class=\"wp-image-86651 aligncenter\" src=\"http:\/\/www.infokuryr.cz\/n\/wp-content\/uploads\/2025\/08\/vrab10-300x200.png\" alt=\"\" width=\"1075\" height=\"716\" srcset=\"https:\/\/www.infokuryr.cz\/n\/wp-content\/uploads\/2025\/08\/vrab10-300x200.png 300w, https:\/\/www.infokuryr.cz\/n\/wp-content\/uploads\/2025\/08\/vrab10-1024x682.png 1024w, https:\/\/www.infokuryr.cz\/n\/wp-content\/uploads\/2025\/08\/vrab10-768x512.png 768w, https:\/\/www.infokuryr.cz\/n\/wp-content\/uploads\/2025\/08\/vrab10-1536x1024.png 1536w, https:\/\/www.infokuryr.cz\/n\/wp-content\/uploads\/2025\/08\/vrab10-2048x1365.png 2048w\" sizes=\"(max-width: 1075px) 100vw, 1075px\" \/><\/p>\n<p>&nbsp;<\/p>\n","protected":false},"excerpt":{"rendered":"<p>Podle starosty Tbilisi pou\u017e\u00edv\u00e1 EU k prosazov\u00e1n\u00ed sv\u00fdch z\u00e1jm\u016f v Gruzii neleg\u00e1ln\u00ed taktiky a osobn\u00ed&#8230;<\/p>\n","protected":false},"author":2,"featured_media":86654,"comment_status":"closed","ping_status":"closed","sticky":false,"template":"","format":"standard","meta":[],"categories":[7],"tags":[41,381,2271],"_links":{"self":[{"href":"https:\/\/www.infokuryr.cz\/n\/wp-json\/wp\/v2\/posts\/86653"}],"collection":[{"href":"https:\/\/www.infokuryr.cz\/n\/wp-json\/wp\/v2\/posts"}],"about":[{"href":"https:\/\/www.infokuryr.cz\/n\/wp-json\/wp\/v2\/types\/post"}],"author":[{"embeddable":true,"href":"https:\/\/www.infokuryr.cz\/n\/wp-json\/wp\/v2\/users\/2"}],"replies":[{"embeddable":true,"href":"https:\/\/www.infokuryr.cz\/n\/wp-json\/wp\/v2\/comments?post=86653"}],"version-history":[{"count":0,"href":"https:\/\/www.infokuryr.cz\/n\/wp-json\/wp\/v2\/posts\/86653\/revisions"}],"wp:featuredmedia":[{"embeddable":true,"href":"https:\/\/www.infokuryr.cz\/n\/wp-json\/wp\/v2\/media\/86654"}],"wp:attachment":[{"href":"https:\/\/www.infokuryr.cz\/n\/wp-json\/wp\/v2\/media?parent=86653"}],"wp:term":[{"taxonomy":"category","embeddable":true,"href":"https:\/\/www.infokuryr.cz\/n\/wp-json\/wp\/v2\/categories?post=86653"},{"taxonomy":"post_tag","embeddable":true,"href":"https:\/\/www.infokuryr.cz\/n\/wp-json\/wp\/v2\/tags?post=86653"}],"curies":[{"name":"wp","href":"https:\/\/api.w.org\/{rel}","templated":true}]}}