{"id":86644,"date":"2025-08-29T00:19:41","date_gmt":"2025-08-28T22:19:41","guid":{"rendered":"https:\/\/www.infokuryr.cz\/n\/?p=86644"},"modified":"2025-08-28T14:13:39","modified_gmt":"2025-08-28T12:13:39","slug":"jiri-vyvadil-prestanme-pokladat-trumpa-za-pana-sveta-pred-kterym-se-vsichni-tresou","status":"publish","type":"post","link":"https:\/\/www.infokuryr.cz\/n\/2025\/08\/29\/jiri-vyvadil-prestanme-pokladat-trumpa-za-pana-sveta-pred-kterym-se-vsichni-tresou\/","title":{"rendered":"Ji\u0159\u00ed Vyvadil: P\u0159esta\u0148me pokl\u00e1dat Trumpa za p\u00e1na sv\u011bta, p\u0159ed kter\u00fdm se v\u0161ichni t\u0159esou\u2026"},"content":{"rendered":"<div id=\"fb-root\"><\/div>\n<p><strong>V m\u00e9di\u00edch i my sami jsme na chv\u00edli podlehli dojmu, \u017ee v\u0161e se to\u010d\u00ed kolem Donalda Trumpa, ale ono tomu tak nen\u00ed, jen se o tom nep\u00ed\u0161e a v souvislosti s Ukrajinou se do nekone\u010dna v m\u00e9di\u00edch p\u0159em\u00edt\u00e1, jak mocn\u00fd Donald Trump napr\u00e1sk\u00e1 Putinovi a p\u0159inut\u00ed ho p\u0159iplazit se k Z\u00e1padu. Nu\u017ee Z\u00e1pad, zejm\u00e9na v evropsk\u00e9m pod\u00e1n\u00ed maxim\u00e1ln\u011b jen prskaj\u00edc\u00edm, \u00fatvarem, kter\u00fd chrl\u00ed na Putina vyhro\u017eov\u00e1n\u00edm dal\u0161\u00edch sankc\u00ed. Ale to je v podstat\u011b jen obrann\u00e1 propaganda, kter\u00e1 m\u00e1 zast\u0159\u00edt \u00fapadek.<\/strong><\/p>\n<p style=\"font-weight: 400;\">U\u017e se nehovo\u0159\u00ed o tom, \u017ee v\u0161echny ty mnohalet\u00e9 sankce jedin\u011b spojily v\u011bt\u0161inov\u00e9 Rusko proti Z\u00e1padu a i podle nejnov\u011bj\u0161\u00edch nez\u00e1visl\u00fdch pr\u016fzkum\u016f m\u00e1 Vladim\u00edr Putin a\u017e neuv\u011b\u0159iteln\u011b vysokou podporu 80%, o kter\u00e9\u00a0 se z\u00e1padn\u00edm politik\u016fm ve sv\u00fdch zem\u00edch ani nem\u016f\u017ee sn\u00edt, a to nemluv\u00edme ani o samotn\u00e9m Trumpovi, kter\u00fd m\u00e1 jedin\u00e9 \u0161t\u011bst\u00ed, \u017ee demokrat\u00e9 jsou st\u00e1le naprosto ot\u0159eseni a nejsou schopni generovat siln\u00e9ho l\u00eddra, kter\u00fd by Trumpovi mohl \u010delit.<\/p>\n<p style=\"font-weight: 400;\">Donald Trump za\u00fato\u010dil na Vladim\u00edra Putina prost\u0159ednictv\u00edm jeho v\u00fdznamn\u00fdch spojenc\u016f z\u00a0Glob\u00e1ln\u00edho jihu asijsk\u00fdch gigant\u016f \u010c\u00edny a Indie.<\/p>\n<p style=\"font-weight: 400;\">Zvl\u00e1\u0161t\u011b o Indii se objevuj\u00ed zm\u00ednky, jak ji\u00a0\u00a0dostal na kolena.<\/p>\n<p style=\"font-weight: 400;\">Opak je v\u0161ak pravdou.<\/p>\n<p style=\"font-weight: 400;\">Trumpovsky obvykl\u00e9 megalomansk\u00e9 \u00favahy o zaveden\u00ed o sekund\u00e1rn\u00edch clech na dod\u00e1vky energi\u00ed a\u017e p\u0159ekvapiv\u011b mobilizovaly zejm\u00e9na Indii, kter\u00e1 je v\u00a0m\u00e9di\u00edch vyd\u00e1v\u00e1na za slab\u0161\u00ed \u010dl\u00e1nek.<\/p>\n<p style=\"font-weight: 400;\">Indie vyslala Washingtonu ohniv\u00fd a nezam\u011bniteln\u00fd sign\u00e1l v dob\u011b, kdy obchodn\u00ed nap\u011bt\u00ed exploduje. Frankfurter Allgemeine Zeitung informuj\u00ed, \u017ee se prezident Trump pokusil \u010dty\u0159ikr\u00e1t zavolat premi\u00e9rovi M\u00f3d\u00edmu \u2013 ale M\u00f3d\u00ed telefon\u00e1t poka\u017ed\u00e9 bez koment\u00e1\u0159e odm\u00edtl.\u00a0\u00a0M\u00f3d\u00edho ml\u010den\u00ed p\u0159ich\u00e1z\u00ed pot\u00e9, co Trump uvalil vysok\u00e1 cla na indick\u00e9 zbo\u017e\u00ed a urazil n\u00e1rod t\u00edm, \u017ee jej nazval \u201emrtvou ekonomikou\u201c. Odm\u00edtnut\u00ed indick\u00e9ho v\u016fdce jednat ukazuje na rostouc\u00ed pobou\u0159en\u00ed v Nov\u00e9m Dill\u00ed. Zat\u00edmco USA stup\u0148uj\u00ed tlak, Indie se br\u00e1n\u00ed \u2013 ne slovy, ale vypo\u010d\u00edtan\u00fdm a vzdorovit\u00fdm ml\u010den\u00edm<\/p>\n<p style=\"font-weight: 400;\">Podle publikace je indick\u00e9ho premi\u00e9ra rozdr\u00e1\u017edilo, \u017ee Trump ozna\u010dil ekonomiku zem\u011b za \u201emrtvou\u201c a zavedl dodate\u010dn\u00e9 25% clo na indick\u00e9 zbo\u017e\u00ed, \u010d\u00edm\u017e se od 27. srpna celkov\u00e9 clo zv\u00fd\u0161\u00ed na 50 %. (Mimo jin\u00e9 proto p\u0159ipojuji n\u00e1sledn\u011b statistiku o v\u00fdkonnosti ekonomik, aby byly v\u011bci posunuty v realit\u011b)<\/p>\n<p><img decoding=\"async\" loading=\"lazy\" class=\"wp-image-85920 aligncenter\" src=\"http:\/\/www.infokuryr.cz\/n\/wp-content\/uploads\/2025\/08\/pozvaniV-300x140.jpg\" alt=\"\" width=\"649\" height=\"303\" srcset=\"https:\/\/www.infokuryr.cz\/n\/wp-content\/uploads\/2025\/08\/pozvaniV-300x140.jpg 300w, https:\/\/www.infokuryr.cz\/n\/wp-content\/uploads\/2025\/08\/pozvaniV-768x360.jpg 768w, https:\/\/www.infokuryr.cz\/n\/wp-content\/uploads\/2025\/08\/pozvaniV.jpg 925w\" sizes=\"(max-width: 649px) 100vw, 649px\" \/><\/p>\n<p style=\"font-weight: 400;\">\u00a0Trumpovo hegemonistick\u00e9 chov\u00e1n\u00ed z\u00e1rove\u0148 jako kouzeln\u00fdm proutkem propojilo ob\u011b mohutn\u00e9 asijsk\u00e9 zem\u011b \u010c\u00ednu i Indii, kter\u00e9 sice ob\u011b byly sou\u010d\u00e1st\u00ed uskupen\u00ed BRICS, ale kter\u00e9 z\u00e1rove\u0148 trvale byly v\u00a0siln\u00e9m vztahu vz\u00e1jemn\u00e9 rivality.<\/p>\n<p style=\"font-weight: 400;\">Trump je sv\u00fdmi sil\u00e1ck\u00fdmi metodami je spojil.<\/p>\n<p style=\"font-weight: 400;\">Indick\u00fd premi\u00e9r\u00a0 nav\u0161t\u00edv\u00ed \u010c\u00ednu poprv\u00e9 po sedmi letech\u00a0pot\u00e9, co americk\u00fd prezident Donald Trump zavedl cla na n\u00e1kup rusk\u00e9 ropy Indi\u00ed. M\u00f3d\u00ed se m\u00e1 31. srpna z\u00fa\u010dastnit summitu \u0160anghajsk\u00e9 organizace pro spolupr\u00e1ci (SCO) v \u010c\u00edn\u011b, aby projevil \u201esolidaritu glob\u00e1ln\u00edho Jihu\u201c a \u201epomohl sankcionovan\u00e9mu Rusku dos\u00e1hnout dal\u0161\u00edho diplomatick\u00e9ho p\u0159evratu\u201c, jak se uv\u00e1d\u00ed v\u00a0m\u00e9di\u00edch.<\/p>\n<p style=\"font-weight: 400;\">Setk\u00e1n\u00ed v Tchien-\u0165inu je nejv\u011bt\u0161\u00edm summitem \u0160anghajsk\u00e9 organizace pro spolupr\u00e1ci od roku 2001.<\/p>\n<p style=\"font-weight: 400;\">A sv\u016fj vzdor v\u016f\u010di USA d\u00e1v\u00e1 Indie jednozna\u010dn\u011b najevo i t\u00edm, \u017ee zastavila n\u00e1kupy americk\u00fdch zbran\u00ed a letadel a st\u00e1tn\u00ed rafinerie navzdory 50% clu americk\u00e9ho prezidenta provokativn\u011b\u00a0\u00a0obnovily n\u00e1kup rusk\u00e9 ropy.<\/p>\n<p style=\"font-weight: 400;\">P\u00e1nov\u00e9 Putin, Si a M\u00f3d\u00ed je\u0161t\u011b nikdy tak skv\u011ble spole\u010dn\u011b nespolupracovali.<\/p>\n<p style=\"font-weight: 400;\">Jako geopolitick\u00fd a z\u00e1rove\u0148 rychle rostouc\u00ed ekonomick\u00fd sv\u011btov\u00fd trojl\u00edstek jsou na vzestupu.<\/p>\n<p style=\"font-weight: 400;\">Podle parity kupn\u00ed s\u00edly je \u010c\u00edna prvn\u00ed, USA druh\u00e1, Indie t\u0159et\u00ed a Rusko \u010dtvrt\u00e9. A teprve na \u0161est\u00e9m m\u00edst\u011b nej\u00fasp\u011b\u0161n\u011bj\u0161\u00ed evropsk\u00e1 zem\u011b N\u011bmecko, kterou prov\u00e1z\u00ed u\u017e t\u0159i roky stagnace \u010di dokonce recese.<\/p>\n<p style=\"font-weight: 400;\">A ukazuje se, \u017ee \u0161\u00e9fov\u00e9 Glob\u00e1ln\u00edho jihu si\u00a0\u00a0z\u00a0americk\u00e9ho vyd\u00edr\u00e1n\u00ed nic ned\u011blaj\u00ed.<\/p>\n<p style=\"font-weight: 400;\">\u017de p\u0159ijdou zase asi n\u011bjak\u00e9 sankce?<\/p>\n<p style=\"font-weight: 400;\">Sem nimi. Sankce jsou p\u0159ece, aby byly p\u0159ekon\u00e1v\u00e1ny.<\/p>\n<p style=\"font-weight: 400;\">Rusko to zvl\u00e1d\u00e1 ji\u017e po n\u011bkolik let a Indie to v\u00a0n\u011bkolika m\u00e1lo m\u011bs\u00edc\u00edch dovedla k\u00a0dokonalosti. A na prvn\u00ed \u010c\u00ednu se Trump u\u017e ani neodv\u00e1\u017e\u00ed.<\/p>\n<p style=\"font-weight: 400;\">Asi tak , Donalde.<\/p>\n<p><a href=\"https:\/\/vasevec.info\/komentare\/prestanme-pokladat-trumpa-za-pana-sveta-pred-kterym-se-vsichni-tresou\">Ji\u0159\u00ed Vyvadil<\/a><\/p>\n<p><img decoding=\"async\" loading=\"lazy\" class=\"alignnone size-medium wp-image-16474\" src=\"http:\/\/www.infokuryr.cz\/n\/wp-content\/uploads\/2022\/10\/jiri-vyvadil-300x200.jpg\" alt=\"\" width=\"300\" height=\"200\" srcset=\"https:\/\/www.infokuryr.cz\/n\/wp-content\/uploads\/2022\/10\/jiri-vyvadil-300x200.jpg 300w, https:\/\/www.infokuryr.cz\/n\/wp-content\/uploads\/2022\/10\/jiri-vyvadil-768x512.jpg 768w, https:\/\/www.infokuryr.cz\/n\/wp-content\/uploads\/2022\/10\/jiri-vyvadil.jpg 800w\" sizes=\"(max-width: 300px) 100vw, 300px\" \/><\/p>\n<p><img decoding=\"async\" loading=\"lazy\" class=\"wp-image-86134 aligncenter\" src=\"http:\/\/www.infokuryr.cz\/n\/wp-content\/uploads\/2025\/08\/volby10-212x300.png\" alt=\"\" width=\"695\" height=\"983\" srcset=\"https:\/\/www.infokuryr.cz\/n\/wp-content\/uploads\/2025\/08\/volby10-212x300.png 212w, https:\/\/www.infokuryr.cz\/n\/wp-content\/uploads\/2025\/08\/volby10-724x1024.png 724w, https:\/\/www.infokuryr.cz\/n\/wp-content\/uploads\/2025\/08\/volby10-768x1086.png 768w, https:\/\/www.infokuryr.cz\/n\/wp-content\/uploads\/2025\/08\/volby10-1087x1536.png 1087w, https:\/\/www.infokuryr.cz\/n\/wp-content\/uploads\/2025\/08\/volby10-1449x2048.png 1449w, https:\/\/www.infokuryr.cz\/n\/wp-content\/uploads\/2025\/08\/volby10-1024x1447.png 1024w\" sizes=\"(max-width: 695px) 100vw, 695px\" \/><\/p>\n<p>&nbsp;<\/p>\n","protected":false},"excerpt":{"rendered":"<p>V m\u00e9di\u00edch i my sami jsme na chv\u00edli podlehli dojmu, \u017ee v\u0161e se to\u010d\u00ed kolem&#8230;<\/p>\n","protected":false},"author":2,"featured_media":85140,"comment_status":"closed","ping_status":"closed","sticky":false,"template":"","format":"standard","meta":[],"categories":[6],"tags":[122,925,276,452],"_links":{"self":[{"href":"https:\/\/www.infokuryr.cz\/n\/wp-json\/wp\/v2\/posts\/86644"}],"collection":[{"href":"https:\/\/www.infokuryr.cz\/n\/wp-json\/wp\/v2\/posts"}],"about":[{"href":"https:\/\/www.infokuryr.cz\/n\/wp-json\/wp\/v2\/types\/post"}],"author":[{"embeddable":true,"href":"https:\/\/www.infokuryr.cz\/n\/wp-json\/wp\/v2\/users\/2"}],"replies":[{"embeddable":true,"href":"https:\/\/www.infokuryr.cz\/n\/wp-json\/wp\/v2\/comments?post=86644"}],"version-history":[{"count":0,"href":"https:\/\/www.infokuryr.cz\/n\/wp-json\/wp\/v2\/posts\/86644\/revisions"}],"wp:featuredmedia":[{"embeddable":true,"href":"https:\/\/www.infokuryr.cz\/n\/wp-json\/wp\/v2\/media\/85140"}],"wp:attachment":[{"href":"https:\/\/www.infokuryr.cz\/n\/wp-json\/wp\/v2\/media?parent=86644"}],"wp:term":[{"taxonomy":"category","embeddable":true,"href":"https:\/\/www.infokuryr.cz\/n\/wp-json\/wp\/v2\/categories?post=86644"},{"taxonomy":"post_tag","embeddable":true,"href":"https:\/\/www.infokuryr.cz\/n\/wp-json\/wp\/v2\/tags?post=86644"}],"curies":[{"name":"wp","href":"https:\/\/api.w.org\/{rel}","templated":true}]}}