{"id":86642,"date":"2025-08-29T00:16:13","date_gmt":"2025-08-28T22:16:13","guid":{"rendered":"https:\/\/www.infokuryr.cz\/n\/?p=86642"},"modified":"2025-08-28T14:09:24","modified_gmt":"2025-08-28T12:09:24","slug":"proc-zidum-a-dalsim-mensinam-verejne-prochazeji-veci-ktere-by-etnickym-cechum-nikdy-neprosli","status":"publish","type":"post","link":"https:\/\/www.infokuryr.cz\/n\/2025\/08\/29\/proc-zidum-a-dalsim-mensinam-verejne-prochazeji-veci-ktere-by-etnickym-cechum-nikdy-neprosli\/","title":{"rendered":"Pro\u010d \u017did\u016fm a dal\u0161\u00edm men\u0161in\u00e1m ve\u0159ejn\u011b proch\u00e1zej\u00ed v\u011bci, kter\u00e9 by etnick\u00fdm \u010cech\u016fm nikdy nepro\u0161li?"},"content":{"rendered":"<div id=\"fb-root\"><\/div>\n<h3 class=\"entry-title\">Kdo v \u010cesku doopravdy vl\u00e1dne?<\/h3>\n<p>Ofici\u00e1ln\u011b plat\u00ed sice pr\u00e1vo pro v\u0161echny, ale justi\u010dn\u00ed praxe ukazuje, \u017ee to nen\u00ed pravda. Jsou men\u0161iny, kter\u00e9 jsou nad z\u00e1konem, nebo je k nim z\u00e1kon velmi benevolentn\u00ed.<\/p>\n<p>T\u0159eba pachatel\u00e9 \u017eidovsk\u00e9ho p\u016fvodu.\u00a0<strong>Takov\u00fd Pavel Novotn\u00fd, ten m\u016f\u017ee nad\u00e1vat etnick\u00fdm \u010cech\u016fm, p\u0159\u00e1t jim smrt apod. ale nestane se mu nic! Nebo skoro nic. Ud\u011blat to sam\u00e9 etnick\u00fd \u010cech v\u016f\u010di \u017eid\u016fm, tak u\u017e d\u00e1vno sed\u00ed ve v\u011bzen\u00ed. A to nen\u00ed ur\u010dit\u011b jedin\u00fd p\u0159\u00edpad, kdy etnick\u00fd \u017did nen\u00ed potrest\u00e1n za skutek, kter\u00fd by \u010cechovi nepro\u0161el.<\/strong><\/p>\n<p>Dal\u0161\u00ed p\u0159\u00edkladem jsou\u00a0<strong>barevn\u00ed uprchl\u00edci a Ukrajinci. Kdy\u017e se opil\u00fd Ukrajinec n\u011bkde porve a zp\u016fsob\u00ed \u0161kodu, \u010di zran\u011bn\u00ed, tak je to obvykle p\u0159estupek. U \u010cecha je to n\u00e1sil\u00ed a trestn\u00fd \u010din. Kdy\u017e prod\u00e1v\u00e1 Vietnamec d\u011btem drogy, tak je \u201e\u0161ikovn\u00fd\u201c obchodn\u00edk. Kdy\u017e pern\u00edk prod\u00e1v\u00e1 Morav\u00e1m, tak je to drogov\u00fd dealer.<\/strong>\u00a0Stejn\u011b benevolentn\u011b je posuzov\u00e1n i \u010dern\u00fd drogov\u00fd dealer v centru ka\u017ed\u00e9ho v\u011bt\u0161\u00edho \u010desk\u00e9ho a moravsk\u00e9ho m\u011bsta.<\/p>\n<p>To vede k ot\u00e1zce,\u00a0<strong>kdo v \u010cesku doopravdy vl\u00e1dne? Etni\u010dt\u00ed \u010ce\u0161i to ur\u010dit\u011b nejsou<\/strong>. Ale nejsou to ani Ukrajinci, \u010di Vietnamci, nebo Arabov\u00e9. Ti jsou jen n\u00e1strojem rozvratu\u2026<\/p>\n<p><a href=\"https:\/\/ceskavec.com\/2025\/08\/proc-zidum-a-dalsim-mensinam-verejne-prochazeji-veci-ktere-by-etnickym-cechum-nikdy-neprosli-kdo-v-cesku-doopravdy-vladne\">Aron G.<\/a><\/p>\n<p><img decoding=\"async\" loading=\"lazy\" class=\"wp-image-85920 aligncenter\" src=\"http:\/\/www.infokuryr.cz\/n\/wp-content\/uploads\/2025\/08\/pozvaniV-300x140.jpg\" alt=\"\" width=\"675\" height=\"315\" srcset=\"https:\/\/www.infokuryr.cz\/n\/wp-content\/uploads\/2025\/08\/pozvaniV-300x140.jpg 300w, https:\/\/www.infokuryr.cz\/n\/wp-content\/uploads\/2025\/08\/pozvaniV-768x360.jpg 768w, https:\/\/www.infokuryr.cz\/n\/wp-content\/uploads\/2025\/08\/pozvaniV.jpg 925w\" sizes=\"(max-width: 675px) 100vw, 675px\" \/><\/p>\n<p><img decoding=\"async\" loading=\"lazy\" class=\"wp-image-86134 aligncenter\" src=\"http:\/\/www.infokuryr.cz\/n\/wp-content\/uploads\/2025\/08\/volby10-212x300.png\" alt=\"\" width=\"674\" height=\"954\" srcset=\"https:\/\/www.infokuryr.cz\/n\/wp-content\/uploads\/2025\/08\/volby10-212x300.png 212w, https:\/\/www.infokuryr.cz\/n\/wp-content\/uploads\/2025\/08\/volby10-724x1024.png 724w, https:\/\/www.infokuryr.cz\/n\/wp-content\/uploads\/2025\/08\/volby10-768x1086.png 768w, https:\/\/www.infokuryr.cz\/n\/wp-content\/uploads\/2025\/08\/volby10-1449x2048.png 1449w\" sizes=\"(max-width: 674px) 100vw, 674px\" \/><\/p>\n<p>&nbsp;<\/p>\n","protected":false},"excerpt":{"rendered":"<p>Kdo v \u010cesku doopravdy vl\u00e1dne? Ofici\u00e1ln\u011b plat\u00ed sice pr\u00e1vo pro v\u0161echny, ale justi\u010dn\u00ed praxe ukazuje,&#8230;<\/p>\n","protected":false},"author":2,"featured_media":86643,"comment_status":"closed","ping_status":"closed","sticky":false,"template":"","format":"standard","meta":[],"categories":[6],"tags":[1503,369,4051,92],"_links":{"self":[{"href":"https:\/\/www.infokuryr.cz\/n\/wp-json\/wp\/v2\/posts\/86642"}],"collection":[{"href":"https:\/\/www.infokuryr.cz\/n\/wp-json\/wp\/v2\/posts"}],"about":[{"href":"https:\/\/www.infokuryr.cz\/n\/wp-json\/wp\/v2\/types\/post"}],"author":[{"embeddable":true,"href":"https:\/\/www.infokuryr.cz\/n\/wp-json\/wp\/v2\/users\/2"}],"replies":[{"embeddable":true,"href":"https:\/\/www.infokuryr.cz\/n\/wp-json\/wp\/v2\/comments?post=86642"}],"version-history":[{"count":0,"href":"https:\/\/www.infokuryr.cz\/n\/wp-json\/wp\/v2\/posts\/86642\/revisions"}],"wp:featuredmedia":[{"embeddable":true,"href":"https:\/\/www.infokuryr.cz\/n\/wp-json\/wp\/v2\/media\/86643"}],"wp:attachment":[{"href":"https:\/\/www.infokuryr.cz\/n\/wp-json\/wp\/v2\/media?parent=86642"}],"wp:term":[{"taxonomy":"category","embeddable":true,"href":"https:\/\/www.infokuryr.cz\/n\/wp-json\/wp\/v2\/categories?post=86642"},{"taxonomy":"post_tag","embeddable":true,"href":"https:\/\/www.infokuryr.cz\/n\/wp-json\/wp\/v2\/tags?post=86642"}],"curies":[{"name":"wp","href":"https:\/\/api.w.org\/{rel}","templated":true}]}}