{"id":86636,"date":"2025-08-29T00:23:27","date_gmt":"2025-08-28T22:23:27","guid":{"rendered":"https:\/\/www.infokuryr.cz\/n\/?p=86636"},"modified":"2025-08-28T13:39:02","modified_gmt":"2025-08-28T11:39:02","slug":"rozbili-mi-hlavu-kvuli-hodinkam-obet-v-milane-varuje-ze-mesto-je-nebezpecne-bosensti-bratranci-zatceni-za-serii-nasilnych-loupezi","status":"publish","type":"post","link":"https:\/\/www.infokuryr.cz\/n\/2025\/08\/29\/rozbili-mi-hlavu-kvuli-hodinkam-obet-v-milane-varuje-ze-mesto-je-nebezpecne-bosensti-bratranci-zatceni-za-serii-nasilnych-loupezi\/","title":{"rendered":"\u201eRozbili mi hlavu kv\u016fli hodink\u00e1m!\u201c \u2013 Ob\u011b\u0165 v Mil\u00e1n\u011b varuje, \u017ee m\u011bsto je nebezpe\u010dn\u00e9, bosen\u0161t\u00ed bratranci zat\u010deni za s\u00e9rii n\u00e1siln\u00fdch loupe\u017e\u00ed"},"content":{"rendered":"<div id=\"fb-root\"><\/div>\n<h3 class=\"s-tagline fw-tagline\"><span dir=\"auto\">P\u011btadvacetilet\u00fd Alessandro Briguglio promluvil pot\u00e9, co byl ponech\u00e1n na jednotce intenzivn\u00ed p\u00e9\u010de, d\u00edky \u00fato\u010dn\u00edk\u016fm, kte\u0159\u00ed se zam\u011b\u0159ili na jeho luxusn\u00ed hodinky v tudorovsk\u00e9m stylu pobl\u00ed\u017e mil\u00e1nsk\u00e9 katedr\u00e1ly<\/span><\/h3>\n<p><span dir=\"auto\">Ob\u011b\u0165 n\u00e1siln\u00e9 loupe\u017ee pobl\u00ed\u017e mil\u00e1nsk\u00e9ho Duomo ve\u0159ejn\u011b promluvila o sv\u00e9 trag\u00e9dii a varovala ostatn\u00ed, aby se v noci vyh\u00fdbali centru m\u011bsta.<\/span><\/p>\n<p><span dir=\"auto\">P\u011btadvacetilet\u00fd Alessandro Briguglio byl 5. \u010dervence p\u0159epaden p\u0159i proch\u00e1zce s kamar\u00e1dem na n\u00e1m\u011bst\u00ed Piazza Missori a utrp\u011bl t\u011b\u017ek\u00e1 zran\u011bn\u00ed hlavy pot\u00e9, co ho dva mu\u017ei napadli kv\u016fli jeho hodink\u00e1m Tudor v hodnot\u011b 4 000 eur.<\/span><\/p>\n<p><span dir=\"auto\">\u201eJen mal\u00e1 rada: V Mil\u00e1n\u011b se neodbo\u010dujte sm\u011brem k Duomo, proto\u017ee to nen\u00ed bezpe\u010dn\u00e9. Na chv\u00edli jsem si rozbil hlavu,\u201c \u0159ekl Briguglio ve videu zve\u0159ejn\u011bn\u00e9m na soci\u00e1ln\u00edch s\u00edt\u00edch. Byl o\u0161et\u0159en v nemocnici Policlinico, kde l\u00e9ka\u0159i uvedli, \u017ee dal\u0161\u00ed r\u00e1na \u201emohla jist\u011b proniknout hloub\u011bji a dos\u00e1hnout mozku\u201c. Briguglio str\u00e1vil dva dny na jednotce intenzivn\u00ed p\u00e9\u010de a dal\u0161\u00ed t\u00fdden v nemocnici.<\/span><\/p>\n<p><span dir=\"auto\">Podle\u00a0<\/span><a href=\"https:\/\/milano.corriere.it\/notizie\/cronaca\/25_agosto_28\/milano-25enne-aggredito-a-martellate-in-testa-per-rubargli-l-orologio-un-altro-colpo-e-mi-avrebbero-ucciso-presi-dopo-due-mesi-i-e23e2ff0-7f64-4dbc-b6ff-ba66bbd73xlk.shtml\"><span dir=\"auto\">den\u00edku Corriere della Sera<\/span><\/a><span dir=\"auto\">\u00a0\u00fa\u0159ady mezit\u00edm zatkly 27let\u00e9ho Claudia Selimovi\u0107e a jeho 26let\u00e9ho bratrance Conana, zn\u00e1m\u00e9ho jako \u201eMaradona\u201c, kv\u016fli obvin\u011bn\u00ed z loupe\u017ee s p\u0159it\u011b\u017euj\u00edc\u00edmi okolnostmi a pokusu o vra\u017edu. Selimovi\u0107 je bosensk\u00e9 p\u0159\u00edjmen\u00ed odvozen\u00e9 z isl\u00e1mu.<\/span><\/p>\n<p><span dir=\"auto\">St\u00e1tn\u00ed z\u00e1stupci tvrd\u00ed, \u017ee oba obkl\u00ed\u010dili Briguglia a jeho p\u0159\u00edtele pobl\u00ed\u017e ulice Via Zebedia a k\u0159i\u010deli: \u201eNa roh! Hl\u00eddka!\u201c, ne\u017e zah\u00e1jili zu\u0159iv\u00fd \u00fatok. Briguglio byl zbit kladivem, p\u011bstmi a kop\u00e1ny, dokud se nezhroutil na ze\u010f. Jeho p\u0159\u00edteli se poda\u0159ilo ut\u00e9ct a spustit poplach, zat\u00edmco kolemjdouc\u00ed zaznamenali \u00fanikov\u00e9 auto \u00fato\u010dn\u00edk\u016f.<\/span><\/p>\n<p><span dir=\"auto\">Vy\u0161et\u0159ovac\u00ed jednotka karabini\u00e9r\u016f identifikovala podez\u0159el\u00e9 po prozkoum\u00e1n\u00ed z\u00e1znam\u016f z bezpe\u010dnostn\u00edch kamer, telefonn\u00edch dat, v\u00fdpov\u011bd\u00ed sv\u011bdk\u016f a odposlech\u016f. P\u0159i domovn\u00edch prohl\u00eddk\u00e1ch byla odhalena ukraden\u00e1 elektronika, replika pistole a 13 000 eur v hotovosti. Vy\u0161et\u0159ovatel\u00e9 je tak\u00e9 spojili s dal\u0161\u00edmi dv\u011bma kr\u00e1de\u017eemi sp\u00e1chan\u00fdmi v \u010dervenci, v\u010detn\u011b loupe\u017e\u00ed s kufry v Assagu a Bicocca Village.<\/span><\/p>\n<p><span dir=\"auto\">Soudkyn\u011b Patrizia Nobile p\u0159i na\u0159\u00edzen\u00ed vazby uvedla jejich \u201ebezskrupul\u00f3zn\u00ed, n\u00e1siln\u00e9 a nespoutan\u00e9 povahy\u201c. Odposlechy d\u00e1le odhalily rozsah jejich krimin\u00e1ln\u00ed \u010dinnosti, p\u0159i\u010dem\u017e Selimovic se 26. \u010dervence chlubil sv\u00e9 \u017een\u011b: \u201eDnes jsem s Maradonou vyd\u011blal spoustu pen\u011bz, vyd\u011blal jsem v\u00edce ne\u017e 20 000 eur. Je horliv\u011bj\u0161\u00ed ne\u017e j\u00e1. Je mlad\u0161\u00ed a nem\u00e1 rodinu.\u201c<\/span><\/p>\n<p><span dir=\"auto\">P\u0159\u00edpad zes\u00edlil obavy o ve\u0159ejnou bezpe\u010dnost v historick\u00e9m centru Mil\u00e1na, kde se zvy\u0161uje po\u010det n\u00e1siln\u00fdch loupe\u017e\u00ed.<\/span><\/p>\n<p><span dir=\"auto\">Minul\u00fd m\u011bs\u00edc byl americk\u00fd turista pobod\u00e1n do hrudn\u00edku cestou region\u00e1ln\u00edm vlakem z Melegnana do Mil\u00e1na. Sedmadvacetilet\u00e1 ob\u011b\u0165 byla napadena pobl\u00ed\u017e vlakov\u00e9ho n\u00e1dra\u017e\u00ed San Giuliano Milanese gangem mlad\u00fdch mu\u017e\u016f popsan\u00fdch jako mu\u017ei severoafrick\u00e9ho p\u016fvodu, kte\u0159\u00ed se pokusili ukr\u00e1st jeho zlat\u00fd n\u00e1hrdeln\u00edk a pot\u00e9 z m\u00edsta \u010dinu uprchli.<\/span><\/p>\n<p><a href=\"https:\/\/x.com\/RMXnews\/status\/1945534059977085434\"><span dir=\"auto\">Z\u00e1b\u011bry z n\u00e1stupi\u0161t\u011b San Giuliano<\/span><\/a><span dir=\"auto\">\u00a0ukazuj\u00ed ob\u011b\u0165 pokrytou krv\u00ed, jak k\u0159i\u010d\u00ed: \u201eNechci zem\u0159\u00edt.\u201c<\/span><\/p>\n<p><span dir=\"auto\">Mezi dal\u0161\u00ed \u00fatoky v tomto roce pat\u0159\u00ed jeden po\u00a0<\/span><a href=\"https:\/\/rmx.news\/article\/five-north-africans-wanted-for-stabbing-of-italian-teen-in-milan\/\"><span dir=\"auto\">p\u011bti severoafrick\u00fdch mu\u017e\u00edch obvin\u011bn\u00fdch z pobod\u00e1n\u00ed \u0161estn\u00e1ctilet\u00e9ho italsk\u00e9ho chlapce a jeho zanech\u00e1n\u00ed napospas smrti<\/span><\/a><span dir=\"auto\">\u00a0pot\u00e9, co mu ukradli pen\u011b\u017eenku, mobiln\u00ed telefon a sk\u00fatr, a\u00a0<\/span><a href=\"https:\/\/rmx.news\/article\/manhunt-for-10-north-african-men-suspected-of-gang-raping-italian-teen-outside-milan-nightclub\/\"><span dir=\"auto\">deset severoafrick\u00fdch mu\u017e\u016f hledan\u00fdch za hromadn\u00e9 zn\u00e1siln\u011bn\u00ed devaten\u00e1ctilet\u00e9 studentky,<\/span><\/a><span dir=\"auto\">\u00a0kter\u00e1 v lednu pa\u0159ila se sv\u00fdm p\u0159\u00edtelem v mil\u00e1nsk\u00e9m no\u010dn\u00edm klubu.<\/span><\/p>\n<p><span dir=\"auto\">V listopadu lo\u0148sk\u00e9ho roku ministr vnitra Matteo Piantedosi odhalil, \u017ee 65 procent trestn\u00fdch \u010din\u016f v Mil\u00e1n\u011b p\u00e1chaj\u00ed 20 procenta zahrani\u010dn\u00ed populace, co\u017e vedlo levicov\u00e9ho starostu Beppeho Salu k p\u0159izn\u00e1n\u00ed: \u201eNetvrd\u00edm, \u017ee Mil\u00e1n je bezpe\u010dn\u00e9 m\u011bsto, ale sna\u017e\u00ed se \u0159e\u0161it probl\u00e9my, kter\u00fdm \u010del\u00ed v\u0161echna mezin\u00e1rodn\u00ed m\u011bsta.\u201c<\/span><\/p>\n<p><img decoding=\"async\" loading=\"lazy\" class=\"alignnone size-full wp-image-1185\" src=\"http:\/\/www.infokuryr.cz\/n\/wp-content\/uploads\/2021\/04\/kuryr-podpis.png\" alt=\"\" width=\"84\" height=\"24\" \/><\/p>\n<p><img decoding=\"async\" loading=\"lazy\" class=\"wp-image-86134 aligncenter\" src=\"http:\/\/www.infokuryr.cz\/n\/wp-content\/uploads\/2025\/08\/volby10-212x300.png\" alt=\"\" width=\"684\" height=\"968\" srcset=\"https:\/\/www.infokuryr.cz\/n\/wp-content\/uploads\/2025\/08\/volby10-212x300.png 212w, https:\/\/www.infokuryr.cz\/n\/wp-content\/uploads\/2025\/08\/volby10-724x1024.png 724w, https:\/\/www.infokuryr.cz\/n\/wp-content\/uploads\/2025\/08\/volby10-768x1086.png 768w, https:\/\/www.infokuryr.cz\/n\/wp-content\/uploads\/2025\/08\/volby10-1087x1536.png 1087w, https:\/\/www.infokuryr.cz\/n\/wp-content\/uploads\/2025\/08\/volby10-1449x2048.png 1449w, https:\/\/www.infokuryr.cz\/n\/wp-content\/uploads\/2025\/08\/volby10-1024x1447.png 1024w\" sizes=\"(max-width: 684px) 100vw, 684px\" \/><\/p>\n<p>&nbsp;<\/p>\n","protected":false},"excerpt":{"rendered":"<p>P\u011btadvacetilet\u00fd Alessandro Briguglio promluvil pot\u00e9, co byl ponech\u00e1n na jednotce intenzivn\u00ed p\u00e9\u010de, d\u00edky \u00fato\u010dn\u00edk\u016fm, kte\u0159\u00ed&#8230;<\/p>\n","protected":false},"author":2,"featured_media":86637,"comment_status":"closed","ping_status":"closed","sticky":false,"template":"","format":"standard","meta":[],"categories":[7],"tags":[119,2278,1696],"_links":{"self":[{"href":"https:\/\/www.infokuryr.cz\/n\/wp-json\/wp\/v2\/posts\/86636"}],"collection":[{"href":"https:\/\/www.infokuryr.cz\/n\/wp-json\/wp\/v2\/posts"}],"about":[{"href":"https:\/\/www.infokuryr.cz\/n\/wp-json\/wp\/v2\/types\/post"}],"author":[{"embeddable":true,"href":"https:\/\/www.infokuryr.cz\/n\/wp-json\/wp\/v2\/users\/2"}],"replies":[{"embeddable":true,"href":"https:\/\/www.infokuryr.cz\/n\/wp-json\/wp\/v2\/comments?post=86636"}],"version-history":[{"count":0,"href":"https:\/\/www.infokuryr.cz\/n\/wp-json\/wp\/v2\/posts\/86636\/revisions"}],"wp:featuredmedia":[{"embeddable":true,"href":"https:\/\/www.infokuryr.cz\/n\/wp-json\/wp\/v2\/media\/86637"}],"wp:attachment":[{"href":"https:\/\/www.infokuryr.cz\/n\/wp-json\/wp\/v2\/media?parent=86636"}],"wp:term":[{"taxonomy":"category","embeddable":true,"href":"https:\/\/www.infokuryr.cz\/n\/wp-json\/wp\/v2\/categories?post=86636"},{"taxonomy":"post_tag","embeddable":true,"href":"https:\/\/www.infokuryr.cz\/n\/wp-json\/wp\/v2\/tags?post=86636"}],"curies":[{"name":"wp","href":"https:\/\/api.w.org\/{rel}","templated":true}]}}