{"id":86632,"date":"2025-08-29T00:21:42","date_gmt":"2025-08-28T22:21:42","guid":{"rendered":"https:\/\/www.infokuryr.cz\/n\/?p=86632"},"modified":"2025-08-28T13:30:47","modified_gmt":"2025-08-28T11:30:47","slug":"valka-na-ukrajine-co-vlastne-chce-krymske-obyvatelstvo","status":"publish","type":"post","link":"https:\/\/www.infokuryr.cz\/n\/2025\/08\/29\/valka-na-ukrajine-co-vlastne-chce-krymske-obyvatelstvo\/","title":{"rendered":"V\u00e1lka na Ukrajin\u011b: Co vlastn\u011b chce krymsk\u00e9 obyvatelstvo?"},"content":{"rendered":"<div id=\"fb-root\"><\/div>\n<p><strong><span dir=\"auto\">\u201eV roce 2014 se Krymsk\u00fd poloostrov v referendu odtrhl od Ukrajiny a p\u0159ipojil se k Rusku.\u00a0<\/span><\/strong><strong><span dir=\"auto\">Po desetilet\u00edch trvaj\u00edc\u00edm boji za nez\u00e1vislost byli obyvatel\u00e9 Krymu schopni prosadit svou v\u016fli pat\u0159it k Rusku.\u201c (\u00a0<\/span><\/strong><strong><span dir=\"auto\">135\u00a0<\/span><\/strong><strong><span dir=\"auto\">volebn\u00edch pozorovatel\u016f z 23 zem\u00ed potvrdilo spr\u00e1vn\u00e9 hlasov\u00e1n\u00ed a s\u010d\u00edt\u00e1n\u00ed hlas\u016f.\u00a0<\/span><\/strong><strong><span dir=\"auto\">Od t\u00e9 doby je Rusko NATO ozna\u010deno za agresivn\u00edho okupanta a ukrajinsk\u00e1 arm\u00e1da se od roku 2022 pokou\u0161ela Krym dob\u00fdt silou.)\u00a0<\/span><em><span dir=\"auto\">P\u0159ij\u00edm\u00e1me \u010dl\u00e1nek, kter\u00fd n\u00e1m laskav\u011b zaslal Thomas Mayer, autor knihy \u201eHled\u00e1n\u00ed pravdy ve v\u00e1lce na Ukrajin\u011b\u201c.\u00a0<\/span><\/em><\/strong><\/p>\n<p style=\"text-align: center;\"><strong>\u00a0<\/strong><a href=\"https:\/\/fassadenkratzer.de\/wp-content\/uploads\/2025\/08\/krim-jubel-dpa.jpeg\"><img decoding=\"async\" loading=\"lazy\" class=\"aligncenter wp-image-17857 \" src=\"https:\/\/fassadenkratzer.de\/wp-content\/uploads\/2025\/08\/krim-jubel-dpa.jpeg?w=840\" alt=\"\" width=\"828\" height=\"354\" data-attachment-id=\"17857\" data-permalink=\"https:\/\/fassadenkratzer.de\/2025\/08\/27\/ukraine-krieg-was-will-eigentlich-die-bevolkerung-der-krim\/krim-jubel-dpa\/\" data-orig-file=\"https:\/\/fassadenkratzer.de\/wp-content\/uploads\/2025\/08\/krim-jubel-dpa.jpeg\" data-orig-size=\"1000,428\" data-comments-opened=\"0\" data-image-meta=\"{&quot;aperture&quot;:&quot;0&quot;,&quot;credit&quot;:&quot;&quot;,&quot;camera&quot;:&quot;&quot;,&quot;caption&quot;:&quot;&quot;,&quot;created_timestamp&quot;:&quot;0&quot;,&quot;copyright&quot;:&quot;&quot;,&quot;focal_length&quot;:&quot;0&quot;,&quot;iso&quot;:&quot;0&quot;,&quot;shutter_speed&quot;:&quot;0&quot;,&quot;title&quot;:&quot;&quot;,&quot;orientation&quot;:&quot;0&quot;}\" data-image-title=\"krim-jubel-dpa\" data-image-description=\"\" data-image-caption=\"\" data-medium-file=\"https:\/\/fassadenkratzer.de\/wp-content\/uploads\/2025\/08\/krim-jubel-dpa.jpeg?w=300\" data-large-file=\"https:\/\/fassadenkratzer.de\/wp-content\/uploads\/2025\/08\/krim-jubel-dpa.jpeg?w=840\" \/><\/a><em><span dir=\"auto\">V\u00edce ne\u017e 95% souhlas v referendu na Krymu, 16. b\u0159ezna 2014 (tagespiegel.de)<\/span><\/em><\/p>\n<p><span dir=\"auto\">EU sm\u011b\u0159uje k v\u00e1le\u010dn\u00e9 ekonomice. Rusko je nep\u0159\u00edtel. Ob\u010dan\u00e9 by m\u011bli platit. V demokracii by to m\u011blo b\u00fdt jejich rozhodnut\u00ed. Aby toho dos\u00e1hli, mus\u00ed b\u00fdt pravdiv\u011b informov\u00e1ni. Proto se Thomas Mayer pustil do \u201eHled\u00e1n\u00ed pravdy ve v\u00e1lce na Ukrajin\u011b\u201c. Jedna kapitola jeho knihy se zab\u00fdv\u00e1 Krymem. To, co z n\u00ed vyplyne, by mohlo \u0161okovat \u2013 nebo alespo\u0148 ohromit. Tato kapitola z audioknihy, namluven\u00e1 Ennem Schmidtem, je k dispozici online zdarma.<\/span><\/p>\n<p><span dir=\"auto\">Ob\u010dansk\u00e1 v\u00e1lka na v\u00fdchod\u011b Ukrajiny za\u010dala odtr\u017een\u00edm Krymu od Ukrajiny v b\u0159eznu 2014 a v \u00fanoru 2022 p\u0159erostla v ukrajinskou v\u00e1lku. C\u00edl kyjevsk\u00e9 vl\u00e1dy dob\u00fdt Krym a Donbas a znovu je za\u010dlenit do Ukrajiny neumo\u017enil m\u00edr a nad\u00e1le mu stoj\u00ed v cest\u011b. Tvrd\u00ed se, \u017ee Putin by nem\u011bl b\u00fdt za svou agresi odm\u011b\u0148ov\u00e1n \u00fazemn\u00edmi zisky.<\/span><\/p>\n<p><span dir=\"auto\">Ale co vlastn\u011b lid\u00e9 na Krymu cht\u011bj\u00ed? Touto \u00fast\u0159edn\u00ed ot\u00e1zkou se zab\u00fdv\u00e1 audiokniha \u201eHled\u00e1n\u00ed pravdy ve v\u00e1lce na Ukrajin\u011b\u201c, kter\u00e1 popisuje historii Krymu.<\/span><\/p>\n<p><span dir=\"auto\">V lednu 1991 se na Krymu, za sov\u011btsk\u00e9 \u00e9ry, konalo referendum, v n\u011bm\u017e 93 procent voli\u010d\u016f podpo\u0159ilo nez\u00e1vislost Krymu na Ukrajin\u011b a jeho \u00fa\u010dast jako \u201eAutonomn\u00ed republiky Krym\u201c v nov\u00e9m svazku pl\u00e1novan\u00e9m sov\u011btsk\u00fdm prezidentem Michailem Gorba\u010dovem. To demonstruje jasn\u00e9 odm\u00edtnut\u00ed Ukrajiny krymsk\u00fdm obyvatelstvem a jasnou prosbu o spojen\u00ed s Ruskem.<\/span><\/p>\n<p><span dir=\"auto\">Kyjev v\u0161ak v\u00fdsledek ignoroval a up\u0159el Krymu pr\u00e1vo na sebeur\u010den\u00ed. 1. prosince 1991 se na cel\u00e9 Ukrajin\u011b konalo referendum, v n\u011bm\u017e 92,3 procenta Ukrajinc\u016f hlasovalo pro nez\u00e1vislost Ukrajiny na Sov\u011btsk\u00e9m svazu. T\u00edm se Ukrajina stala nez\u00e1visl\u00fdm st\u00e1tem. Sov\u011btsk\u00fd svaz se rozpadl. Z\u00e1kon o referendu v\u0161ak stanovil, \u017ee Krym, kter\u00fd m\u011bl status autonomn\u00ed oblasti v r\u00e1mci Ukrajiny, m\u016f\u017ee rozhodnout o sv\u00e9 budoucnosti nez\u00e1visle na zbytku Ukrajiny: zda se m\u00e1 Krym p\u0159ipojit k unii s Ruskem jako nez\u00e1visl\u00e1 republika, nebo zda z\u016fstane sou\u010d\u00e1st\u00ed Ukrajiny. Toto z\u00e1konn\u00e9 pr\u00e1vo v\u0161ak bylo Krymu up\u0159eno a Krym byl tak anektov\u00e1n Ukrajinou.<\/span><\/p>\n<p><span dir=\"auto\">V kv\u011btnu 1992 krymsk\u00fd parlament znovu vyhl\u00e1sil nez\u00e1visl\u00fd Krym na Ukrajin\u011b a vyhl\u00e1sil nov\u00e9 referendum o nez\u00e1vislosti. Toto referendum v\u0161ak bylo pod tlakem Kyjeva a kv\u016fli rozs\u00e1hl\u00fdm \u00fastupk\u016fm Kyjeva Krymu pozastaveno. V roce 1994 v\u0161ak v\u011bt\u0161inov\u00e1 strana v krymsk\u00e9m parlamentu, \u201eRusk\u00fd blok\u201c, pod veden\u00edm krymsk\u00e9ho prezidenta Jurije Me\u0161kova, tuto my\u0161lenku o\u017eivila. 27. dubna 1994 se 78,4 procenta Krymc\u016f op\u011bt vyslovilo pro nez\u00e1vislost Krymu na Ukrajin\u011b. Kyjev prohl\u00e1sil hlasov\u00e1n\u00ed za nez\u00e1konn\u00e9, zbavil Krymce jejich zvl\u00e1\u0161tn\u00edch pr\u00e1v, zru\u0161il krymskou \u00fastavu a za pou\u017eit\u00ed speci\u00e1ln\u00edch vojensk\u00fdch jednotek odvolal krymsk\u00e9ho prezidenta z funkce. Dalo by se to nazvat vojensk\u00fdm p\u0159evratem.<\/span><\/p>\n<p><span dir=\"auto\">Tato nesporn\u00e1 fakta ukazuj\u00ed, jak se b\u011bhem Gorba\u010dovova pokusu o obnovu Sov\u011btsk\u00e9ho svazu a b\u011bhem jeho rozpadu obyvatel\u00e9 Krymu rozhodn\u011b zasazovali o nez\u00e1vislost na Ukrajin\u011b a setrv\u00e1n\u00ed ve spojen\u00ed s Ruskem. Krym byl ostatn\u011b sou\u010d\u00e1st\u00ed Ukrajiny teprve od roku 1954. Tehdej\u0161\u00ed prezident SSSR Nikita Chru\u0161\u010dov jej sv\u00e9voln\u011b daroval Ukrajinsk\u00e9 sov\u011btsk\u00e9 republice. P\u0159edt\u00edm, od roku 1774, pat\u0159il Rusku.<\/span><\/p>\n<p><span dir=\"auto\">Tvrzen\u00ed, \u017ee referendum na Krymu v b\u0159eznu 2014, v n\u011bm\u017e 97,5 procenta voli\u010d\u016f hlasovalo pro p\u0159ipojen\u00ed Krymu k Rusku, bylo \u201efiktivn\u00edm referendem\u201c, jak n\u00e1m bylo \u0159e\u010deno, je vzhledem k historii neopodstatn\u011bn\u00e9. 135 volebn\u00edch pozorovatel\u016f z 23 zem\u00ed potvrdilo spr\u00e1vn\u00e9 hlasov\u00e1n\u00ed a s\u010d\u00edt\u00e1n\u00ed hlas\u016f. N\u00e1sledn\u00e9 pr\u016fzkumy ve\u0159ejn\u00e9ho m\u00edn\u011bn\u00ed proveden\u00e9 z\u00e1padn\u00edmi instituty na Krymu v\u00fdsledek hlasov\u00e1n\u00ed potvrdily.<\/span><\/p>\n<p><span dir=\"auto\">A co by se stalo, kdyby Ukrajina znovu dobyla Krym? \u0160\u00e9f ukrajinsk\u00e9 vojensk\u00e9 rozv\u011bdky v rozhovoru zd\u016fraznil, \u017ee Krym\u010dan\u00e9 nejsou jen neloaj\u00e1ln\u00ed, ale lid\u00e9 se zm\u011bn\u011bnou psychikou, pro kter\u00e9 by jedin\u00fdm spravedliv\u00fdm trestem pro n\u011bkter\u00e9 z nich mohlo b\u00fdt fyzick\u00e9 zni\u010den\u00ed. \u0160\u00e9f ukrajinsk\u00e9 bezpe\u010dnostn\u00ed rady tak\u00e9 ve sv\u00e9m dvan\u00e1ctibodov\u00e9m pl\u00e1nu na deokupaci Krymu ozn\u00e1mil trest pro \u201ekolaboranty\u201c. Pokud Ukrajina Krym znovu z\u00edsk\u00e1, \u010dek\u00e1 krymsk\u00e9 obyvatelstvo zbaven\u00ed volebn\u00edho pr\u00e1va, vyho\u0161t\u011bn\u00ed nebo fyzick\u00e9 zni\u010den\u00ed. Pro krymsk\u00e9 obyvatelstvo by to byla katastrofa. Z\u00e1padn\u00ed m\u00e9dia se v\u0161ak chovaj\u00ed, jako by to krymsk\u00e9 obyvatelstvo osvobodilo od rusk\u00e9 n\u00e1tlakov\u00e9 vl\u00e1dy. Pravda je p\u0159ekrucov\u00e1na o 180 stup\u0148\u016f.<\/span><\/p>\n<p><span dir=\"auto\">Thomas Mayer se ve sv\u00e9 knize zab\u00fdv\u00e1 i mezin\u00e1rodn\u00edm pr\u00e1vem. To v\u00fdslovn\u011b legitimizuje takov\u00e9 odtr\u017een\u00ed Krymu od Ukrajiny a jeho p\u0159ipojen\u00ed k Rusku. Tot\u00e9\u017e plat\u00ed pro regiony Donbasu. Zbran\u011b a pen\u00edze pro Ukrajinu umo\u017e\u0148uj\u00ed v\u00e1lku proti sebeur\u010den\u00ed n\u00e1rod\u016f. Pokud Krym z\u016fstane rusk\u00fd, nen\u00ed to laskavost Putinovi, ale sp\u00ed\u0161e uzn\u00e1n\u00ed v\u016fle m\u00edstn\u00edho obyvatelstva.<\/span><\/p>\n<h5><em><strong><span dir=\"auto\">od <a href=\"https:\/\/fassadenkratzer.de\/2025\/08\/27\/ukraine-krieg-was-will-eigentlich-die-bevolkerung-der-krim\/\">Enna Schmidta<\/a><\/span><\/strong><\/em><\/h5>\n<p><img decoding=\"async\" loading=\"lazy\" class=\"wp-image-86134 aligncenter\" src=\"http:\/\/www.infokuryr.cz\/n\/wp-content\/uploads\/2025\/08\/volby10-212x300.png\" alt=\"\" width=\"693\" height=\"981\" srcset=\"https:\/\/www.infokuryr.cz\/n\/wp-content\/uploads\/2025\/08\/volby10-212x300.png 212w, https:\/\/www.infokuryr.cz\/n\/wp-content\/uploads\/2025\/08\/volby10-724x1024.png 724w, https:\/\/www.infokuryr.cz\/n\/wp-content\/uploads\/2025\/08\/volby10-768x1086.png 768w\" sizes=\"(max-width: 693px) 100vw, 693px\" \/><\/p>\n<p>&nbsp;<\/p>\n","protected":false},"excerpt":{"rendered":"<p>\u201eV roce 2014 se Krymsk\u00fd poloostrov v referendu odtrhl od Ukrajiny a p\u0159ipojil se k&#8230;<\/p>\n","protected":false},"author":2,"featured_media":3240,"comment_status":"closed","ping_status":"closed","sticky":false,"template":"","format":"standard","meta":[],"categories":[7],"tags":[1042,751,26,40],"_links":{"self":[{"href":"https:\/\/www.infokuryr.cz\/n\/wp-json\/wp\/v2\/posts\/86632"}],"collection":[{"href":"https:\/\/www.infokuryr.cz\/n\/wp-json\/wp\/v2\/posts"}],"about":[{"href":"https:\/\/www.infokuryr.cz\/n\/wp-json\/wp\/v2\/types\/post"}],"author":[{"embeddable":true,"href":"https:\/\/www.infokuryr.cz\/n\/wp-json\/wp\/v2\/users\/2"}],"replies":[{"embeddable":true,"href":"https:\/\/www.infokuryr.cz\/n\/wp-json\/wp\/v2\/comments?post=86632"}],"version-history":[{"count":1,"href":"https:\/\/www.infokuryr.cz\/n\/wp-json\/wp\/v2\/posts\/86632\/revisions"}],"predecessor-version":[{"id":86633,"href":"https:\/\/www.infokuryr.cz\/n\/wp-json\/wp\/v2\/posts\/86632\/revisions\/86633"}],"wp:featuredmedia":[{"embeddable":true,"href":"https:\/\/www.infokuryr.cz\/n\/wp-json\/wp\/v2\/media\/3240"}],"wp:attachment":[{"href":"https:\/\/www.infokuryr.cz\/n\/wp-json\/wp\/v2\/media?parent=86632"}],"wp:term":[{"taxonomy":"category","embeddable":true,"href":"https:\/\/www.infokuryr.cz\/n\/wp-json\/wp\/v2\/categories?post=86632"},{"taxonomy":"post_tag","embeddable":true,"href":"https:\/\/www.infokuryr.cz\/n\/wp-json\/wp\/v2\/tags?post=86632"}],"curies":[{"name":"wp","href":"https:\/\/api.w.org\/{rel}","templated":true}]}}