{"id":86630,"date":"2025-08-29T00:20:56","date_gmt":"2025-08-28T22:20:56","guid":{"rendered":"https:\/\/www.infokuryr.cz\/n\/?p=86630"},"modified":"2025-08-28T13:25:39","modified_gmt":"2025-08-28T11:25:39","slug":"neviditelne-poskozeni-v-kazde-vakcine","status":"publish","type":"post","link":"https:\/\/www.infokuryr.cz\/n\/2025\/08\/29\/neviditelne-poskozeni-v-kazde-vakcine\/","title":{"rendered":"Neviditeln\u00e9 po\u0161kozen\u00ed v ka\u017ed\u00e9 vakc\u00edn\u011b"},"content":{"rendered":"<div id=\"fb-root\"><\/div>\n<div class=\"elementor-element elementor-element-1fb4c2c elementor-widget elementor-widget-theme-post-content\" data-id=\"1fb4c2c\" data-element_type=\"widget\" data-widget_type=\"theme-post-content.default\">\n<div class=\"elementor-widget-container\">\n<h3 class=\"has-medium-font-size\"><strong><span dir=\"auto\">P\u0159edst\u00edrat, \u017ee zran\u011bn\u00ed zp\u016fsoben\u00e1 o\u010dkov\u00e1n\u00edm jsou vz\u00e1cn\u00e1, nep\u0159edv\u00eddateln\u00e1 a z\u00e1hadn\u00e1, znamen\u00e1 ignorovat v\u011bdu.<\/span><\/strong><\/h3>\n<p><em><span dir=\"auto\">N\u00e1sleduj\u00edc\u00ed informace vych\u00e1zej\u00ed ze zpr\u00e1vy p\u016fvodn\u011b publikovan\u00e9 \u010dasopisem A Midwestern Doctor. Kl\u00ed\u010dov\u00e9 detaily byly zjednodu\u0161eny a upraveny pro lep\u0161\u00ed srozumitelnost a relevantnost.\u00a0<\/span><\/em><a href=\"https:\/\/www.midwesterndoctor.com\/p\/what-makes-all-vaccines-so-dangerous\" target=\"_blank\" rel=\"noreferrer noopener\"><em><span dir=\"auto\">P\u016fvodn\u00ed zpr\u00e1vu si m\u016f\u017eete p\u0159e\u010d\u00edst zde<\/span><\/em><\/a><em><span dir=\"auto\">\u00a0.<\/span><\/em><\/p>\n<p><span dir=\"auto\">Skute\u010dn\u00fd d\u016fvod, pro\u010d jsou vakc\u00edny nebezpe\u010dn\u00e9, nem\u00e1 nic spole\u010dn\u00e9ho s \u201evz\u00e1cn\u00fdmi vedlej\u0161\u00edmi \u00fa\u010dinky\u201c.<\/span><\/p>\n<p><span dir=\"auto\">A\u0165 si to uv\u011bdomujete nebo ne, KA\u017dD\u00c1 vakc\u00edna, kterou dostanete, po\u0161kozuje va\u0161e t\u011blo.<\/span><\/p>\n<p><span dir=\"auto\">Pro\u010d? Proto\u017ee to zp\u016fsobuje po\u0161kozen\u00ed t\u011bla, kter\u00e9 v\u011bt\u0161ina l\u00e9ka\u0159\u016f nedok\u00e1\u017ee odhalit, proto\u017ee k tomu nejsou vy\u0161koleni.<\/span><\/p>\n<p><span dir=\"auto\">Ale nyn\u00ed u\u017e skryt\u00fd vzorec nelze p\u0159ehl\u00e9dnout.<\/span><\/p>\n<p><span dir=\"auto\">L\u00e9ka\u0159sk\u00fd pr\u016fmysl \u010dasto odm\u00edt\u00e1 zran\u011bn\u00ed zp\u016fsoben\u00e1 o\u010dkov\u00e1n\u00edm jako \u201epsychologick\u00e1\u201c.<\/span><\/p>\n<p><span dir=\"auto\">Pro\u010d? P\u0159\u00edznaky jsou \u010dasto rozmanit\u00e9, mohou se li\u0161it v z\u00e1va\u017enosti a je obt\u00ed\u017en\u00e9 je klasifikovat. V podstat\u011b se zna\u010dn\u011b li\u0161\u00ed. A l\u00e9ka\u0159i byli r\u016fzn\u00fdmi opat\u0159en\u00edmi povzbuzov\u00e1ni k tomu, aby p\u0159ed po\u0161kozen\u00edm o\u010dkov\u00e1n\u00edm p\u0159iv\u00edrali o\u010di.<\/span><\/p>\n<p><span dir=\"auto\">Historie v\u0161ak ukazuje, \u017ee tomu tak bylo i d\u0159\u00edve. Zpr\u00e1vy o podivn\u00fdch, invalidizuj\u00edc\u00edch a velmi re\u00e1ln\u00fdch fyziologick\u00fdch p\u0159\u00edznac\u00edch po o\u010dkov\u00e1n\u00ed sahaj\u00ed v\u00edce ne\u017e stolet\u00ed zp\u011bt.<\/span><\/p>\n<p><span dir=\"auto\">Vzory tam v\u017edycky byly, skryt\u00e9 pod neust\u00e1le se m\u011bn\u00edc\u00edmi n\u00e1zvy.<\/span><\/p>\n<figure class=\"wp-block-image aligncenter size-large\"><img decoding=\"async\" loading=\"lazy\" class=\"aligncenter\" src=\"https:\/\/substackcdn.com\/image\/fetch\/$s_!0s0C!,w_1456,c_limit,f_webp,q_auto:good,fl_progressive:steep\/https%3A%2F%2Fsubstack-post-media.s3.amazonaws.com%2Fpublic%2Fimages%2F41a45a30-6830-4971-9b1d-5c6562982bff_1250x853.png\" alt=\"\" width=\"767\" height=\"523\" \/><\/figure>\n<p><span dir=\"auto\">Je v\u016fbec mo\u017en\u00e9 ur\u010dit skute\u010dn\u00e9 p\u0159\u00ed\u010diny zran\u011bn\u00ed zp\u016fsoben\u00fdch o\u010dkov\u00e1n\u00edm?<\/span><\/p>\n<p><span dir=\"auto\">Ano, je to tak, a kniha St\u0159edoz\u00e1padn\u00ed l\u00e9ka\u0159 uv\u00e1d\u00ed \u010dty\u0159i mechanismy.<\/span><\/p>\n<ul>\n<li><span dir=\"auto\">1 \u2013 Kontaminovan\u00e9 \u0161ar\u017ee vakc\u00edny<\/span><\/li>\n<li><span dir=\"auto\">2 \u2013 Dlouhodob\u00e9 naru\u0161en\u00ed imunitn\u00edho syst\u00e9mu<\/span><\/li>\n<li><span dir=\"auto\">3 \u2013 Zaseknut\u00ed v \u201ereakci na nebezpe\u010d\u00ed bu\u0148ky\u201c<\/span><\/li>\n<li><span dir=\"auto\">4 \u2013 Kolaps zeta potenci\u00e1lu<\/span><\/li>\n<\/ul>\n<p><span dir=\"auto\">Ka\u017ed\u00fd z t\u011bchto mechanism\u016f vytv\u00e1\u0159\u00ed podm\u00ednky pro chronick\u00e1 onemocn\u011bn\u00ed, autoimunitn\u00ed poruchy a po\u0161kozen\u00ed mikroc\u00e9v. A ka\u017ed\u00e1 d\u00e1vka toto po\u0161kozen\u00ed zhor\u0161uje.<\/span><\/p>\n<figure class=\"wp-block-image aligncenter size-large\"><img decoding=\"async\" loading=\"lazy\" class=\"aligncenter\" src=\"https:\/\/substackcdn.com\/image\/fetch\/$s_!RdOv!,w_1456,c_limit,f_webp,q_auto:good,fl_progressive:steep\/https%3A%2F%2Fsubstack-post-media.s3.amazonaws.com%2Fpublic%2Fimages%2F04662253-aaa2-407c-ae05-3ae9e7dcd772_1250x853.png\" alt=\"\" width=\"737\" height=\"503\" \/><\/figure>\n<p><span dir=\"auto\">O zeta potenci\u00e1lu se v medic\u00edn\u011b diskutuje jen z\u0159\u00eddka, p\u0159esto\u017ee \u0159\u00edd\u00ed tok krve a dal\u0161\u00edch tekutin v t\u011ble. Zn\u00ed to d\u016fle\u017eit\u011b, \u017ee?<\/span><\/p>\n<p><span dir=\"auto\">Kdy\u017e je naru\u0161ena, \u010derven\u00e9 krvinky se shlukuj\u00ed, krev zhoustne na kalovitou hmotu a mikrocirkulace se zastav\u00ed. Zn\u00ed to \u0161patn\u011b, \u017ee?<\/span><\/p>\n<p><span dir=\"auto\">A p\u0159esn\u011b o to jde. D\u016fsledky jsou tich\u00e9 mikromrtvice, dysfunkce org\u00e1n\u016f a cel\u00e1 \u0159ada chronick\u00fdch onemocn\u011bn\u00ed.<\/span><\/p>\n<figure class=\"wp-block-image aligncenter size-large\"><img decoding=\"async\" loading=\"lazy\" class=\"aligncenter\" src=\"https:\/\/substackcdn.com\/image\/fetch\/$s_!uLyr!,w_1456,c_limit,f_webp,q_auto:good,fl_progressive:steep\/https%3A%2F%2Fsubstack-post-media.s3.amazonaws.com%2Fpublic%2Fimages%2Faf2d347c-c165-40bf-96e1-b6f6bfe47588_738x972.png\" alt=\"\" width=\"540\" height=\"711\" \/><\/figure>\n<p><span dir=\"auto\">Dr. Andrew Moulden, kanadsk\u00fd neurov\u011bdec a l\u00e9ka\u0159, byl mezi prvn\u00edmi, kdo si tuto hroznou realitu uv\u011bdomil.<\/span><\/p>\n<p><span dir=\"auto\">V\u0161iml si jemn\u00fdch neurologick\u00fdch p\u0159\u00edznak\u016f u d\u011bt\u00ed \u2013 drobn\u00fdch mrtvic po o\u010dkov\u00e1n\u00ed, kter\u00e9 v\u011bt\u0161ina l\u00e9ka\u0159\u016f zcela p\u0159ehl\u00e9dla.<\/span><\/p>\n<p><span dir=\"auto\">K\u0159iv\u00e9 o\u010di, asymetrick\u00e9 \u00fasm\u011bvy a povisl\u00e9 tv\u00e1\u0159e nebyly \u201evady\u201c. Byly to mozkov\u00e9 mrtvice v ran\u00e9m st\u00e1diu.<\/span><\/p>\n<p><span dir=\"auto\">L\u00e9ka\u0159i, kte\u0159\u00ed tyto v\u011bci rozpoznaj\u00ed, je \u010dasto odm\u00edtaj\u00ed jako \u201enevysv\u011btliteln\u00e9\u201c nebo dokonce \u201eroztomil\u00e9\u201c zvl\u00e1\u0161tnosti. Znepokojen\u00ed rodi\u010de jsou mezit\u00edm nuceni ignorovat jejich obavy.<\/span><\/p>\n<figure class=\"wp-block-image aligncenter size-large\"><img decoding=\"async\" loading=\"lazy\" class=\"aligncenter\" src=\"https:\/\/substackcdn.com\/image\/fetch\/$s_!fJWs!,w_1456,c_limit,f_webp,q_auto:good,fl_progressive:steep\/https%3A%2F%2Fsubstack-post-media.s3.amazonaws.com%2Fpublic%2Fimages%2F5f43c722-2f0b-4a5a-85bf-288032a82da6_1342x1074.png\" alt=\"\" width=\"728\" height=\"583\" \/><\/figure>\n<p><span dir=\"auto\">Moulden uk\u00e1zal, \u017ee hlavov\u00e9 nervy jsou nejzraniteln\u011bj\u0161\u00ed:<\/span><\/p>\n<ul>\n<li><span dir=\"auto\">CN VI: O\u010di bloud\u00ed dovnit\u0159, abnorm\u00e1ln\u011b sleduj\u00ed objekty<\/span><\/li>\n<li><span dir=\"auto\">CN VII: Bellova obrna, asymetrie obli\u010deje v\u010detn\u011b k\u0159iv\u00e9ho \u00fasm\u011bvu<\/span><\/li>\n<li><span dir=\"auto\">CN IV: Nakl\u00e1n\u011bn\u00ed hlavy pro kompenzaci nerovnom\u011brn\u00e9ho pohledu<\/span><\/li>\n<\/ul>\n<p><span dir=\"auto\">Tyto nen\u00e1padn\u00e9 p\u0159\u00edznaky nazna\u010duj\u00ed mikro-mrtvice, kter\u00e9 medic\u00edna necht\u011bla vid\u011bt.<\/span><\/p>\n<figure class=\"wp-block-image aligncenter size-large\"><img decoding=\"async\" class=\"aligncenter\" src=\"https:\/\/substackcdn.com\/image\/fetch\/$s_!U-KP!,w_1456,c_limit,f_webp,q_auto:good,fl_progressive:steep\/https%3A%2F%2Fsubstack-post-media.s3.amazonaws.com%2Fpublic%2Fimages%2F1a6e0eda-4c19-4505-ac21-323ee40c6baa_474x309.png\" alt=\"\" \/><\/figure>\n<p><span dir=\"auto\">Stejn\u00e9 vzorce se bohu\u017eel projevuj\u00ed u dosp\u00edvaj\u00edc\u00edch po o\u010dkov\u00e1n\u00ed proti HPV, u voj\u00e1k\u016f po o\u010dkov\u00e1n\u00ed proti antraxu a u star\u0161\u00edch a oslaben\u00fdch pacient\u016f, u kter\u00fdch se po o\u010dkov\u00e1n\u00ed proti ch\u0159ipce nebo COVID-19 n\u00e1hle rozvinula demence.<\/span><\/p>\n<p><span dir=\"auto\">Moulden dosp\u011bl k z\u00e1v\u011bru, \u017ee po\u0161kozen\u00ed vakc\u00ednou je univerz\u00e1ln\u00ed a kumulativn\u00ed a je z velk\u00e9 \u010d\u00e1sti zp\u016fsobeno zhor\u0161en\u00fdm pr\u016ftokem krve do mozku a org\u00e1n\u016f.<\/span><\/p>\n<p><span dir=\"auto\">Ka\u017ed\u00e1 d\u00e1vka oslabuje pr\u016ftok krve, a\u017e nakonec dojde ke katastrof\u00e1ln\u00edmu onemocn\u011bn\u00ed. A i tehdy si mnoho lid\u00ed tuto souvislost neuv\u011bdomuje.<\/span><\/p>\n<figure class=\"wp-block-image aligncenter size-large\"><img decoding=\"async\" loading=\"lazy\" class=\"aligncenter\" src=\"https:\/\/substackcdn.com\/image\/fetch\/$s_!zYXS!,w_1456,c_limit,f_webp,q_auto:good,fl_progressive:steep\/https%3A%2F%2Fsubstack-post-media.s3.amazonaws.com%2Fpublic%2Fimages%2F8f528074-298f-463f-b2c7-ca49bf74d1d1_1092x688.png\" alt=\"\" width=\"781\" height=\"492\" \/><\/figure>\n<p><span dir=\"auto\">Moulden varoval, \u017ee roz\u0161\u00ed\u0159en\u00e9 mikrocirkulace vysv\u011btluj\u00ed nejen l\u00e9ka\u0159sky uzn\u00e1van\u00e1 po\u0161kozen\u00ed zp\u016fsoben\u00e1 o\u010dkov\u00e1n\u00edm, ale tak\u00e9 autismus, Alzheimerovu chorobu a psychiatrick\u00e9 poruchy. V\u011b\u0159il, \u017ee zlep\u0161en\u00ed mikrocirkulace by mohlo zvr\u00e1tit velkou \u010d\u00e1st \u0161kod.<\/span><\/p>\n<p><span dir=\"auto\">Moulden bohu\u017eel zem\u0159el d\u0159\u00edve, ne\u017e mohl sv\u00e1 d\u00edla publikovat. Jeho d\u00edlo zmizelo s n\u00edm. Jak p\u0159\u00edhodn\u00e9.<\/span><\/p>\n<figure class=\"wp-block-image aligncenter size-large\"><img decoding=\"async\" loading=\"lazy\" class=\"aligncenter\" src=\"https:\/\/substackcdn.com\/image\/fetch\/$s_!Piak!,w_1456,c_limit,f_webp,q_auto:good,fl_progressive:steep\/https%3A%2F%2Fsubstack-post-media.s3.amazonaws.com%2Fpublic%2Fimages%2F9be2a41b-9856-4453-a61b-f3c64c485e86_1250x853.png\" alt=\"\" width=\"790\" height=\"539\" \/><\/figure>\n<p><span dir=\"auto\">Zapomenut\u00ed pr\u016fkopn\u00edci jako Melvin Knisely a Thomas Riddick ji\u017e uk\u00e1zali, jak krevn\u00ed sra\u017eeniny zp\u016fsobuj\u00ed onemocn\u011bn\u00ed.<\/span><\/p>\n<p><span dir=\"auto\">Pod mikroskopem pozorovali, jak se mimo jin\u00e9 shlukuj\u00ed krevn\u00ed bu\u0148ky a t\u00edm tk\u00e1\u0148 p\u0159ipravuj\u00ed o kysl\u00edk.<\/span><\/p>\n<p><span dir=\"auto\">Knisely ve skute\u010dnosti prok\u00e1zal, \u017ee antikoagulancia mohou tento proces zvr\u00e1tit a obnovit pr\u016ftok krve.<\/span><\/p>\n<p><span dir=\"auto\">A Riddick uk\u00e1zal, \u017ee kl\u00ed\u010dem byl po celou dobu potenci\u00e1l Zety.<\/span><\/p>\n<p><span dir=\"auto\">Ale jejich pr\u00e1ce byla poh\u0159bena.<\/span><\/p>\n<figure class=\"wp-block-image aligncenter size-large\"><img decoding=\"async\" loading=\"lazy\" class=\"aligncenter\" src=\"https:\/\/substackcdn.com\/image\/fetch\/$s_!qKP7!,w_1456,c_limit,f_webp,q_auto:good,fl_progressive:steep\/https%3A%2F%2Fsubstack-post-media.s3.amazonaws.com%2Fpublic%2Fimages%2F3dbe01eb-8838-4f20-8df2-534650a0c18e_1250x853.png\" alt=\"\" width=\"755\" height=\"515\" \/><\/figure>\n<p><span dir=\"auto\">Riddick uk\u00e1zal, \u017ee krev se chov\u00e1 jako jak\u00e1koli jin\u00e1 koloidn\u00ed suspenze. Kdy\u017e je zeta potenci\u00e1l siln\u00fd a negativn\u00ed, bu\u0148ky se vz\u00e1jemn\u011b odpuzuj\u00ed a voln\u011b proud\u00ed.<\/span><\/p>\n<p><span dir=\"auto\">Kdy\u017e se v\u0161ak zeta potenci\u00e1l zhrout\u00ed, bu\u0148ky se shlukuj\u00ed, pr\u016ftok krve se zastav\u00ed a nemoc se \u0161\u00ed\u0159\u00ed.<\/span><\/p>\n<p><span dir=\"auto\">Hlin\u00edk, sod\u00edk a dal\u0161\u00ed kationty ve vakc\u00edn\u00e1ch tento rozklad urychluj\u00ed.<\/span><\/p>\n<p><span dir=\"auto\">\u0158\u00edkali n\u00e1m, \u017ee o\u010dkov\u00e1n\u00ed n\u00e1s udr\u017euje zdrav\u00e9. Ale prav\u00fd opak je pravdou.<\/span><\/p>\n<figure class=\"wp-block-image aligncenter size-large\"><img decoding=\"async\" loading=\"lazy\" class=\"aligncenter\" src=\"https:\/\/substackcdn.com\/image\/fetch\/$s_!3ReF!,w_1456,c_limit,f_webp,q_auto:good,fl_progressive:steep\/https%3A%2F%2Fsubstack-post-media.s3.amazonaws.com%2Fpublic%2Fimages%2F1fbb6b07-2a23-4fc4-b815-61525f85d821_1250x853.png\" alt=\"\" width=\"702\" height=\"479\" \/><\/figure>\n<p><span dir=\"auto\">Jednodu\u0161e \u0159e\u010deno, v\u0161echny vakc\u00edny jsou nebezpe\u010dn\u00e9 \u2013 a to z\u00e1m\u011brn\u011b.<\/span><\/p>\n<p><span dir=\"auto\">Hlin\u00edkov\u00e9 adjuvans, spike proteiny, lipidov\u00e9 nano\u010d\u00e1stice\u2026 to v\u0161e naru\u0161uje zeta potenci\u00e1l.<\/span><\/p>\n<p><span dir=\"auto\">Jakmile se zastav\u00ed pr\u016ftok krve, m\u016f\u017ee k po\u0161kozen\u00ed doj\u00edt kdekoli \u2013 u jednoho d\u00edt\u011bte autismus, u jin\u00e9ho demence, u t\u0159et\u00edho chronick\u00e1 \u00fanava. Stejn\u00e1 p\u0159\u00ed\u010dina, r\u016fzn\u00e9 projevy&#8230; proto\u017ee v\u0161ichni jsme jedine\u010dn\u00ed.<\/span><\/p>\n<p><span dir=\"auto\">N\u011bkter\u00e9 vakc\u00edny ovliv\u0148uj\u00ed pr\u016ftok krve rychleji, jin\u00e9 pomaleji. Mechanismus je v\u0161ak poka\u017ed\u00e9 stejn\u00fd.<\/span><\/p>\n<p><span dir=\"auto\">Vakc\u00edna proti HPV je vakc\u00edna, kter\u00e1 m\u00e1 rychlej\u0161\u00ed ni\u010div\u00e9 \u00fa\u010dinky. Pro\u010d? Pou\u017e\u00edv\u00e1 speci\u00e1ln\u00ed hlin\u00edkov\u00fd adjuvans, kter\u00fd vyvol\u00e1v\u00e1 siln\u011bj\u0161\u00ed imunitn\u00ed odpov\u011b\u010f.<\/span><\/p>\n<p><span dir=\"auto\">To zn\u00ed dob\u0159e. Siln\u011bj\u0161\u00ed imunitn\u00ed odpov\u011b\u010f ale znamen\u00e1 v\u011bt\u0161\u00ed kolaps zeta potenci\u00e1lu.<\/span><\/p>\n<p><span dir=\"auto\">Je tragick\u00e9, \u017ee je prim\u00e1rn\u011b zam\u011b\u0159en na mlad\u0161\u00ed lidi. A nyn\u00ed je spojov\u00e1n s ni\u010div\u00fdmi vedlej\u0161\u00edmi \u00fa\u010dinky u teenager\u016f.<\/span><\/p>\n<p><span dir=\"auto\">\u201eVz\u00e1cn\u00e9\u201c vedlej\u0161\u00ed \u00fa\u010dinky vakc\u00edny Gardasil? Ne \u2013 to je zcela p\u0159edv\u00eddateln\u00e9. To je v\u011bda.<\/span><\/p>\n<figure class=\"wp-block-image aligncenter size-large\"><img decoding=\"async\" loading=\"lazy\" class=\"aligncenter\" src=\"https:\/\/substackcdn.com\/image\/fetch\/$s_!x9cn!,w_1456,c_limit,f_webp,q_auto:good,fl_progressive:steep\/https%3A%2F%2Fsubstack-post-media.s3.amazonaws.com%2Fpublic%2Fimages%2F70fc3e44-d732-45d0-89ac-975511fcfddf_1250x853.png\" alt=\"\" width=\"756\" height=\"516\" \/><\/figure>\n<p><span dir=\"auto\">Pokud se v\u00e1m tohle v\u0161echno zd\u00e1 neuv\u011b\u0159iteln\u00e9, po\u010dkejte si na historick\u00e9 experimenty, kter\u00e9 dokazuj\u00ed, jak vakc\u00edny naru\u0161uj\u00ed krevn\u00ed ob\u011bh a vyvol\u00e1vaj\u00ed mikromrtvice.<\/span><\/p>\n<p><span dir=\"auto\">Vakc\u00edny s hrotov\u00fdm proteinem jsou potenci\u00e1ln\u011b nejnebezpe\u010dn\u011bj\u0161\u00ed ze v\u0161ech. Hrotov\u00fd protein je kladn\u011b nabit\u00fd a v\u00e1\u017ee se na z\u00e1porn\u011b nabit\u00e9 povrchy v t\u011ble \u2013 zejm\u00e9na na ochrannou v\u00fdstelku c\u00e9v.<\/span><\/p>\n<p><span dir=\"auto\">Na z\u00e1klad\u011b toho, co jste si pr\u00e1v\u011b p\u0159e\u010detl\/a, by m\u011bl b\u00fdt v\u00fdsledek zcela p\u0159edv\u00eddateln\u00fd, \u017ee?<\/span><\/p>\n<p><span dir=\"auto\">Obrovsk\u00e9 mikrosra\u017eeniny, po\u0161kozen\u00ed org\u00e1n\u016f a bizarn\u00ed krevn\u00ed sra\u017eeniny \u2013 tyhle druhy poh\u0159ebn\u00edk\u016f nach\u00e1zej\u00ed znovu a znovu.<\/span><\/p>\n<figure class=\"wp-block-image aligncenter size-large\"><img decoding=\"async\" loading=\"lazy\" class=\"aligncenter\" src=\"https:\/\/substackcdn.com\/image\/fetch\/$s_!GTSy!,w_1456,c_limit,f_webp,q_auto:good,fl_progressive:steep\/https%3A%2F%2Fsubstack-post-media.s3.amazonaws.com%2Fpublic%2Fimages%2Fdaf879cb-9497-4f54-8761-bf6df5ab63c4_1250x853.png\" alt=\"\" width=\"729\" height=\"497\" \/><\/figure>\n<p><span dir=\"auto\">To vysv\u011btluje, pro\u010d m\u011bli pacienti s COVIDem \u010dasto \u201ez\u00e1hadn\u00e9\u201c hladiny kysl\u00edku. Jejich centr\u00e1ln\u00ed c\u00e9vy byly st\u00e1le pr\u016fchodn\u00e9, ale perifern\u00ed mikroc\u00e9vy byly ucpan\u00e9 sra\u017eeninami.<\/span><\/p>\n<p><span dir=\"auto\">Pulzn\u00ed oxymetry ukazovaly nebezpe\u010dn\u011b n\u00edzkou hladinu kysl\u00edku, proto\u017ee jej\u00ed kone\u010dky prst\u016f byly pln\u00e9 sra\u017een\u00e9 krve.<\/span><\/p>\n<p><span dir=\"auto\">Lid\u00e9 z\u016fstali vzh\u016fru a byli schopni mluvit, i kdy\u017e jejich hladina kysl\u00edku byla podle pulzn\u00edch oxymetr\u016f nebezpe\u010dn\u011b n\u00edzk\u00e1, proto\u017ee jejich centr\u00e1ln\u00ed c\u00e9vy byly st\u00e1le pr\u016fchodn\u00e9 \u2013 dokud jim zcela neselhal pr\u016ftok krve.<\/span><\/p>\n<figure class=\"wp-block-image aligncenter size-large\"><img decoding=\"async\" loading=\"lazy\" class=\"aligncenter\" src=\"https:\/\/substackcdn.com\/image\/fetch\/$s_!xG64!,w_1456,c_limit,f_webp,q_auto:good,fl_progressive:steep\/https%3A%2F%2Fsubstack-post-media.s3.amazonaws.com%2Fpublic%2Fimages%2Fdbe76e7f-0f63-446c-984b-ae2b7949ea8a_1456x591.png\" alt=\"\" width=\"793\" height=\"322\" \/><\/figure>\n<p><span dir=\"auto\">U\u017e jsme v tomto bod\u011b byli. Ale nemysl\u00edm si, \u017ee jsme se z toho n\u011bco nau\u010dili.<\/span><\/p>\n<p><span dir=\"auto\">Ve 40. letech 19. stolet\u00ed Ignaz Semmelweis, p\u0159esto\u017ee o mikrobech nic nev\u011bd\u011bl, dok\u00e1zal, \u017ee myt\u00ed rukou zachr\u00e1nilo \u017eivoty matek b\u011bhem porodu. Jeho my\u0161lenky byly zesm\u011b\u0161\u0148ov\u00e1ny, dokud se bakterie kone\u010dn\u011b nestaly \u201eviditeln\u00fdmi\u201c.<\/span><\/p>\n<p><span dir=\"auto\">Kontinent\u00e1ln\u00ed drift byl zpo\u010d\u00e1tku zesm\u011b\u0161\u0148ov\u00e1n \u2013 dokud n\u00e1mo\u0159nictvo nezmapovalo mo\u0159sk\u00e9 dno a neposkytlo vizu\u00e1ln\u00ed d\u016fkazy.<\/span><\/p>\n<p><span dir=\"auto\">Mikro\u00fadery a kolaps zeta potenci\u00e1lu jsou nyn\u00ed odm\u00edtan\u00fdmi pravdami, kter\u00e9 jen \u010dekaj\u00ed na uzn\u00e1n\u00ed.<\/span><\/p>\n<p><span dir=\"auto\">Bohu\u017eel, vid\u011bt znamen\u00e1 v\u011b\u0159it.<\/span><\/p>\n<p><span dir=\"auto\">Tragick\u00e9 je, \u017ee jednoduch\u00e9 metody l\u00e9\u010dby mohou pomoci obnovit zeta potenci\u00e1l. Pat\u0159\u00ed mezi n\u011b fyziologick\u00fd roztok, draseln\u00e9 soli, s\u00edrany, citr\u00e1t, heparin a dokonce i vystaven\u00ed negativn\u00edm iont\u016fm.<\/span><\/p>\n<p><span dir=\"auto\">Mnoho alternativn\u00edch terapi\u00ed \u2013 ozon, chelata\u010dn\u00ed terapie, uzemn\u011bn\u00ed \u2013 m\u016f\u017ee fungovat p\u0159edev\u0161\u00edm proto, \u017ee obnovuj\u00ed elektrostatickou rovnov\u00e1hu t\u011bla.<\/span><\/p>\n<p><span dir=\"auto\">Konven\u010dn\u00ed medic\u00edna to v\u0161ak zcela ignoruje, proto\u017ee probl\u00e9m ignoruje od sam\u00e9ho za\u010d\u00e1tku.<\/span><\/p>\n<figure class=\"wp-block-image aligncenter size-large\"><img decoding=\"async\" loading=\"lazy\" class=\"aligncenter\" src=\"https:\/\/substackcdn.com\/image\/fetch\/$s_!X3tv!,w_1456,c_limit,f_webp,q_auto:good,fl_progressive:steep\/https%3A%2F%2Fsubstack-post-media.s3.amazonaws.com%2Fpublic%2Fimages%2F76322f15-0592-4f38-890a-a49b1fad715b_1456x449.png\" alt=\"\" width=\"842\" height=\"260\" \/><\/figure>\n<p><span dir=\"auto\">Zeta potenci\u00e1l tak\u00e9 vysv\u011btluje, pro\u010d jsou ka\u017edodenn\u00ed stresy tak toxick\u00e9.<\/span><\/p>\n<p><span dir=\"auto\">Zpracovan\u00e9 potraviny s vysok\u00fdm obsahem sod\u00edku, hlin\u00edkov\u00e9 n\u00e1dob\u00ed, konzervovan\u00e9 potraviny, \u010disti\u010dky odpadn\u00edch vod, antacida, dokonce i elektromagnetick\u00e9 pole\u2026 To v\u0161e zhor\u0161uje zeta potenci\u00e1l.<\/span><\/p>\n<p><span dir=\"auto\">Kumulativn\u00ed efekt je tragick\u00fd. Jsme uprost\u0159ed modern\u00ed epidemie chronick\u00fdch onemocn\u011bn\u00ed, kter\u00e1 nikdo nespojuje s ob\u011bhov\u00fdm syst\u00e9mem.<\/span><\/p>\n<figure class=\"wp-block-image aligncenter size-large\"><img decoding=\"async\" loading=\"lazy\" class=\"aligncenter\" src=\"https:\/\/substackcdn.com\/image\/fetch\/$s_!dSoE!,w_1456,c_limit,f_webp,q_auto:good,fl_progressive:steep\/https%3A%2F%2Fsubstack-post-media.s3.amazonaws.com%2Fpublic%2Fimages%2F5f7caff9-7e82-4b14-b99f-b3437ac2d06a_1250x853.png\" alt=\"\" width=\"737\" height=\"503\" \/><\/figure>\n<p><span dir=\"auto\">V\u011bd\u011bli jste, \u017ee \u010d\u00ednsk\u00e1 medic\u00edna to popsala u\u017e p\u0159ed stalet\u00edmi?<\/span><\/p>\n<p><span dir=\"auto\">Jejich koncept \u201ekrevn\u00ed st\u00e1ze\u201c p\u0159esn\u011b odr\u00e1\u017e\u00ed to, co z\u00e1padn\u00ed v\u011bdci naz\u00fdvaj\u00ed krevn\u00ed st\u00e1z\u00ed.<\/span><\/p>\n<p><span dir=\"auto\">\u0160patn\u00e1 mikrocirkulace jako p\u0159\u00ed\u010dina nes\u010detn\u00fdch nemoc\u00ed \u2013 od migr\u00e9n p\u0159es neplodnost a\u017e po autoimunitn\u00ed onemocn\u011bn\u00ed \u2013 nen\u00ed nov\u00e1 my\u0161lenka. Z\u00e1pad na ni prost\u011b zapomn\u011bl.<\/span><\/p>\n<figure class=\"wp-block-image aligncenter size-large\"><img decoding=\"async\" loading=\"lazy\" class=\"aligncenter\" src=\"https:\/\/substackcdn.com\/image\/fetch\/$s_!gbD8!,w_1456,c_limit,f_webp,q_auto:good,fl_progressive:steep\/https%3A%2F%2Fsubstack-post-media.s3.amazonaws.com%2Fpublic%2Fimages%2F08e57e83-a062-4249-8948-991df528f017_1250x853.png\" alt=\"\" width=\"751\" height=\"512\" \/><\/figure>\n<p><span dir=\"auto\">Od autismu po Alzheimerovu chorobu, od migr\u00e9n po autoimunitn\u00ed onemocn\u011bn\u00ed, spole\u010dn\u00fdm jmenovatelem by mohl b\u00fdt kolaps zeta potenci\u00e1lu.<\/span><\/p>\n<p><span dir=\"auto\">Tohle nen\u00ed jen teorie. D\u016fkazy jsou ohromuj\u00edc\u00ed.<\/span><\/p>\n<p><span dir=\"auto\">Vzhledem ke sv\u00e9 povaze vakc\u00edny vyvol\u00e1vaj\u00ed stimulaci imunitn\u00edho syst\u00e9mu, kolaps zeta potenci\u00e1lu a blok\u00e1du mikrocirkulace.<\/span><\/p>\n<p><span dir=\"auto\">Proto jsou zran\u011bn\u00ed tak rozmanit\u00e1, kumulativn\u00ed a nevyhnuteln\u00e1. N\u011bkter\u00e1 se rozkl\u00e1daj\u00ed rychle, jin\u00e1 pomalu. Ale ka\u017ed\u00e1 d\u00e1vka p\u0159ibli\u017euje t\u011blo ke kolapsu.<\/span><\/p>\n<p><span dir=\"auto\">Jde o to, \u017ee vakc\u00edny nemaj\u00ed jen \u201evz\u00e1cn\u00e9 vedlej\u0161\u00ed \u00fa\u010dinky\u201c.<\/span><\/p>\n<p><span dir=\"auto\">\u0160koda nen\u00ed v\u00fdjimkou. Je to pravidlo.<\/span><\/p>\n<p><span dir=\"auto\">Ale nejsou v\u017edy hned viditeln\u00e9 \u2013 pokud nev\u00edte, co hledat.<\/span><\/p>\n<p><span dir=\"auto\">Pokud by konven\u010dn\u00ed medic\u00edna rozpoznala potenci\u00e1l Zeta a jeho \u00fa\u010dinky v p\u0159\u00edpad\u011b poruchy, mohlo by se zachr\u00e1nit nespo\u010det \u017eivot\u016f.<\/span><\/p>\n<p><span dir=\"auto\">M\u00edsto toho jsou l\u00e9ka\u0159i doslova vy\u0161koleni a motivov\u00e1ni k ignorov\u00e1n\u00ed toho, co nevid\u00ed.<\/span><\/p>\n<p><span dir=\"auto\">Moulden se pokusil zviditelnit neviditeln\u00e9. Knisely a Riddick p\u0159edvedli mechanismy p\u0159ed des\u00edtkami let. A p\u0159esto modern\u00ed medic\u00edna jde d\u00e1l v \u00famysln\u00e9 slepot\u011b a masy si neust\u00e1le vyhrnuj\u00ed ruk\u00e1vy.<\/span><\/p>\n<p><span dir=\"auto\">Skute\u010dn\u00fdm kl\u00ed\u010dem ke zdrav\u00ed nen\u00ed dal\u0161\u00ed l\u00e9k za miliardu dolar\u016f. Jde o obnovu pr\u016ftoku krve na mikroskopick\u00e9 \u00farovni.<\/span><\/p>\n<p><span dir=\"auto\">Pokud obnov\u00edte zeta potenci\u00e1l, nemoc se zvr\u00e1t\u00ed.<\/span><\/p>\n<p><span dir=\"auto\">Pokud to budete ignorovat a budete pokra\u010dovat v tom, co to ni\u010d\u00ed, epidemie chronick\u00fdch onemocn\u011bn\u00ed bude \u0159\u00e1dit d\u00e1l. Nav\u017edy.<\/span><\/p>\n<figure class=\"wp-block-image aligncenter size-large\"><img decoding=\"async\" loading=\"lazy\" class=\"aligncenter\" src=\"https:\/\/substackcdn.com\/image\/fetch\/$s_!GDcQ!,w_1456,c_limit,f_webp,q_auto:good,fl_progressive:steep\/https%3A%2F%2Fsubstack-post-media.s3.amazonaws.com%2Fpublic%2Fimages%2F0337eba5-f050-446d-b6a1-addac5c681d4_1250x853.png\" alt=\"\" width=\"693\" height=\"473\" \/><\/figure>\n<p><em><span dir=\"auto\">Od The Vigilant Fox<\/span><\/em><\/p>\n<\/div>\n<\/div>\n<div class=\"elementor-element elementor-element-8c57238 quelle dc-has-condition dc-condition-empty elementor-widget elementor-widget-heading\" data-id=\"8c57238\" data-element_type=\"widget\" data-widget_type=\"heading.default\">\n<div class=\"elementor-widget-container\">\n<h3 class=\"elementor-heading-title elementor-size-default\"><span style=\"font-size: 10pt;\"><a href=\"https:\/\/www.vigilantfox.com\/p\/the-invisible-damage-in-every-vaccine\" target=\"_blank\" rel=\"nofollow noopener\"><span dir=\"auto\">Zdroj<\/span><\/a><\/span><\/h3>\n<p><img decoding=\"async\" loading=\"lazy\" class=\"wp-image-86134 aligncenter\" src=\"http:\/\/www.infokuryr.cz\/n\/wp-content\/uploads\/2025\/08\/volby10-212x300.png\" alt=\"\" width=\"591\" height=\"836\" srcset=\"https:\/\/www.infokuryr.cz\/n\/wp-content\/uploads\/2025\/08\/volby10-212x300.png 212w, https:\/\/www.infokuryr.cz\/n\/wp-content\/uploads\/2025\/08\/volby10-724x1024.png 724w, https:\/\/www.infokuryr.cz\/n\/wp-content\/uploads\/2025\/08\/volby10-768x1086.png 768w, https:\/\/www.infokuryr.cz\/n\/wp-content\/uploads\/2025\/08\/volby10-1087x1536.png 1087w, https:\/\/www.infokuryr.cz\/n\/wp-content\/uploads\/2025\/08\/volby10-1449x2048.png 1449w, https:\/\/www.infokuryr.cz\/n\/wp-content\/uploads\/2025\/08\/volby10-1024x1447.png 1024w\" sizes=\"(max-width: 591px) 100vw, 591px\" \/><\/p>\n<p>&nbsp;<\/p>\n<\/div>\n<\/div>\n","protected":false},"excerpt":{"rendered":"<p>P\u0159edst\u00edrat, \u017ee zran\u011bn\u00ed zp\u016fsoben\u00e1 o\u010dkov\u00e1n\u00edm jsou vz\u00e1cn\u00e1, nep\u0159edv\u00eddateln\u00e1 a z\u00e1hadn\u00e1, znamen\u00e1 ignorovat v\u011bdu. N\u00e1sleduj\u00edc\u00ed informace&#8230;<\/p>\n","protected":false},"author":2,"featured_media":37222,"comment_status":"closed","ping_status":"closed","sticky":false,"template":"","format":"standard","meta":[],"categories":[7],"tags":[1042,1301,651,21],"_links":{"self":[{"href":"https:\/\/www.infokuryr.cz\/n\/wp-json\/wp\/v2\/posts\/86630"}],"collection":[{"href":"https:\/\/www.infokuryr.cz\/n\/wp-json\/wp\/v2\/posts"}],"about":[{"href":"https:\/\/www.infokuryr.cz\/n\/wp-json\/wp\/v2\/types\/post"}],"author":[{"embeddable":true,"href":"https:\/\/www.infokuryr.cz\/n\/wp-json\/wp\/v2\/users\/2"}],"replies":[{"embeddable":true,"href":"https:\/\/www.infokuryr.cz\/n\/wp-json\/wp\/v2\/comments?post=86630"}],"version-history":[{"count":1,"href":"https:\/\/www.infokuryr.cz\/n\/wp-json\/wp\/v2\/posts\/86630\/revisions"}],"predecessor-version":[{"id":86631,"href":"https:\/\/www.infokuryr.cz\/n\/wp-json\/wp\/v2\/posts\/86630\/revisions\/86631"}],"wp:featuredmedia":[{"embeddable":true,"href":"https:\/\/www.infokuryr.cz\/n\/wp-json\/wp\/v2\/media\/37222"}],"wp:attachment":[{"href":"https:\/\/www.infokuryr.cz\/n\/wp-json\/wp\/v2\/media?parent=86630"}],"wp:term":[{"taxonomy":"category","embeddable":true,"href":"https:\/\/www.infokuryr.cz\/n\/wp-json\/wp\/v2\/categories?post=86630"},{"taxonomy":"post_tag","embeddable":true,"href":"https:\/\/www.infokuryr.cz\/n\/wp-json\/wp\/v2\/tags?post=86630"}],"curies":[{"name":"wp","href":"https:\/\/api.w.org\/{rel}","templated":true}]}}