{"id":86624,"date":"2025-08-29T00:17:06","date_gmt":"2025-08-28T22:17:06","guid":{"rendered":"https:\/\/www.infokuryr.cz\/n\/?p=86624"},"modified":"2025-08-28T13:12:17","modified_gmt":"2025-08-28T11:12:17","slug":"statem-financovane-ministerstvo-pravdy-se-stava-realitou","status":"publish","type":"post","link":"https:\/\/www.infokuryr.cz\/n\/2025\/08\/29\/statem-financovane-ministerstvo-pravdy-se-stava-realitou\/","title":{"rendered":"St\u00e1tem financovan\u00e9 Ministerstvo pravdy se st\u00e1v\u00e1 realitou"},"content":{"rendered":"<div id=\"fb-root\"><\/div>\n<h3><strong><span dir=\"auto\">Ministerstvo pravdy \u2013 Jak si ov\u011b\u0159ovatel\u00e9 fakt\u016f n\u011bmeck\u00e9 ARD n\u00e1rokuj\u00ed suverenitu interpretace<\/span><\/strong><\/h3>\n<p><span dir=\"auto\">Graf na\u00a0<\/span><strong><span dir=\"auto\">faktografick\u00e9 s\u00edti ARD<\/span><\/strong><span dir=\"auto\">\u00a0jasn\u011b ukazuje: V\u0161echny hlavn\u00ed ve\u0159ejnopr\u00e1vn\u00ed vys\u00edlac\u00ed spole\u010dnosti \u2013 NDR, WDR, BR, SWR, MDR, HR, RBB, Radio Bremen, SR, Deutschlandradio a Deutsche Welle \u2013 spojily sv\u00e9 struktury a pracuj\u00ed ve spole\u010dn\u00fdch \u201efact checkingov\u00fdch t\u00fdmech\u201c.<\/span><\/p>\n<div class=\"twitter-tweet twitter-tweet-rendered\"><iframe id=\"twitter-widget-0\" class=\"\" title=\"X Post\" src=\"https:\/\/platform.twitter.com\/embed\/Tweet.html?dnt=false&amp;embedId=twitter-widget-0&amp;features=eyJ0ZndfdGltZWxpbmVfbGlzdCI6eyJidWNrZXQiOltdLCJ2ZXJzaW9uIjpudWxsfSwidGZ3X2ZvbGxvd2VyX2NvdW50X3N1bnNldCI6eyJidWNrZXQiOnRydWUsInZlcnNpb24iOm51bGx9LCJ0ZndfdHdlZXRfZWRpdF9iYWNrZW5kIjp7ImJ1Y2tldCI6Im9uIiwidmVyc2lvbiI6bnVsbH0sInRmd19yZWZzcmNfc2Vzc2lvbiI6eyJidWNrZXQiOiJvbiIsInZlcnNpb24iOm51bGx9LCJ0ZndfZm9zbnJfc29mdF9pbnRlcnZlbnRpb25zX2VuYWJsZWQiOnsiYnVja2V0Ijoib24iLCJ2ZXJzaW9uIjpudWxsfSwidGZ3X21peGVkX21lZGlhXzE1ODk3Ijp7ImJ1Y2tldCI6InRyZWF0bWVudCIsInZlcnNpb24iOm51bGx9LCJ0ZndfZXhwZXJpbWVudHNfY29va2llX2V4cGlyYXRpb24iOnsiYnVja2V0IjoxMjA5NjAwLCJ2ZXJzaW9uIjpudWxsfSwidGZ3X3Nob3dfYmlyZHdhdGNoX3Bpdm90c19lbmFibGVkIjp7ImJ1Y2tldCI6Im9uIiwidmVyc2lvbiI6bnVsbH0sInRmd19kdXBsaWNhdGVfc2NyaWJlc190b19zZXR0aW5ncyI6eyJidWNrZXQiOiJvbiIsInZlcnNpb24iOm51bGx9LCJ0ZndfdXNlX3Byb2ZpbGVfaW1hZ2Vfc2hhcGVfZW5hYmxlZCI6eyJidWNrZXQiOiJvbiIsInZlcnNpb24iOm51bGx9LCJ0ZndfdmlkZW9faGxzX2R5bmFtaWNfbWFuaWZlc3RzXzE1MDgyIjp7ImJ1Y2tldCI6InRydWVfYml0cmF0ZSIsInZlcnNpb24iOm51bGx9LCJ0ZndfbGVnYWN5X3RpbWVsaW5lX3N1bnNldCI6eyJidWNrZXQiOnRydWUsInZlcnNpb24iOm51bGx9LCJ0ZndfdHdlZXRfZWRpdF9mcm9udGVuZCI6eyJidWNrZXQiOiJvbiIsInZlcnNpb24iOm51bGx9fQ%3D%3D&amp;frame=false&amp;hideCard=false&amp;hideThread=false&amp;id=1960269985755845005&amp;lang=cs&amp;origin=https%3A%2F%2Funcutnews.ch%2Fstaatlich-finanziertes-wahrheitsministerium-wird-wirklichkeit%2F&amp;sessionId=410687803b682196f1c4b596c1195daa5054139e&amp;theme=light&amp;widgetsVersion=2615f7e52b7e0%3A1702314776716&amp;width=550px\" frameborder=\"0\" scrolling=\"no\" allowfullscreen=\"allowfullscreen\" data-tweet-id=\"1960269985755845005\" data-mce-fragment=\"1\"><\/iframe><\/div>\n<p><span dir=\"auto\">Tento konstrukt nen\u00ed financov\u00e1n dobrovoln\u00fdmi p\u0159edplatn\u00fdmi, ale\u00a0<\/span><strong><span dir=\"auto\">sp\u00ed\u0161e povinn\u00fdmi vys\u00edlac\u00edmi poplatky<\/span><\/strong><span dir=\"auto\">\u00a0. Ob\u010dan\u00e9 plat\u00ed za syst\u00e9m, kter\u00fd sice tvrd\u00ed, \u017ee \u201ebojuje proti dezinformac\u00edm\u201c, ale ve skute\u010dnosti si n\u00e1rokuje\u00a0<\/span><strong><span dir=\"auto\">moc definovat pravdu<\/span><\/strong><span dir=\"auto\">\u00a0.<\/span><\/p>\n<h2 class=\"wp-block-heading\"><span dir=\"auto\">Ofici\u00e1ln\u00ed: Boj proti \u201efake news\u201c<\/span><\/h2>\n<p><span dir=\"auto\">Podle ARD by spole\u010dn\u00e9 t\u00fdmy m\u011bly:<\/span><\/p>\n<ul>\n<li><span dir=\"auto\">Boj proti dezinformac\u00edm<\/span><\/li>\n<li><span dir=\"auto\">Informace o monitoru<\/span><\/li>\n<li><span dir=\"auto\">Vyhodnocov\u00e1n\u00ed a klasifikace obsahu<\/span><\/li>\n<\/ul>\n<p><span dir=\"auto\">V\u00fdsledky jsou zve\u0159ej\u0148ov\u00e1ny konkr\u00e9tn\u011b na hlavn\u00edch platform\u00e1ch soci\u00e1ln\u00edch m\u00e9di\u00ed: X, YouTube, TikTok a Instagram. Fact checkery tak funguj\u00ed jako\u00a0<\/span><strong><span dir=\"auto\">filtr ve\u0159ejn\u00e9ho m\u00edn\u011bn\u00ed<\/span><\/strong><span dir=\"auto\">\u00a0.<\/span><\/p>\n<p><span dir=\"auto\">Kritici naz\u00fdvaj\u00ed to, co se zde vytv\u00e1\u0159\u00ed,\u00a0<\/span><strong><span dir=\"auto\">ministerstvem pravdy<\/span><\/strong><span dir=\"auto\">\u00a0\u2013 financovan\u00fdm ob\u010dany, nam\u00ed\u0159en\u00fdm proti ob\u010dan\u016fm.<\/span><\/p>\n<h4 class=\"has-medium-font-size\"><strong><a href=\"https:\/\/connections.news\/netzwerke\/ard_baut_faktencheck_weiter_aus\/\" target=\"_blank\" rel=\"noreferrer noopener\" data-type=\"link\" data-id=\"https:\/\/connections.news\/netzwerke\/ard_baut_faktencheck_weiter_aus\/\"><span dir=\"auto\">Connections.News<\/span><\/a><span dir=\"auto\">\u00a0odhaluje: Slab\u00e9 str\u00e1nky a selh\u00e1n\u00ed<\/span><\/strong><\/h4>\n<h3 class=\"wp-block-heading\"><span dir=\"auto\">1. Nedostatek transparentnosti<\/span><\/h3>\n<p><span dir=\"auto\">ARD odm\u00edtla poskytnout informace o n\u00e1kladech a kvalifikaci nov\u00fdch ov\u011b\u0159ovatel\u016f fakt\u016f. Zat\u00edm nen\u00ed jasn\u00e9, jak\u00e9 odborn\u00e9 znalosti tito lid\u00e9 skute\u010dn\u011b maj\u00ed.<\/span><\/p>\n<h3 class=\"wp-block-heading\"><span dir=\"auto\">2. Nadbyte\u010dnost a byrokracie<\/span><\/h3>\n<p><span dir=\"auto\">Vys\u00edlatel\u00e9 jako Tagesschau (\u201eFaktenfinder\u201c), BR (\u201eFaktenfuchs\u201c), SWR (\u201eFaktencheck\u201c) a DW maj\u00ed ji\u017e dlouho sv\u00e9 vlastn\u00ed form\u00e1ty. M\u00edsto zaveden\u00ed jasn\u00fdch standard\u016f kvality nyn\u00ed vytv\u00e1\u0159ej\u00ed dal\u0161\u00ed struktury \u2013 byrokratick\u00e9 monstrum bez skute\u010dn\u00e9 p\u0159idan\u00e9 hodnoty.<\/span><\/p>\n<h3 class=\"wp-block-heading\"><span dir=\"auto\">3. N\u00e1chylnost k chyb\u00e1m \u2013 p\u0159\u00edklady<\/span><\/h3>\n<ul>\n<li><strong><span dir=\"auto\">O\u010dkov\u00e1n\u00ed proti COVIDu<\/span><\/strong><span dir=\"auto\">\u00a0: Prezentov\u00e1no jako \u201ebezpe\u010dn\u00e9 a \u00fa\u010dinn\u00e9\u201c, kritici hanobili jako \u201eagenty dezinforma\u010dn\u00ed informace\u201c. V sou\u010dasn\u00e9 dob\u011b existuje \u0159ada v\u011bdeck\u00fdch studi\u00ed o vedlej\u0161\u00edch \u00fa\u010dinc\u00edch, jako je myokarditida a tromb\u00f3za.<\/span><\/li>\n<li><strong><span dir=\"auto\">Lockdowny<\/span><\/strong><span dir=\"auto\">\u00a0: Obhajov\u00e1no jako zalo\u017een\u00e9 na d\u016fkazech. Pozd\u011bj\u0161\u00ed studie ukazuj\u00ed: mal\u00fd vliv na \u00famrtnost, obrovsk\u00e9 vedlej\u0161\u00ed \u0161kody.<\/span><\/li>\n<li><strong><span dir=\"auto\">Povinn\u00e9 no\u0161en\u00ed rou\u0161ky<\/span><\/strong><span dir=\"auto\">\u00a0: \u201eProkazateln\u011b \u00fa\u010dinn\u00e9\u201c \u2013 dnes dokonce vyvr\u00e1ceno Cochraneov\u00fdm studiem.<\/span><\/li>\n<li><strong><span dir=\"auto\">Laboratorn\u00ed p\u016fvod SARS-CoV-2<\/span><\/strong><span dir=\"auto\">\u00a0: Ov\u011b\u0159ovateli fakt\u016f odm\u00edtnut jako \u201ekonspira\u010dn\u00ed teorie\u201c, nyn\u00ed zpravodajsk\u00e9 slu\u017eby pova\u017eov\u00e1ny za v\u00e1\u017enou hypot\u00e9zu.<\/span><\/li>\n<li><strong><span dir=\"auto\">Povinn\u00e9 o\u010dkov\u00e1n\u00ed<\/span><\/strong><span dir=\"auto\">\u00a0: zam\u00edtnuto v roce 2021, t\u00e9m\u011b\u0159 rozhodnuto v roce 2022.<\/span><\/li>\n<\/ul>\n<h3 class=\"wp-block-heading\"><span dir=\"auto\">4. Dal\u0161\u00ed politick\u00e9 chyby<\/span><\/h3>\n<ul>\n<li><strong><span dir=\"auto\">Ukrajinsk\u00e9 biolaborato\u0159e<\/span><\/strong><span dir=\"auto\">\u00a0: Ozna\u010deny jako \u201erusk\u00e1 propaganda\u201c, pozd\u011bji potvrzeno americk\u00fdm ministerstvem zahrani\u010d\u00ed.<\/span><\/li>\n<li><strong><span dir=\"auto\">Energetick\u00e1 politika<\/span><\/strong><span dir=\"auto\">\u00a0: Kritika sankc\u00ed proti Rusku byla odm\u00edtnuta jako \u201ePutinova narativu\u201c, pozd\u011bji ji za problematickou uznaly i p\u0159edstavitel\u00e9 EU.<\/span><\/li>\n<li><strong><span dir=\"auto\">Digit\u00e1ln\u00ed identita \/ WHO<\/span><\/strong><span dir=\"auto\">\u00a0: Varov\u00e1n\u00ed ozna\u010den\u00e1 jako dezinformace, dnes jsou na stole pl\u00e1ny EU a WHO na jednotn\u00fd digit\u00e1ln\u00ed zdravotn\u00ed pr\u016fkaz.<\/span><\/li>\n<\/ul>\n<h3 class=\"wp-block-heading\"><span dir=\"auto\">5. Symbolick\u00fd efekt m\u00edsto korekce<\/span><\/h3>\n<p><span dir=\"auto\">Nepravdiv\u00e1 tvrzen\u00ed v rozhovorech nebo diskusn\u00edch po\u0159adech nejsou vyst\u0159i\u017eena, ale pouze n\u00e1sledn\u011b \u201ekontrolov\u00e1na\u201c. Dezinformace z\u016fst\u00e1vaj\u00ed a ov\u011b\u0159ov\u00e1n\u00ed fakt\u016f slou\u017e\u00ed pouze jako f\u00edkov\u00fd list.<\/span><\/p>\n<h2 class=\"wp-block-heading\"><span dir=\"auto\">Moc bez kontroly<\/span><\/h2>\n<p><span dir=\"auto\">Ov\u011b\u0159ovatel\u00e9 fakt\u016f rozhoduj\u00ed o tom, co je \u201epravda\u201c nebo \u201enepravda\u201c, bez jak\u00e9hokoli extern\u00edho dohledu nebo syst\u00e9mu ombudsmana. To vytv\u00e1\u0159\u00ed\u00a0<\/span><strong><span dir=\"auto\">monopol na interpretaci informac\u00ed<\/span><\/strong><span dir=\"auto\">\u00a0\u2013 placen\u00fd ob\u010dany, kontrolovan\u00fd st\u00e1tem financovan\u00fdmi vys\u00edlac\u00edmi spole\u010dnostmi.<\/span><\/p>\n<h2 class=\"wp-block-heading\"><span dir=\"auto\">Z\u00e1v\u011br: Kontrola m\u00edsto fakt\u016f<\/span><\/h2>\n<p><span dir=\"auto\">Iniciativa ARD na ov\u011b\u0159ov\u00e1n\u00ed fakt\u016f se prod\u00e1v\u00e1 jako ochrana p\u0159ed fale\u0161n\u00fdmi zpr\u00e1vami. Praxe ale ukazuje:<\/span><\/p>\n<ul>\n<li><strong><span dir=\"auto\">Nejde o pravdu, ale o p\u0159\u00edb\u011bhy.<\/span><\/strong><\/li>\n<li><strong><span dir=\"auto\">Nejde o transparentnost, ale o moc.<\/span><\/strong><\/li>\n<li><strong><span dir=\"auto\">Nejde o ob\u010dana, ale o jeho kontrolu.<\/span><\/strong><\/li>\n<\/ul>\n<p><span dir=\"auto\">Pod rou\u0161kou ov\u011b\u0159ov\u00e1n\u00ed fakt\u016f se vytv\u00e1\u0159\u00ed\u00a0<\/span><strong><span dir=\"auto\">st\u00e1tem financovan\u00e9 Ministerstvo pravdy,<\/span><\/strong><span dir=\"auto\">\u00a0kter\u00e9 sice tvrd\u00ed, \u017ee chr\u00e1n\u00ed demokracii, ale ve skute\u010dnosti\u00a0<\/span><strong><span dir=\"auto\">centr\u00e1ln\u011b \u0159\u00edd\u00ed informa\u010dn\u00ed syst\u00e9m<\/span><\/strong><span dir=\"auto\">\u00a0.<\/span><\/p>\n<p><span dir=\"auto\">Ob\u010dan\u00e9 jsou nuceni platit za syst\u00e9m, kter\u00fd neov\u011b\u0159uje fakta \u2013 ale sp\u00ed\u0161e\u00a0<\/span><strong><span dir=\"auto\">standardizuje ve\u0159ejn\u00e9 m\u00edn\u011bn\u00ed<\/span><\/strong><span dir=\"auto\"> .<\/span><\/p>\n<p><img decoding=\"async\" loading=\"lazy\" class=\"alignnone size-full wp-image-1185\" src=\"http:\/\/www.infokuryr.cz\/n\/wp-content\/uploads\/2021\/04\/kuryr-podpis.png\" alt=\"\" width=\"84\" height=\"24\" \/><\/p>\n<p><img decoding=\"async\" loading=\"lazy\" class=\"wp-image-86134 aligncenter\" src=\"http:\/\/www.infokuryr.cz\/n\/wp-content\/uploads\/2025\/08\/volby10-212x300.png\" alt=\"\" width=\"658\" height=\"931\" srcset=\"https:\/\/www.infokuryr.cz\/n\/wp-content\/uploads\/2025\/08\/volby10-212x300.png 212w, https:\/\/www.infokuryr.cz\/n\/wp-content\/uploads\/2025\/08\/volby10-724x1024.png 724w, https:\/\/www.infokuryr.cz\/n\/wp-content\/uploads\/2025\/08\/volby10-768x1086.png 768w, https:\/\/www.infokuryr.cz\/n\/wp-content\/uploads\/2025\/08\/volby10-1087x1536.png 1087w, https:\/\/www.infokuryr.cz\/n\/wp-content\/uploads\/2025\/08\/volby10-1449x2048.png 1449w, https:\/\/www.infokuryr.cz\/n\/wp-content\/uploads\/2025\/08\/volby10-1024x1447.png 1024w\" sizes=\"(max-width: 658px) 100vw, 658px\" \/><\/p>\n<p>&nbsp;<\/p>\n","protected":false},"excerpt":{"rendered":"<p>Ministerstvo pravdy \u2013 Jak si ov\u011b\u0159ovatel\u00e9 fakt\u016f n\u011bmeck\u00e9 ARD n\u00e1rokuj\u00ed suverenitu interpretace Graf na\u00a0faktografick\u00e9 s\u00edti&#8230;<\/p>\n","protected":false},"author":2,"featured_media":86625,"comment_status":"closed","ping_status":"closed","sticky":false,"template":"","format":"standard","meta":[],"categories":[7],"tags":[63,158,84],"_links":{"self":[{"href":"https:\/\/www.infokuryr.cz\/n\/wp-json\/wp\/v2\/posts\/86624"}],"collection":[{"href":"https:\/\/www.infokuryr.cz\/n\/wp-json\/wp\/v2\/posts"}],"about":[{"href":"https:\/\/www.infokuryr.cz\/n\/wp-json\/wp\/v2\/types\/post"}],"author":[{"embeddable":true,"href":"https:\/\/www.infokuryr.cz\/n\/wp-json\/wp\/v2\/users\/2"}],"replies":[{"embeddable":true,"href":"https:\/\/www.infokuryr.cz\/n\/wp-json\/wp\/v2\/comments?post=86624"}],"version-history":[{"count":0,"href":"https:\/\/www.infokuryr.cz\/n\/wp-json\/wp\/v2\/posts\/86624\/revisions"}],"wp:featuredmedia":[{"embeddable":true,"href":"https:\/\/www.infokuryr.cz\/n\/wp-json\/wp\/v2\/media\/86625"}],"wp:attachment":[{"href":"https:\/\/www.infokuryr.cz\/n\/wp-json\/wp\/v2\/media?parent=86624"}],"wp:term":[{"taxonomy":"category","embeddable":true,"href":"https:\/\/www.infokuryr.cz\/n\/wp-json\/wp\/v2\/categories?post=86624"},{"taxonomy":"post_tag","embeddable":true,"href":"https:\/\/www.infokuryr.cz\/n\/wp-json\/wp\/v2\/tags?post=86624"}],"curies":[{"name":"wp","href":"https:\/\/api.w.org\/{rel}","templated":true}]}}