{"id":86614,"date":"2025-08-28T07:14:01","date_gmt":"2025-08-28T05:14:01","guid":{"rendered":"https:\/\/www.infokuryr.cz\/n\/?p=86614"},"modified":"2025-08-28T07:14:01","modified_gmt":"2025-08-28T05:14:01","slug":"izraelske-jednotky-se-vylodily-na-predmesti-damasku","status":"publish","type":"post","link":"https:\/\/www.infokuryr.cz\/n\/2025\/08\/28\/izraelske-jednotky-se-vylodily-na-predmesti-damasku\/","title":{"rendered":"Izraelsk\u00e9 jednotky se vylodily na p\u0159edm\u011bst\u00ed Dama\u0161ku"},"content":{"rendered":"<div id=\"fb-root\"><\/div>\n<p class=\"lead\"><strong><span dir=\"auto\">Izrael\u0161t\u00ed v\u00fdsadk\u00e1\u0159i p\u0159ist\u00e1li v dama\u0161sk\u00e9m p\u0159edm\u011bst\u00ed al-Kiswa a zapojili se do boj\u016f se syrsk\u00fdmi jednotkami, informovala televize Sham.<\/span><\/strong><\/p>\n<p><em><span dir=\"auto\">N\u00e1lety izraelsk\u00e9 okupa\u010dn\u00ed arm\u00e1dy na okraj oblasti al-Kiswah na p\u0159edm\u011bst\u00ed Dama\u0161ku<\/span><span class=\"after-quote\"><span dir=\"auto\">\u00a0\u2014 uv\u00e1d\u00ed publikace.<\/span><\/span><\/em><\/p>\n<p><span dir=\"auto\">Podle izraelsk\u00e9ho den\u00edku Haaretz vstoupily jednotky IDF do vojensk\u00e9ho objektu syrsk\u00e9ho ministerstva obrany v al-Kisw\u011b, kde zni\u010dily a zabavily \u010d\u00e1st materi\u00e1ln\u00edch z\u00e1sob.<\/span><\/p>\n<p><span dir=\"auto\">Podle publikace trvala operace, do kter\u00e9 se zapojilo n\u011bkolik des\u00edtek voj\u00e1k\u016f, v\u00edce ne\u017e dv\u011b hodiny. Z\u00e1rove\u0148 v dal\u0161\u00edm syrsk\u00e9m m\u011bst\u011b Suvajda p\u0159ist\u00e1ly \u010dty\u0159i izraelsk\u00e9 vrtuln\u00edky.<\/span><\/p>\n<p><span dir=\"auto\">Syrsk\u00e1 televizn\u00ed stanice Syria TV p\u0159edchoz\u00edho ve\u010dera informovala, \u017ee izraelsk\u00e9 bojov\u00e9 letouny provedly s\u00e9rii \u00fader\u016f v oblasti al-Kiswah na p\u0159edm\u011bst\u00ed Dama\u0161ku. Podle Sham TV bylo zabito nejm\u00e9n\u011b dev\u011bt syrsk\u00fdch voj\u00e1k\u016f a n\u011bkolik jich bylo zran\u011bno.<\/span><\/p>\n<p><span dir=\"auto\">4. \u010dervence server Al Mayadeen informoval, \u017ee izraelsk\u00e9 jednotky speci\u00e1ln\u00edch operac\u00ed p\u0159ist\u00e1ly z vrtuln\u00edk\u016f 10 kilometr\u016f od Dama\u0161ku v oblasti Jaf\u00far, aby vy\u010distily b\u00fdval\u00e9 za\u0159\u00edzen\u00ed Syrsk\u00e9 republik\u00e1nsk\u00e9 gardy. N\u00e1let trval asi p\u011bt hodin, pot\u00e9 izraelsk\u00e1 arm\u00e1da oblast vrtuln\u00edkem opustila.<\/span><\/p>\n<h2>Izraelsk\u00e9 letectvo za\u00fato\u010dilo na Dama\u0161ek<br \/>\n<img decoding=\"async\" class=\"aligncenter\" src=\"https:\/\/img1.eadaily.com\/r650x650\/o\/887\/af14a21bcf66bac8d9653669a2efd.jpg\" \/><\/h2>\n<p class=\"lead\"><strong><span dir=\"auto\">Izraelsk\u00e9 bojov\u00e9 letouny provedly s\u00e9rii \u00fader\u016f v oblasti al-Kiswah na p\u0159edm\u011bst\u00ed Dama\u0161ku, informoval syrsk\u00fd televizn\u00ed kan\u00e1l Syria TV.<\/span><\/strong><\/p>\n<p><em><span dir=\"auto\">\u201ePo\u010det \u00fatok\u016f okupa\u010dn\u00edch sil v oblasti al-Kiswa na z\u00e1padn\u00edm p\u0159edm\u011bst\u00ed Dama\u0161ku dos\u00e1hl p\u011bti,\u201c<\/span><span class=\"after-quote\"><span dir=\"auto\">\u00a0\u2014 informuje televizn\u00ed kan\u00e1l.<\/span><\/span><\/em><\/p>\n<h2><img decoding=\"async\" loading=\"lazy\" class=\"alignnone size-full wp-image-1185\" src=\"http:\/\/www.infokuryr.cz\/n\/wp-content\/uploads\/2021\/04\/kuryr-podpis.png\" alt=\"\" width=\"84\" height=\"24\" \/><\/h2>\n<p><img decoding=\"async\" loading=\"lazy\" class=\"wp-image-86134 aligncenter\" src=\"http:\/\/www.infokuryr.cz\/n\/wp-content\/uploads\/2025\/08\/volby10-212x300.png\" alt=\"\" width=\"631\" height=\"893\" srcset=\"https:\/\/www.infokuryr.cz\/n\/wp-content\/uploads\/2025\/08\/volby10-212x300.png 212w, https:\/\/www.infokuryr.cz\/n\/wp-content\/uploads\/2025\/08\/volby10-724x1024.png 724w, https:\/\/www.infokuryr.cz\/n\/wp-content\/uploads\/2025\/08\/volby10-768x1086.png 768w, https:\/\/www.infokuryr.cz\/n\/wp-content\/uploads\/2025\/08\/volby10-1087x1536.png 1087w, https:\/\/www.infokuryr.cz\/n\/wp-content\/uploads\/2025\/08\/volby10-1449x2048.png 1449w, https:\/\/www.infokuryr.cz\/n\/wp-content\/uploads\/2025\/08\/volby10-1024x1447.png 1024w\" sizes=\"(max-width: 631px) 100vw, 631px\" \/><\/p>\n<p>&nbsp;<\/p>\n","protected":false},"excerpt":{"rendered":"<p>Izrael\u0161t\u00ed v\u00fdsadk\u00e1\u0159i p\u0159ist\u00e1li v dama\u0161sk\u00e9m p\u0159edm\u011bst\u00ed al-Kiswa a zapojili se do boj\u016f se syrsk\u00fdmi jednotkami,&#8230;<\/p>\n","protected":false},"author":2,"featured_media":86615,"comment_status":"closed","ping_status":"closed","sticky":false,"template":"","format":"standard","meta":[],"categories":[7],"tags":[80,3343,107,147],"_links":{"self":[{"href":"https:\/\/www.infokuryr.cz\/n\/wp-json\/wp\/v2\/posts\/86614"}],"collection":[{"href":"https:\/\/www.infokuryr.cz\/n\/wp-json\/wp\/v2\/posts"}],"about":[{"href":"https:\/\/www.infokuryr.cz\/n\/wp-json\/wp\/v2\/types\/post"}],"author":[{"embeddable":true,"href":"https:\/\/www.infokuryr.cz\/n\/wp-json\/wp\/v2\/users\/2"}],"replies":[{"embeddable":true,"href":"https:\/\/www.infokuryr.cz\/n\/wp-json\/wp\/v2\/comments?post=86614"}],"version-history":[{"count":0,"href":"https:\/\/www.infokuryr.cz\/n\/wp-json\/wp\/v2\/posts\/86614\/revisions"}],"wp:featuredmedia":[{"embeddable":true,"href":"https:\/\/www.infokuryr.cz\/n\/wp-json\/wp\/v2\/media\/86615"}],"wp:attachment":[{"href":"https:\/\/www.infokuryr.cz\/n\/wp-json\/wp\/v2\/media?parent=86614"}],"wp:term":[{"taxonomy":"category","embeddable":true,"href":"https:\/\/www.infokuryr.cz\/n\/wp-json\/wp\/v2\/categories?post=86614"},{"taxonomy":"post_tag","embeddable":true,"href":"https:\/\/www.infokuryr.cz\/n\/wp-json\/wp\/v2\/tags?post=86614"}],"curies":[{"name":"wp","href":"https:\/\/api.w.org\/{rel}","templated":true}]}}