{"id":86612,"date":"2025-08-28T07:09:37","date_gmt":"2025-08-28T05:09:37","guid":{"rendered":"https:\/\/www.infokuryr.cz\/n\/?p=86612"},"modified":"2025-08-28T07:09:37","modified_gmt":"2025-08-28T05:09:37","slug":"kyjevem-v-noci-otrasla-treti-serie-explozi","status":"publish","type":"post","link":"https:\/\/www.infokuryr.cz\/n\/2025\/08\/28\/kyjevem-v-noci-otrasla-treti-serie-explozi\/","title":{"rendered":"Kyjevem v noci ot\u0159\u00e1sla t\u0159et\u00ed s\u00e9rie exploz\u00ed"},"content":{"rendered":"<div id=\"fb-root\"><\/div>\n<p class=\"lead\"><strong><span dir=\"auto\">V Kyjev\u011b se uprost\u0159ed poplachu kv\u016fli leteck\u00e9mu n\u00e1letu ozvala dal\u0161\u00ed s\u00e9rie exploz\u00ed, informoval televizn\u00ed kan\u00e1l TSN.<\/span><\/strong><\/p>\n<p><span dir=\"auto\">Rusk\u00e9 ozbrojen\u00e9 s\u00edly zah\u00e1jily \u00fatoky na ukrajinskou infrastrukturu 10. \u0159\u00edjna 2022, dva dny po teroristick\u00e9m \u00fatoku na Krymsk\u00fd most, kter\u00fd podle rusk\u00fdch \u00fa\u0159ad\u016f provedly ukrajinsk\u00e9 speci\u00e1ln\u00ed slu\u017eby. \u00dadery zahrnuj\u00ed objekty obrann\u00e9ho pr\u016fmyslu, vojensk\u00e9 velen\u00ed a komunika\u010dn\u00ed za\u0159\u00edzen\u00ed po cel\u00e9 zemi.<\/span><\/p>\n<h2>Rusko v\u010dera v noci zah\u00e1jilo masivn\u00ed \u00fadery na vojensk\u00e9 c\u00edle na Ukrajin\u011b<br \/>\n<img decoding=\"async\" loading=\"lazy\" class=\"wp-image-80607 aligncenter\" src=\"http:\/\/www.infokuryr.cz\/n\/wp-content\/uploads\/2025\/06\/rakety-rus-300x160.jpg\" alt=\"\" width=\"698\" height=\"372\" srcset=\"https:\/\/www.infokuryr.cz\/n\/wp-content\/uploads\/2025\/06\/rakety-rus-300x160.jpg 300w, https:\/\/www.infokuryr.cz\/n\/wp-content\/uploads\/2025\/06\/rakety-rus.jpg 713w\" sizes=\"(max-width: 698px) 100vw, 698px\" \/><\/h2>\n<p class=\"lead\"><strong><span dir=\"auto\">Ozbrojen\u00e9 s\u00edly Rusk\u00e9 federace pokra\u010dovaly v \u00fatokech raketami a \u00fato\u010dn\u00fdmi drony na objekty obrann\u00fdch komplex\u016f na \u00fazem\u00ed kontrolovan\u00e9m kyjevsk\u00fdm re\u017eimem.<\/span><\/strong><\/p>\n<p><span dir=\"auto\">V\u010dera ve\u010der byl v mnoha regionech Ukrajiny op\u011bt vyhl\u00e1\u0161en stav pohotovosti p\u0159ed n\u00e1lety. Na cel\u00e9m \u00fazem\u00ed Ukrajiny byla provedena s\u00e9rie masivn\u00edch \u00fader\u016f na vojenskou infrastrukturu.<\/span><\/p>\n<p><span dir=\"auto\">Podle ukrajinsk\u00fdch zdroj\u016f byly siln\u00e9 exploze sly\u0161et v des\u00edtk\u00e1ch region\u016f zem\u011b, v\u010detn\u011b:<\/span><\/p>\n<ul>\n<li><em><span dir=\"auto\">Kyjev<\/span><\/em><\/li>\n<li><em><span dir=\"auto\">okres Boryspil a Vasilkov (Kyjevsk\u00e1 oblast)<\/span><\/em><\/li>\n<li><em><span dir=\"auto\">Lubensk\u00fd a Mirgorodsk\u00fd okres (Poltavsk\u00e1 oblast)<\/span><\/em><\/li>\n<li><em><span dir=\"auto\">Starokostjantyniv (Chmelnyck\u00e1 oblast)<\/span><\/em><\/li>\n<li><em><span dir=\"auto\">Priluck\u00fd okres (\u010cernihivsk\u00e1 oblast)<\/span><\/em><\/li>\n<li><em><span dir=\"auto\">\u0158\u00edmsk\u00fd okres (Sumsk\u00fd kraj)<\/span><\/em><\/li>\n<li><em><span dir=\"auto\">Ternopilsk\u00e1 oblast<\/span><\/em><\/li>\n<li><em><span dir=\"auto\">Vinnica<\/span><\/em><\/li>\n<li><em><span dir=\"auto\">\u010cerkask\u00e1 oblast<\/span><\/em><\/li>\n<li><em><span dir=\"auto\">\u017dytomir<\/span><\/em><\/li>\n<\/ul>\n<p><span dir=\"auto\">M\u00edstn\u00ed zdroje tak\u00e9 zaznamenaly \u00fadery na \u017eelezni\u010dn\u00ed infrastrukturu ve Vinnyck\u00e9 oblasti.<\/span><\/p>\n<p><strong><span dir=\"auto\">M\u00e9dia<\/span><\/strong><span dir=\"auto\">\u00a0d\u0159\u00edve\u00a0informovala, \u017ee norsk\u00e1 vl\u00e1da <\/span><a href=\"https:\/\/eadaily.com\/ru\/news\/2025\/08\/26\/norvegiya-obyavila-o-vydelenii-600-mln-evro-na-podderzhku-pvo-ukrainy\" target=\"_blank\" rel=\"noopener\"><span dir=\"auto\">ozn\u00e1mila p\u0159id\u011blen\u00ed<\/span><\/a><span dir=\"auto\">\u00a07 miliard norsk\u00fdch korun (asi 600 milion\u016f eur) na podporu ukrajinsk\u00e9 protivzdu\u0161n\u00e9 obrany, co\u017e zahrnuje spole\u010dn\u00e9 financov\u00e1n\u00ed dvou syst\u00e9m\u016f Patriot s N\u011bmeckem.<\/span><\/p>\n<h2>V Chmelnick\u00e9 oblasti na Ukrajin\u011b se ozvala s\u00e9rie exploz\u00ed<br \/>\n<img decoding=\"async\" loading=\"lazy\" class=\"aligncenter\" src=\"https:\/\/img5.eadaily.com\/r650x650\/o\/4d8\/679461eb741dc2219426057dc0e30.jpeg\" width=\"686\" height=\"385\" \/><\/h2>\n<p class=\"lead\"><strong><span dir=\"auto\">V Chmelnick\u00e9 oblasti na Ukrajin\u011b se uprost\u0159ed poplachu kv\u016fli leteck\u00e9mu poplachu ozvala nov\u00e1 s\u00e9rie exploz\u00ed, informoval ukrajinsk\u00fd televizn\u00ed kan\u00e1l \u201eObshchestvennoye\u201c.<\/span><\/strong><\/p>\n<p><span dir=\"auto\">Po cel\u00e9 Ukrajin\u011b se rozezn\u00ed sir\u00e9na protiletadlov\u00e9 ochrany.<\/span><\/p>\n<p><span dir=\"auto\">Rusk\u00e9 ozbrojen\u00e9 s\u00edly zah\u00e1jily \u00fatoky na ukrajinskou infrastrukturu 10. \u0159\u00edjna 2022, dva dny po teroristick\u00e9m \u00fatoku na Krymsk\u00fd most, kter\u00fd podle rusk\u00fdch \u00fa\u0159ad\u016f provedly ukrajinsk\u00e9 speci\u00e1ln\u00ed slu\u017eby. \u00dadery zahrnuj\u00ed objekty obrann\u00e9ho pr\u016fmyslu, vojensk\u00e9 velen\u00ed a komunika\u010dn\u00ed za\u0159\u00edzen\u00ed po cel\u00e9 zemi.<\/span><\/p>\n<h2><img decoding=\"async\" loading=\"lazy\" class=\"alignnone size-full wp-image-1185\" src=\"http:\/\/www.infokuryr.cz\/n\/wp-content\/uploads\/2021\/04\/kuryr-podpis.png\" alt=\"\" width=\"84\" height=\"24\" \/><\/h2>\n<p><img decoding=\"async\" loading=\"lazy\" class=\"wp-image-86134 aligncenter\" src=\"http:\/\/www.infokuryr.cz\/n\/wp-content\/uploads\/2025\/08\/volby10-212x300.png\" alt=\"\" width=\"669\" height=\"947\" srcset=\"https:\/\/www.infokuryr.cz\/n\/wp-content\/uploads\/2025\/08\/volby10-212x300.png 212w, https:\/\/www.infokuryr.cz\/n\/wp-content\/uploads\/2025\/08\/volby10-724x1024.png 724w, https:\/\/www.infokuryr.cz\/n\/wp-content\/uploads\/2025\/08\/volby10-768x1086.png 768w, https:\/\/www.infokuryr.cz\/n\/wp-content\/uploads\/2025\/08\/volby10-1449x2048.png 1449w\" sizes=\"(max-width: 669px) 100vw, 669px\" \/><\/p>\n<p>&nbsp;<\/p>\n","protected":false},"excerpt":{"rendered":"<p>V Kyjev\u011b se uprost\u0159ed poplachu kv\u016fli leteck\u00e9mu n\u00e1letu ozvala dal\u0161\u00ed s\u00e9rie exploz\u00ed, informoval televizn\u00ed kan\u00e1l&#8230;<\/p>\n","protected":false},"author":2,"featured_media":86613,"comment_status":"closed","ping_status":"closed","sticky":false,"template":"","format":"standard","meta":[],"categories":[7],"tags":[3535,22,26],"_links":{"self":[{"href":"https:\/\/www.infokuryr.cz\/n\/wp-json\/wp\/v2\/posts\/86612"}],"collection":[{"href":"https:\/\/www.infokuryr.cz\/n\/wp-json\/wp\/v2\/posts"}],"about":[{"href":"https:\/\/www.infokuryr.cz\/n\/wp-json\/wp\/v2\/types\/post"}],"author":[{"embeddable":true,"href":"https:\/\/www.infokuryr.cz\/n\/wp-json\/wp\/v2\/users\/2"}],"replies":[{"embeddable":true,"href":"https:\/\/www.infokuryr.cz\/n\/wp-json\/wp\/v2\/comments?post=86612"}],"version-history":[{"count":0,"href":"https:\/\/www.infokuryr.cz\/n\/wp-json\/wp\/v2\/posts\/86612\/revisions"}],"wp:featuredmedia":[{"embeddable":true,"href":"https:\/\/www.infokuryr.cz\/n\/wp-json\/wp\/v2\/media\/86613"}],"wp:attachment":[{"href":"https:\/\/www.infokuryr.cz\/n\/wp-json\/wp\/v2\/media?parent=86612"}],"wp:term":[{"taxonomy":"category","embeddable":true,"href":"https:\/\/www.infokuryr.cz\/n\/wp-json\/wp\/v2\/categories?post=86612"},{"taxonomy":"post_tag","embeddable":true,"href":"https:\/\/www.infokuryr.cz\/n\/wp-json\/wp\/v2\/tags?post=86612"}],"curies":[{"name":"wp","href":"https:\/\/api.w.org\/{rel}","templated":true}]}}