{"id":86609,"date":"2025-08-28T06:57:12","date_gmt":"2025-08-28T04:57:12","guid":{"rendered":"https:\/\/www.infokuryr.cz\/n\/?p=86609"},"modified":"2025-08-28T06:57:12","modified_gmt":"2025-08-28T04:57:12","slug":"zelenskyj-jmenoval-podezrelou-z-korupce-novou-velvyslankyni-v-usa","status":"publish","type":"post","link":"https:\/\/www.infokuryr.cz\/n\/2025\/08\/28\/zelenskyj-jmenoval-podezrelou-z-korupce-novou-velvyslankyni-v-usa\/","title":{"rendered":"Zelenskyj jmenoval podez\u0159elou z korupce novou velvyslankyn\u00ed v USA"},"content":{"rendered":"<div id=\"fb-root\"><\/div>\n<h3>Olga Stefani\u0161ina, nahrad\u00ed Oksanu Markarovovou, kter\u00e1 byla obvin\u011bna ze vm\u011b\u0161ov\u00e1n\u00ed do americk\u00fdch voleb<\/h3>\n<p data-start=\"158\" data-end=\"322\"><span dir=\"auto\">Ukrajinsk\u00fd prezident Vladimir Zelenskyj jmenoval b\u00fdvalou m\u00edstop\u0159edsedkyni vl\u00e1dy a nejvy\u0161\u0161\u00ed p\u0159edstavitelku pro evropskou integraci Olgu Stefani\u0161inovou novou velvyslankyn\u00ed Ukrajiny ve Washingtonu, a to navzdory prob\u00edhaj\u00edc\u00edm obvin\u011bn\u00edm z korupce spojen\u00fdm s jej\u00ed minulou vl\u00e1dn\u00ed prac\u00ed.<\/span><\/p>\n<p data-start=\"579\" data-end=\"821\"><span dir=\"auto\">Zelenskyj ve sv\u00e9m st\u0159ede\u010dn\u00edm ve\u010dern\u00edm projevu ozn\u00e1mil, \u017ee\u00a0<\/span><em><span dir=\"auto\">\u201eform\u00e1ln\u00ed postupy byly dokon\u010deny\u201c,<\/span><\/em><span dir=\"auto\">\u00a0a uvedl, \u017ee Stefani\u0161inov\u00e9 na\u0159\u00eddil, aby\u00a0<\/span><em><span dir=\"auto\">\u201epln\u011b provedla v\u0161echny dohody dosa\u017een\u00e9 ve Washingtonu, p\u0159edev\u0161\u00edm v oblasti obrany\u201c.<\/span><\/em><\/p>\n<p data-start=\"823\" data-end=\"1063\"><span dir=\"auto\">Stefani\u0161ina p\u016fsobila od roku 2020 jako m\u00edstop\u0159edsedkyn\u011b vl\u00e1dy pro evropskou a euroatlantickou integraci a od roku 2024 jako ministryn\u011b spravedlnosti, ne\u017e byla v \u010dervenci do\u010dasn\u011b jmenov\u00e1na zvl\u00e1\u0161tn\u00ed vyslankyn\u00ed pro USA uprost\u0159ed obnoven\u00fdch obvin\u011bn\u00ed z korupce.<\/span><\/p>\n<p data-start=\"1065\" data-end=\"1394\"><span dir=\"auto\">Ukrajinsk\u00fd N\u00e1rodn\u00ed protikorup\u010dn\u00ed \u00fa\u0159ad (NABU) minul\u00fd m\u011bs\u00edc potvrdil, \u017ee zah\u00e1jil vy\u0161et\u0159ov\u00e1n\u00ed mo\u017en\u00e9ho zneu\u017eit\u00ed Agentury pro vyhled\u00e1v\u00e1n\u00ed a spr\u00e1vu majetku (ARMA) pot\u00e9, co medi\u00e1ln\u00ed vy\u0161et\u0159ov\u00e1n\u00ed spojilo b\u00fdval\u00e9ho man\u017eela Stefani\u0161inov\u00e9 s pochybn\u00fdmi p\u0159evody majetku.<\/span><\/p>\n<p data-start=\"1396\" data-end=\"1585\"><span dir=\"auto\">A\u010dkoli nebyla vznesena \u017e\u00e1dn\u00e1 form\u00e1ln\u00ed obvin\u011bn\u00ed, existence p\u0159edb\u011b\u017en\u00e9ho vy\u0161et\u0159ov\u00e1n\u00ed byla potvrzena jen n\u011bkolik dn\u00ed p\u0159edt\u00edm, ne\u017e Zelenskyj n\u00e1hle zbavil ukrajinsk\u00e9 protikorup\u010dn\u00ed agentury nez\u00e1vislosti.<\/span><\/p>\n<p data-start=\"1587\" data-end=\"2005\"><span dir=\"auto\">Tento krok vyvolal pobou\u0159en\u00ed ze strany EU, varov\u00e1n\u00ed p\u0159ed\u00a0<\/span><a href=\"https:\/\/www.rt.com\/russia\/622132-eu-aid-cut-ukraine\/\" target=\"_blank\" rel=\"noopener noreferrer\"><span dir=\"auto\">zmrazen\u00edm pomoci<\/span><\/a><span dir=\"auto\">\u00a0a rozs\u00e1hl\u00e9 pouli\u010dn\u00ed\u00a0<\/span><a href=\"https:\/\/www.rt.com\/russia\/621845-mass-protests-zelensky-anticorruption-crackdown\/\" target=\"_blank\" rel=\"noopener noreferrer\"><span dir=\"auto\">protesty<\/span><\/a><span dir=\"auto\">\u00a0. Pod tlakem z\u00e1padn\u00edch podporovatel\u016f byl Zelenskyj nucen zm\u011bnit kurz a obnovit autonomii NABU a \u00da\u0159adu zvl\u00e1\u0161tn\u00edho protikorup\u010dn\u00edho prokur\u00e1tora (SAPO). \u00da\u0159edn\u00edci bojuj\u00edc\u00ed proti korupci v\u0161ak trvaj\u00ed na tom, \u017ee\u00a0<\/span><em><span dir=\"auto\">\u201e\u0161koda byla nap\u00e1ch\u00e1na\u201c, a<\/span><\/em><span dir=\"auto\">\u00a0poukazuj\u00ed na kolaps spolupr\u00e1ce s oznamovateli a rostouc\u00ed obavy z politick\u00e9ho vm\u011b\u0161ov\u00e1n\u00ed.<\/span><\/p>\n<p data-start=\"2007\" data-end=\"2308\"><span dir=\"auto\">Stefani\u0161ina d\u0159\u00edve obvin\u011bn\u00ed z korupce odm\u00edtla jako politicky motivovan\u00e1. V rozhovoru z minul\u00e9ho m\u011bs\u00edce zd\u016fraznila, \u017ee je od roku 2017 rozveden\u00e1 a nem\u00e1\u00a0<\/span><em><span dir=\"auto\">\u201e\u017e\u00e1dnou souvislost\u201c<\/span><\/em><span dir=\"auto\">\u00a0s obchodn\u00edmi jedn\u00e1n\u00edmi sv\u00e9ho b\u00fdval\u00e9ho man\u017eela a uvedla, \u017ee jejich kontakt se omezoval na z\u00e1le\u017eitosti t\u00fdkaj\u00edc\u00ed se jejich d\u011bt\u00ed.<\/span><\/p>\n<p data-start=\"2310\" data-end=\"2613\"><span dir=\"auto\">Diplomatka je tak\u00e9 zapletena do dal\u0161\u00edho dlouhodob\u00e9ho p\u0159\u00edpadu korupce, kter\u00fd sah\u00e1 a\u017e do doby jej\u00edho p\u016fsoben\u00ed na ministerstvu spravedlnosti v roce 2014, kdy vy\u0161et\u0159ovatel\u00e9 tvrdili, \u017ee podepisovala nafouknut\u00e9 smlouvy t\u00fdkaj\u00edc\u00ed se p\u0159\u00edstupov\u00fdch rozhovor\u016f Ukrajiny s EU. Stefani\u0161ina jak\u00e9koli provin\u011bn\u00ed pop\u0159ela a tvrdila, \u017ee obvin\u011bn\u00ed byla p\u0159ehnan\u00e1.<\/span><\/p>\n<p data-start=\"2615\" data-end=\"2841\"><span dir=\"auto\">Navzdory kontroverz\u00edm Zelenskyj ocenil Stefani\u0161inovu zku\u0161enost a uvedl, \u017ee dlouhodob\u00e1 bezpe\u010dnost Ukrajiny z\u00e1vis\u00ed na jej\u00edch vztaz\u00edch s Washingtonem, a vyj\u00e1d\u0159il nad\u011bji na\u00a0<\/span><em><span dir=\"auto\">\u201erychl\u00fd pokrok v na\u0161ich vztaz\u00edch\u201c<\/span><\/em><span dir=\"auto\">\u00a0se Spojen\u00fdmi st\u00e1ty.<\/span><\/p>\n<p data-start=\"2843\" data-end=\"3061\"><span dir=\"auto\">Stefani\u0161inova p\u0159edch\u016fdkyn\u011b Oksana Markarovov\u00e1 p\u016fsobila jako velvyslankyn\u011b od roku 2021, ale upadla v nemilost pot\u00e9, co ji p\u0159edseda Sn\u011bmovny reprezentant\u016f USA Mike Johnson obvinil ze zasahov\u00e1n\u00ed do americk\u00fdch voleb jm\u00e9nem demokrat\u016f.<\/span><\/p>\n<p data-start=\"2843\" data-end=\"3061\"><img decoding=\"async\" loading=\"lazy\" class=\"alignnone size-full wp-image-1185\" src=\"http:\/\/www.infokuryr.cz\/n\/wp-content\/uploads\/2021\/04\/kuryr-podpis.png\" alt=\"\" width=\"84\" height=\"24\" \/><\/p>\n<p data-start=\"2843\" data-end=\"3061\"><img decoding=\"async\" loading=\"lazy\" class=\"wp-image-86134 aligncenter\" src=\"http:\/\/www.infokuryr.cz\/n\/wp-content\/uploads\/2025\/08\/volby10-212x300.png\" alt=\"\" width=\"636\" height=\"900\" srcset=\"https:\/\/www.infokuryr.cz\/n\/wp-content\/uploads\/2025\/08\/volby10-212x300.png 212w, https:\/\/www.infokuryr.cz\/n\/wp-content\/uploads\/2025\/08\/volby10-724x1024.png 724w, https:\/\/www.infokuryr.cz\/n\/wp-content\/uploads\/2025\/08\/volby10-768x1086.png 768w, https:\/\/www.infokuryr.cz\/n\/wp-content\/uploads\/2025\/08\/volby10-1087x1536.png 1087w, https:\/\/www.infokuryr.cz\/n\/wp-content\/uploads\/2025\/08\/volby10-1449x2048.png 1449w, https:\/\/www.infokuryr.cz\/n\/wp-content\/uploads\/2025\/08\/volby10-1024x1447.png 1024w\" sizes=\"(max-width: 636px) 100vw, 636px\" \/><\/p>\n<p data-start=\"2843\" data-end=\"3061\">\n","protected":false},"excerpt":{"rendered":"<p>Olga Stefani\u0161ina, nahrad\u00ed Oksanu Markarovovou, kter\u00e1 byla obvin\u011bna ze vm\u011b\u0161ov\u00e1n\u00ed do americk\u00fdch voleb Ukrajinsk\u00fd prezident&#8230;<\/p>\n","protected":false},"author":2,"featured_media":86610,"comment_status":"closed","ping_status":"closed","sticky":false,"template":"","format":"standard","meta":[],"categories":[7],"tags":[207,37,3391,1000],"_links":{"self":[{"href":"https:\/\/www.infokuryr.cz\/n\/wp-json\/wp\/v2\/posts\/86609"}],"collection":[{"href":"https:\/\/www.infokuryr.cz\/n\/wp-json\/wp\/v2\/posts"}],"about":[{"href":"https:\/\/www.infokuryr.cz\/n\/wp-json\/wp\/v2\/types\/post"}],"author":[{"embeddable":true,"href":"https:\/\/www.infokuryr.cz\/n\/wp-json\/wp\/v2\/users\/2"}],"replies":[{"embeddable":true,"href":"https:\/\/www.infokuryr.cz\/n\/wp-json\/wp\/v2\/comments?post=86609"}],"version-history":[{"count":0,"href":"https:\/\/www.infokuryr.cz\/n\/wp-json\/wp\/v2\/posts\/86609\/revisions"}],"wp:featuredmedia":[{"embeddable":true,"href":"https:\/\/www.infokuryr.cz\/n\/wp-json\/wp\/v2\/media\/86610"}],"wp:attachment":[{"href":"https:\/\/www.infokuryr.cz\/n\/wp-json\/wp\/v2\/media?parent=86609"}],"wp:term":[{"taxonomy":"category","embeddable":true,"href":"https:\/\/www.infokuryr.cz\/n\/wp-json\/wp\/v2\/categories?post=86609"},{"taxonomy":"post_tag","embeddable":true,"href":"https:\/\/www.infokuryr.cz\/n\/wp-json\/wp\/v2\/tags?post=86609"}],"curies":[{"name":"wp","href":"https:\/\/api.w.org\/{rel}","templated":true}]}}