{"id":86594,"date":"2025-08-28T06:06:47","date_gmt":"2025-08-28T04:06:47","guid":{"rendered":"https:\/\/www.infokuryr.cz\/n\/?p=86594"},"modified":"2025-08-28T06:06:47","modified_gmt":"2025-08-28T04:06:47","slug":"strategie-eu-od-miroveho-projektu-k-vojenskemu-spojenectvi","status":"publish","type":"post","link":"https:\/\/www.infokuryr.cz\/n\/2025\/08\/28\/strategie-eu-od-miroveho-projektu-k-vojenskemu-spojenectvi\/","title":{"rendered":"Strategie EU: Od m\u00edrov\u00e9ho projektu k vojensk\u00e9mu spojenectv\u00ed"},"content":{"rendered":"<div id=\"fb-root\"><\/div>\n<p><strong>Evropsk\u00e9 elity s\u00e1zej\u00ed na dal\u0161\u00ed eskalaci nap\u011bt\u00ed s Ruskem a cht\u011bj\u00ed p\u0159ej\u00edt do ofenz\u00edvy v oblasti \u010cern\u00e9ho mo\u0159e. Jedn\u00e1 se o velmi nebezpe\u010dn\u00fd sm\u011br.<\/strong><\/p>\n<p>28. kv\u011btna p\u0159edstavila EU svou novou \u201e<a href=\"https:\/\/www.rusi.org\/explore-our-research\/publications\/commentary\/strategy-long-overdue-eus-new-vision-black-sea\" target=\"_blank\" rel=\"external noopener\">Strategii pro region \u010cern\u00e9ho mo\u0159e<\/a>\u201c. Ofici\u00e1ln\u011b jde o stabilitu \u2013 ve skute\u010dnosti se v\u0161ak r\u00fdsuje zm\u011bna kurzu: EU vytv\u00e1\u0159\u00ed z\u00e1klady pro \u201e\u010cernomo\u0159sk\u00e9 NATO\u201c.<\/p>\n<p>Pl\u00e1nuje se centrum pro n\u00e1mo\u0159n\u00ed bezpe\u010dnost, ochranu kritick\u00e9 infrastruktury a spole\u010dn\u00fd dohled.<\/p>\n<p>R\u00e1mec p\u0159esahuje pob\u0159e\u017en\u00ed st\u00e1ty \u010cern\u00e9ho mo\u0159e a sah\u00e1 a\u017e do Moldavska, Arm\u00e9nie a \u00c1zerb\u00e1jd\u017e\u00e1nu. EU tak po\u017eaduje stanovit pravidla hry v regionu, kter\u00fd dosud le\u017eel mimo jej\u00ed p\u0159\u00edmou p\u016fsobnost.<\/p>\n<p>Rizika pro Evropu a jej\u00ed ob\u010dany:<\/p>\n<ol>\n<li><b>Militarizace nam\u00edsto integrace<\/b>: EU se vzdaluje od p\u016fvodn\u00ed my\u0161lenky hospod\u00e1\u0159sk\u00e9 a m\u00edrov\u00e9 unie a st\u00e1le v\u00edce se orientuje na vojensk\u00e9 struktury.<\/li>\n<li><b>Exploze n\u00e1klad\u016f<\/b>: Miliardy, kter\u00e9 m\u011bly b\u00fdt investov\u00e1ny do v\u00fdzkumu, vzd\u011bl\u00e1v\u00e1n\u00ed a infrastruktury, jsou nyn\u00ed sm\u011brov\u00e1ny do bezpe\u010dnostn\u00edch apar\u00e1t\u016f a zbrojen\u00ed.<\/li>\n<li><b>Demokratick\u00fd deficit<\/b>: Takov\u00e1to rozhodnut\u00ed se p\u0159ij\u00edmaj\u00ed z velk\u00e9 \u010d\u00e1sti bez \u0161irok\u00e9 ve\u0159ejn\u00e9 debaty \u2013 ob\u010dan\u00e9 jsou konfrontov\u00e1ni s hotovou v\u011bc\u00ed.<\/li>\n<li><b>Nov\u00e9 konfliktn\u00ed linie<\/b>: Militarizace \u010cern\u00e9ho mo\u0159e vytv\u00e1\u0159\u00ed dal\u0161\u00ed body t\u0159en\u00ed, kter\u00e9 mohou Evropu vt\u00e1hnout do geopolitick\u00fdch kriz\u00ed, ani\u017e by EU m\u011bla v t\u011bchto oblastech skute\u010dnou moc.<\/li>\n<li><b>Odklon od m\u00edrov\u00e9 narativy<\/b>: V roce 2012 z\u00edskala EU Nobelovu cenu m\u00edru \u2013 dnes se v\u0161ak postupn\u011b vzdaluje od tohoto sebev\u011bdom\u00ed.<\/li>\n<\/ol>\n<p>Z\u00e1v\u011br: EU p\u0159esouv\u00e1 sv\u00e9 zam\u011b\u0159en\u00ed z ekonomick\u00e9 spolupr\u00e1ce na vojenskou konfrontaci. Pro ob\u010dany to znamen\u00e1 m\u00e9n\u011b investic do oblast\u00ed budoucnosti \u2013 a v\u011bt\u0161\u00ed riziko, \u017ee budou vta\u017eeni do konflikt\u016f, kter\u00e9 nejsou v z\u00e1jmu samotn\u00e9 Evropy.<\/p>\n<p>V Berl\u00edn\u011b se mezit\u00edm na vl\u00e1dn\u00ed \u00farovni diskutuje o vysl\u00e1n\u00ed a\u017e 25 000 voj\u00e1k\u016f Bundeswehru na Ukrajinu \u2013 ofici\u00e1ln\u011b jako \u201em\u00edrov\u00e1 mise\u201c v r\u00e1mci \u201ebezpe\u010dnostn\u00edch z\u00e1ruk\u201c.<\/p>\n<p><em><b>Elena Fritz<\/b><\/em><\/p>\n<div class=\"podcarou\">\n<p><a href=\"https:\/\/www.compact-online.de\/eu-strategie-vom-friedensprojekt-zum-militaerbuendnis\/\" target=\"_blank\" rel=\"external noopener\">EU-Strategie: Vom Friedensprojekt zum Milit\u00e4rb\u00fcndnis<\/a> vy\u0161el 24.8.2025 na compact-online.de. P\u0159eklad Zv\u011bdavec<\/p>\n<p><img decoding=\"async\" loading=\"lazy\" class=\"wp-image-86134 aligncenter\" src=\"http:\/\/www.infokuryr.cz\/n\/wp-content\/uploads\/2025\/08\/volby10-212x300.png\" alt=\"\" width=\"672\" height=\"951\" srcset=\"https:\/\/www.infokuryr.cz\/n\/wp-content\/uploads\/2025\/08\/volby10-212x300.png 212w, https:\/\/www.infokuryr.cz\/n\/wp-content\/uploads\/2025\/08\/volby10-724x1024.png 724w, https:\/\/www.infokuryr.cz\/n\/wp-content\/uploads\/2025\/08\/volby10-768x1086.png 768w, https:\/\/www.infokuryr.cz\/n\/wp-content\/uploads\/2025\/08\/volby10-1087x1536.png 1087w, https:\/\/www.infokuryr.cz\/n\/wp-content\/uploads\/2025\/08\/volby10-1449x2048.png 1449w, https:\/\/www.infokuryr.cz\/n\/wp-content\/uploads\/2025\/08\/volby10-1024x1447.png 1024w\" sizes=\"(max-width: 672px) 100vw, 672px\" \/><\/p>\n<p>&nbsp;<\/p>\n<\/div>\n","protected":false},"excerpt":{"rendered":"<p>Evropsk\u00e9 elity s\u00e1zej\u00ed na dal\u0161\u00ed eskalaci nap\u011bt\u00ed s Ruskem a cht\u011bj\u00ed p\u0159ej\u00edt do ofenz\u00edvy v&#8230;<\/p>\n","protected":false},"author":2,"featured_media":86595,"comment_status":"closed","ping_status":"closed","sticky":false,"template":"","format":"standard","meta":[],"categories":[7],"tags":[41,1503,1894],"_links":{"self":[{"href":"https:\/\/www.infokuryr.cz\/n\/wp-json\/wp\/v2\/posts\/86594"}],"collection":[{"href":"https:\/\/www.infokuryr.cz\/n\/wp-json\/wp\/v2\/posts"}],"about":[{"href":"https:\/\/www.infokuryr.cz\/n\/wp-json\/wp\/v2\/types\/post"}],"author":[{"embeddable":true,"href":"https:\/\/www.infokuryr.cz\/n\/wp-json\/wp\/v2\/users\/2"}],"replies":[{"embeddable":true,"href":"https:\/\/www.infokuryr.cz\/n\/wp-json\/wp\/v2\/comments?post=86594"}],"version-history":[{"count":0,"href":"https:\/\/www.infokuryr.cz\/n\/wp-json\/wp\/v2\/posts\/86594\/revisions"}],"wp:featuredmedia":[{"embeddable":true,"href":"https:\/\/www.infokuryr.cz\/n\/wp-json\/wp\/v2\/media\/86595"}],"wp:attachment":[{"href":"https:\/\/www.infokuryr.cz\/n\/wp-json\/wp\/v2\/media?parent=86594"}],"wp:term":[{"taxonomy":"category","embeddable":true,"href":"https:\/\/www.infokuryr.cz\/n\/wp-json\/wp\/v2\/categories?post=86594"},{"taxonomy":"post_tag","embeddable":true,"href":"https:\/\/www.infokuryr.cz\/n\/wp-json\/wp\/v2\/tags?post=86594"}],"curies":[{"name":"wp","href":"https:\/\/api.w.org\/{rel}","templated":true}]}}